{"id":117001,"date":"2025-12-15T13:10:09","date_gmt":"2025-12-15T13:10:09","guid":{"rendered":"https:\/\/www.europesays.com\/fi\/117001\/"},"modified":"2025-12-15T13:10:09","modified_gmt":"2025-12-15T13:10:09","slug":"metsahallitus-alkaa-selvittaa-maastoliikenteen-nykytilaa-enontekion-inarin-ja-utsjoen-kuntien-alueella-ajankohtaista","status":"publish","type":"post","link":"https:\/\/www.europesays.com\/fi\/117001\/","title":{"rendered":"Mets\u00e4hallitus alkaa selvitt\u00e4\u00e4 maastoliikenteen nykytilaa Enonteki\u00f6n, Inarin ja Utsjoen kuntien alueella &#8211; Ajankohtaista"},"content":{"rendered":"<p>Nykyisill\u00e4 lupak\u00e4yt\u00e4nn\u00f6ill\u00e4 ei voida varmistua, ettei moottorikelkkailusta aiheutuisi haittoja luonnolle<\/p>\n<p class=\"!text-style-bodym mb-4 text-primary-black last:mb-0\">Inarin, Utsjoen ja Enonteki\u00f6n kuntalaisilla on mahdollisuus hakea lupaa laajaan moottorikelkkailuun lumipeitteisen\u00e4 aikana valtion mailla omassa kotikunnassaan. Mets\u00e4hallitus my\u00f6nt\u00e4\u00e4 ilmaisen luvan kaikille kuntalaisille, joilla on tarve liikkua maastossa talviaikaan. Kuntalaisten maastoliikenneluvalla ei saa ajaa kansallispuistoissa tai luonnonpuistoissa.<\/p>\n<p class=\"!text-style-bodym mb-4 text-primary-black last:mb-0\">Nykyiset lupak\u00e4yt\u00e4nn\u00f6t perustuvat edellist\u00e4 maastoliikennelakia (670\/1991) s\u00e4\u00e4dett\u00e4ess\u00e4 esitettyyn eduskunnan tahtotilaan ja liikennevaliokunnan mietint\u00f6\u00f6n. Lumipeitteisen ajan maastoliikennelupien m\u00e4\u00e4r\u00e4 on l\u00e4hes kymmenkertaistunut vuodesta 1994.<\/p>\n<p class=\"!text-style-bodym mb-4 text-primary-black last:mb-0\">&#8221;Nykyisill\u00e4 lupak\u00e4yt\u00e4nn\u00f6ill\u00e4 emme voi varmistua siit\u00e4, ettei moottorikelkkailusta aiheutuisi haittoja luonnolle. My\u00f6s kasvava kansainv\u00e4linen matkailu lis\u00e4\u00e4 maastossa liikkumista lumivarmoilla alueilla. Olemme my\u00f6s vuosia saaneet maastoliikenteest\u00e4 palautetta ja kehitysehdotuksia useilta tahoilta aina viranomaisista tavallisiin luonnossa liikkujiin&#8221;, yhteysp\u00e4\u00e4llikk\u00f6 <strong class=\"!text-style-bodym-emphasis text-primary-black\">Olli Lipponen<\/strong> Mets\u00e4hallituksen Luontopalveluista taustoittaa syit\u00e4 tulevalle selvitykselle.<\/p>\n<p class=\"!text-style-bodym mb-4 text-primary-black last:mb-0\">H\u00e4iri\u00f6lle herkkien luontoarvojen sek\u00e4 luontaiselinkeinojen toimintaymp\u00e4rist\u00f6n turvaaminen kuuluu Mets\u00e4hallituksen lakis\u00e4\u00e4teisiin velvollisuuksiin.<\/p>\n<p class=\"!text-style-bodym mb-4 text-primary-black last:mb-0\">Selvitykseen on tarkoitus ker\u00e4t\u00e4 materiaalia vuoden 2026 ajan. Kun selvitys on valmistunut, Mets\u00e4hallitus etsii yhdess\u00e4 sidosryhmien kanssa ratkaisuja, miten esimerkiksi lains\u00e4\u00e4d\u00e4nt\u00f6\u00e4 muuttamalla ongelmia voitaisiin v\u00e4hent\u00e4\u00e4.<\/p>\n<p>Mets\u00e4hallitus ker\u00e4\u00e4 kuntalaisten n\u00e4kemyksi\u00e4 maastoliikenteest\u00e4, kysely auki<\/p>\n<p class=\"!text-style-bodym mb-4 text-primary-black last:mb-0\">Mets\u00e4hallitus on avannut kaikille kuntalaisille avoimen kyselyn, jossa kartoitetaan kuntalaisten maastoliikenteen m\u00e4\u00e4r\u00e4\u00e4 ja syit\u00e4. Kyselyn kautta paikalliset saavat kertoa huolia, toiveita ja muita n\u00e4kemyksi\u00e4 maastoliikenteest\u00e4. Kyselyyn voi vastata: <a class=\"!text-primary-blue-dark !underline *:!text-primary-blue-dark *:!underline hover:!text-secondary-blue-dark *:hover:!text-secondary-blue-dark\" href=\"https:\/\/link.webropolsurveys.com\/Participation\/Public\/b342bfc6-ecde-4e7e-8b40-dde75265eeca?displayId=Fin3529682\" rel=\"nofollow noopener\" target=\"_blank\">Maastoliikenne kolmessa pohjoisessa kunnassa -kysely (webropolsurveys.com)<\/a>.<\/p>\n<p class=\"!text-style-bodym mb-4 text-primary-black last:mb-0\">Kysely on auki 15.12.2025 &#8211; 30.4.2026.<\/p>\n<p class=\"!text-style-bodym mb-4 text-primary-black last:mb-0\">&#8221;Toivomme, ett\u00e4 mahdollisimman moni Enonteki\u00f6n, Inarin ja Utsjoen kuntalainen vastaisi kyselyyn. N\u00e4in saamme hyv\u00e4\u00e4 taustatietoa maastoliikennelupien k\u00e4yt\u00f6st\u00e4 ja mahdollisimman laajasti kuntalaisten n\u00e4kemyksi\u00e4 asiasta. Tavoitteenamme on saada muodostettua mahdollisimman hyv\u00e4 tilannekuva maastoliikenteest\u00e4 kuntien alueella t\u00e4ll\u00e4 hetkell\u00e4&#8221;, Lipponen sanoo.<\/p>\n<p class=\"!text-style-bodym mb-4 text-primary-black last:mb-0\">Kuntalaiskyselyn lis\u00e4ksi Mets\u00e4hallitus haastattelee selvityst\u00e4 varten kymmeni\u00e4 viranomaisten, paliskuntien, saamelaisk\u00e4r\u00e4jien, matkailuyritysten ja kuntien edustajia.<\/p>\n","protected":false},"excerpt":{"rendered":"Nykyisill\u00e4 lupak\u00e4yt\u00e4nn\u00f6ill\u00e4 ei voida varmistua, ettei moottorikelkkailusta aiheutuisi haittoja luonnolle Inarin, Utsjoen ja Enonteki\u00f6n kuntalaisilla on mahdollisuus hakea&hellip;\n","protected":false},"author":2,"featured_media":117002,"comment_status":"","ping_status":"","sticky":false,"template":"","format":"standard","meta":{"footnotes":""},"categories":[5],"tags":[22,23,26,27,33,31,30,17,24,25,28,29,15,18,21,32,19,20,16],"class_list":{"0":"post-117001","1":"post","2":"type-post","3":"status-publish","4":"format-standard","5":"has-post-thumbnail","7":"category-otsikot","8":"tag-breaking-news","9":"tag-breakingnews","10":"tag-featured-news","11":"tag-featurednews","12":"tag-fi","13":"tag-finland","14":"tag-finnish","15":"tag-headlines","16":"tag-latest-news","17":"tag-latestnews","18":"tag-main-news","19":"tag-mainnews","20":"tag-news","21":"tag-otsikot","22":"tag-paauutiset","23":"tag-suomi","24":"tag-top-stories","25":"tag-topstories","26":"tag-uutiset"},"share_on_mastodon":{"url":"https:\/\/pubeurope.com\/@fi\/115723752193246500","error":""},"_links":{"self":[{"href":"https:\/\/www.europesays.com\/fi\/wp-json\/wp\/v2\/posts\/117001","targetHints":{"allow":["GET"]}}],"collection":[{"href":"https:\/\/www.europesays.com\/fi\/wp-json\/wp\/v2\/posts"}],"about":[{"href":"https:\/\/www.europesays.com\/fi\/wp-json\/wp\/v2\/types\/post"}],"author":[{"embeddable":true,"href":"https:\/\/www.europesays.com\/fi\/wp-json\/wp\/v2\/users\/2"}],"replies":[{"embeddable":true,"href":"https:\/\/www.europesays.com\/fi\/wp-json\/wp\/v2\/comments?post=117001"}],"version-history":[{"count":0,"href":"https:\/\/www.europesays.com\/fi\/wp-json\/wp\/v2\/posts\/117001\/revisions"}],"wp:featuredmedia":[{"embeddable":true,"href":"https:\/\/www.europesays.com\/fi\/wp-json\/wp\/v2\/media\/117002"}],"wp:attachment":[{"href":"https:\/\/www.europesays.com\/fi\/wp-json\/wp\/v2\/media?parent=117001"}],"wp:term":[{"taxonomy":"category","embeddable":true,"href":"https:\/\/www.europesays.com\/fi\/wp-json\/wp\/v2\/categories?post=117001"},{"taxonomy":"post_tag","embeddable":true,"href":"https:\/\/www.europesays.com\/fi\/wp-json\/wp\/v2\/tags?post=117001"}],"curies":[{"name":"wp","href":"https:\/\/api.w.org\/{rel}","templated":true}]}}