{"id":117009,"date":"2025-12-15T13:29:11","date_gmt":"2025-12-15T13:29:11","guid":{"rendered":"https:\/\/www.europesays.com\/fi\/117009\/"},"modified":"2025-12-15T13:29:11","modified_gmt":"2025-12-15T13:29:11","slug":"karhu-on-kuollut","status":"publish","type":"post","link":"https:\/\/www.europesays.com\/fi\/117009\/","title":{"rendered":"\u201dKarhu\u201d on kuollut"},"content":{"rendered":"<p>Josef Hore\u0161ovsk\u00fd menestyi sek\u00e4 pelaajana ett\u00e4 valmentajana.<\/p>\n<p><img decoding=\"async\" class=\"image image-show image-preview\" src=\"https:\/\/www.europesays.com\/fi\/wp-content\/uploads\/2025\/12\/4f615ee2903f6086cbfc2e58f3a6c245f3df7e5ceef6ddaaf8188dc12dfda898.jpg\" alt=\"\"\/><img decoding=\"async\" class=\"image image-show\" src=\"https:\/\/www.europesays.com\/fi\/wp-content\/uploads\/2025\/12\/1765805349_469_4f615ee2903f6086cbfc2e58f3a6c245f3df7e5ceef6ddaaf8188dc12dfda898.jpg\" alt=\"\"\/><\/p>\n<p>Josef Hore\u0161ovsk\u00fd kuvattuna tammikuussa 1968. AOP<\/p>\n<p class=\"paragraph\">T\u0161ekkil\u00e4inen j\u00e4\u00e4kiekkolegenda <a href=\"https:\/\/www.iltalehti.fi\/henkilot\/Josef Hore\u0161ovsk\u00fd\" class=\"article-link-person-page\" rel=\"nofollow noopener\" target=\"_blank\">Josef Hore\u0161ovsk\u00fd<\/a> on kuollut. Asiasta kertovat useat t\u0161ekkimediat.<\/p>\n<p class=\"paragraph\">\u2013 Terveysongelmien j\u00e4lkeen Sparta Prahan ja t\u0161ekkil\u00e4isen j\u00e4\u00e4kiekon legenda, herra Josef Hore\u0161ovsk\u00fd, on poissa. H\u00e4n kuoli 15. joulukuuta, Sparta Praha kertoi <a href=\"https:\/\/www.hcsparta.cz\/clanek.asp?id=Zemrela-legenda-Sparty-pan-Josef-Horesovsky-17407\" rel=\"noopener nofollow\" target=\"_blank\">verkkosivuillaan<\/a>.<\/p>\n<p class=\"paragraph\">H\u00e4n oli kuollessaan 79-vuotias.<\/p>\n<p class=\"paragraph\">Isokokoinen puolustaja tunnettiin kaukalossa lempinimell\u00e4 \u201dKarhu\u201d.<\/p>\n<p class=\"paragraph\">Pelaajaurallaan h\u00e4n voitti kaksi T\u0161ekkoslovakian mestaruutta Dukla Jihlavan joukkueessa vuosina 1970 ja 1971.<\/p>\n<p class=\"paragraph\">H\u00e4n lopetti pelaajauransa kauteen 1977\u201378.<\/p>\n<p class=\"paragraph\">T\u0161ekkil\u00e4isen <a href=\"https:\/\/www.sport.cz\/clanek\/hokej-zemrela-legenda-sparty-a-mistr-sveta-z-prahy-1972-josef-horesovsky-5356854\" rel=\"noopener nofollow\" target=\"_blank\">Sport-sivuston<\/a> mukaan puolustajalle oli laadittu NHL-sopimus St. Louis Bluesin kanssa, mutta Hore\u0161ovsk\u00fd ei halunnut muuttaa ulkomaille.<\/p>\n<p class=\"paragraph\">Hore\u0161ovsk\u00fd jatkoi j\u00e4\u00e4kiekon parissa ja jatkoi valmennusuralle.<\/p>\n<p class=\"paragraph\">H\u00e4nen ensimm\u00e4inen pestins\u00e4 Sparta Prahan p\u00e4\u00e4valmentajana 1980-luvun alussa ei tuonut menestyst\u00e4. Hore\u0161ovsk\u00fd valmensi h\u00e4nelle rakasta seuraa kuitenkin toistamiseen 90-luvulla, ja toinen jakso seurassa oli menestyksek\u00e4s: Hore\u0161ovsk\u00fd toimi apuvalmentajana Spartan mestaruusjoukkueissa vuosina 1990 ja 1993<\/p>\n<p class=\"paragraph\">Hore\u0161ovsk\u00fd voitti pelaajana maailmanmestaruuden vuonna 1972.<\/p>\n<p><a href=\"https:\/\/www.iltalehti.fi\/telkku\/?utm_source=iltalehti.fi&amp;utm_medium=almainternal&amp;utm_campaign=urheilu_artikkelibanneri&amp;utm_content=banner_612_a\" rel=\"nofollow noopener\" target=\"_blank\"><img decoding=\"async\" src=\"https:\/\/www.europesays.com\/fi\/wp-content\/uploads\/2025\/08\/7ef604e47d46ca174b7df4149bd3557dbde56a86d520f8e1b2125548b0a2e03a.png\" alt=\"TV-ohjelmat t\u00e4n\u00e4\u00e4n, TV-opas\"\/><\/a><\/p>\n","protected":false},"excerpt":{"rendered":"Josef Hore\u0161ovsk\u00fd menestyi sek\u00e4 pelaajana ett\u00e4 valmentajana. Josef Hore\u0161ovsk\u00fd kuvattuna tammikuussa 1968. AOP T\u0161ekkil\u00e4inen j\u00e4\u00e4kiekkolegenda Josef Hore\u0161ovsk\u00fd on&hellip;\n","protected":false},"author":2,"featured_media":117010,"comment_status":"","ping_status":"","sticky":false,"template":"","format":"standard","meta":{"footnotes":""},"categories":[158],"tags":[35,1274,33,31,30,1143,41,1146,159,32,1145,160],"class_list":{"0":"post-117009","1":"post","2":"type-post","3":"status-publish","4":"format-standard","5":"has-post-thumbnail","7":"category-urheilu","8":"tag-24h","9":"tag-ammattiurheilu","10":"tag-fi","11":"tag-finland","12":"tag-finnish","13":"tag-jaakiekko","14":"tag-liikunta-ja-urheilu","15":"tag-miesten-jaakiekko","16":"tag-sports","17":"tag-suomi","18":"tag-talviurheilu","19":"tag-urheilu"},"share_on_mastodon":{"url":"https:\/\/pubeurope.com\/@fi\/115723827258404410","error":""},"_links":{"self":[{"href":"https:\/\/www.europesays.com\/fi\/wp-json\/wp\/v2\/posts\/117009","targetHints":{"allow":["GET"]}}],"collection":[{"href":"https:\/\/www.europesays.com\/fi\/wp-json\/wp\/v2\/posts"}],"about":[{"href":"https:\/\/www.europesays.com\/fi\/wp-json\/wp\/v2\/types\/post"}],"author":[{"embeddable":true,"href":"https:\/\/www.europesays.com\/fi\/wp-json\/wp\/v2\/users\/2"}],"replies":[{"embeddable":true,"href":"https:\/\/www.europesays.com\/fi\/wp-json\/wp\/v2\/comments?post=117009"}],"version-history":[{"count":0,"href":"https:\/\/www.europesays.com\/fi\/wp-json\/wp\/v2\/posts\/117009\/revisions"}],"wp:featuredmedia":[{"embeddable":true,"href":"https:\/\/www.europesays.com\/fi\/wp-json\/wp\/v2\/media\/117010"}],"wp:attachment":[{"href":"https:\/\/www.europesays.com\/fi\/wp-json\/wp\/v2\/media?parent=117009"}],"wp:term":[{"taxonomy":"category","embeddable":true,"href":"https:\/\/www.europesays.com\/fi\/wp-json\/wp\/v2\/categories?post=117009"},{"taxonomy":"post_tag","embeddable":true,"href":"https:\/\/www.europesays.com\/fi\/wp-json\/wp\/v2\/tags?post=117009"}],"curies":[{"name":"wp","href":"https:\/\/api.w.org\/{rel}","templated":true}]}}