{"id":117015,"date":"2025-12-15T13:34:11","date_gmt":"2025-12-15T13:34:11","guid":{"rendered":"https:\/\/www.europesays.com\/fi\/117015\/"},"modified":"2025-12-15T13:34:11","modified_gmt":"2025-12-15T13:34:11","slug":"marokon-akkitulvissa-kuoli-37-useita-loukkaantui","status":"publish","type":"post","link":"https:\/\/www.europesays.com\/fi\/117015\/","title":{"rendered":"Marokon \u00e4kkitulvissa kuoli 37 \u2013 useita loukkaantui"},"content":{"rendered":"<p>Rankkasateet aiheuttivat tulvia Safissa.<\/p>\n<p class=\"article-body mb-nof-24 px-nof-16\">Ainakin 37 ihmist\u00e4 on kuollut \u00e4kkitulvissa Marokon Safissa, Marokon viranomaiset kertoivat lauantaina Reutersin mukaan.<\/p>\n<p class=\"article-body mb-nof-24 px-nof-16\">14 ihmist\u00e4 on yh\u00e4 sairaalahoidossa. Heist\u00e4 kaksi on tehohoidossa.<\/p>\n<p class=\"article-body mb-nof-24 px-nof-16\">Sunnuntaisissa rankkasateissa tuhoutui koteja ja kauppoja Safin vanhassa kaupungissa, noin 300 kilometrin p\u00e4\u00e4ss\u00e4 Marokon p\u00e4\u00e4kaupungista Rabatista.<\/p>\n<p class=\"article-body mb-nof-24 px-nof-16\">Koulut olivat maanantaina suljettuja.<\/p>\n<p class=\"article-body mb-nof-24 px-nof-16\">Marokossa on k\u00e4rsitty rankkasateista ja lumesta Atlas-vuorilla seitsem\u00e4n vuoden kuivuuden j\u00e4lkeen.<\/p>\n","protected":false},"excerpt":{"rendered":"Rankkasateet aiheuttivat tulvia Safissa. Ainakin 37 ihmist\u00e4 on kuollut \u00e4kkitulvissa Marokon Safissa, Marokon viranomaiset kertoivat lauantaina Reutersin mukaan.&hellip;\n","protected":false},"author":2,"featured_media":117016,"comment_status":"","ping_status":"","sticky":false,"template":"","format":"standard","meta":{"footnotes":""},"categories":[14],"tags":[22,23,26,27,33,31,30,17,34,24,25,28,29,15,18,21,32,19,20,56,16,59,60,61],"class_list":{"0":"post-117015","1":"post","2":"type-post","3":"status-publish","4":"format-standard","5":"has-post-thumbnail","7":"category-ulkomaat","8":"tag-breaking-news","9":"tag-breakingnews","10":"tag-featured-news","11":"tag-featurednews","12":"tag-fi","13":"tag-finland","14":"tag-finnish","15":"tag-headlines","16":"tag-ilta-sanomat","17":"tag-latest-news","18":"tag-latestnews","19":"tag-main-news","20":"tag-mainnews","21":"tag-news","22":"tag-otsikot","23":"tag-paauutiset","24":"tag-suomi","25":"tag-top-stories","26":"tag-topstories","27":"tag-ulkomaat","28":"tag-uutiset","29":"tag-world","30":"tag-world-news","31":"tag-worldnews"},"share_on_mastodon":{"url":"https:\/\/pubeurope.com\/@fi\/115723846626911268","error":""},"_links":{"self":[{"href":"https:\/\/www.europesays.com\/fi\/wp-json\/wp\/v2\/posts\/117015","targetHints":{"allow":["GET"]}}],"collection":[{"href":"https:\/\/www.europesays.com\/fi\/wp-json\/wp\/v2\/posts"}],"about":[{"href":"https:\/\/www.europesays.com\/fi\/wp-json\/wp\/v2\/types\/post"}],"author":[{"embeddable":true,"href":"https:\/\/www.europesays.com\/fi\/wp-json\/wp\/v2\/users\/2"}],"replies":[{"embeddable":true,"href":"https:\/\/www.europesays.com\/fi\/wp-json\/wp\/v2\/comments?post=117015"}],"version-history":[{"count":0,"href":"https:\/\/www.europesays.com\/fi\/wp-json\/wp\/v2\/posts\/117015\/revisions"}],"wp:featuredmedia":[{"embeddable":true,"href":"https:\/\/www.europesays.com\/fi\/wp-json\/wp\/v2\/media\/117016"}],"wp:attachment":[{"href":"https:\/\/www.europesays.com\/fi\/wp-json\/wp\/v2\/media?parent=117015"}],"wp:term":[{"taxonomy":"category","embeddable":true,"href":"https:\/\/www.europesays.com\/fi\/wp-json\/wp\/v2\/categories?post=117015"},{"taxonomy":"post_tag","embeddable":true,"href":"https:\/\/www.europesays.com\/fi\/wp-json\/wp\/v2\/tags?post=117015"}],"curies":[{"name":"wp","href":"https:\/\/api.w.org\/{rel}","templated":true}]}}