{"id":117021,"date":"2025-12-15T13:48:16","date_gmt":"2025-12-15T13:48:16","guid":{"rendered":"https:\/\/www.europesays.com\/fi\/117021\/"},"modified":"2025-12-15T13:48:16","modified_gmt":"2025-12-15T13:48:16","slug":"viivi-lehtonen-asui-3-vuotta-pakettiautossa-%e2%88%92-nain-paljon-se-maksoi","status":"publish","type":"post","link":"https:\/\/www.europesays.com\/fi\/117021\/","title":{"rendered":"Viivi Lehtonen asui 3 vuotta pakettiautossa \u2212 n\u00e4in paljon se maksoi"},"content":{"rendered":"<p class=\"ingress\">Viivi Lehtonen oli uupunut ty\u00f6ss\u00e4\u00e4n sairaanhoitajana ja kaipasi muutosta. Silloin kumppani ehdotti pakettiauton ostamista.<\/p>\n<p>Vuonna 2020 makuuhuoneen ikkunasta n\u00e4kyi vain kaistale vastap\u00e4ist\u00e4 taloa ja <strong>Viivi Lehtonen<\/strong>\u00a0haaveili olevansa jossain muualla. H\u00e4n oli uupumuksen vuoksi j\u00e4tt\u00e4nyt p\u00e4iv\u00e4ty\u00f6ns\u00e4 sairaanhoitajana ja siirtynyt ohjaamaan joogatunteja yritt\u00e4j\u00e4n\u00e4.  Se ei kuitenkaan tuntunut riitt\u00e4v\u00e4n.\u00a0<\/p>\n<p>Kaipuu hiljaisuuteen ja luontoon oli niin suuri, ja Viivi katseli ilmoituksia mummonm\u00f6keist\u00e4 maaseudulla. H\u00e4n olisi saattanut p\u00e4\u00e4ty\u00e4 ostamaankin sellaisen, ellei kumppani <strong>Akseli M\u00e4kynen<\/strong>\u00a0olisi huomauttanut, ett\u00e4 matkustelusta nauttiva Viivi ei v\u00e4ltt\u00e4m\u00e4tt\u00e4 haluaisi j\u00e4\u00e4d\u00e4 paikoilleen.<\/p>\n<p>Kun Akseli heitti ilmoille ajatuksen pakettiautoon muuttamisesta, Viivi tiesi oikean ratkaisun l\u00f6ytyneen.<\/p>\n<p>\u201dAjatus el\u00e4m\u00e4st\u00e4 tien p\u00e4\u00e4ll\u00e4 vei niin kovaa. Ajattelin, ett\u00e4 menen kokeilemaan ja jos se ei tunnukaan hyv\u00e4lt\u00e4, aina p\u00e4\u00e4see takaisin.\u201d<\/p>\n<p><strong>Lue my\u00f6s:<\/strong> <a href=\"https:\/\/anna.fi\/ihmiset\/talous\/aino-huilaja-elamanmuutos-nakyy-lompakossa-ja-muuallakin-kun-kayn-helsingissa-vanhalla-kampaajallani-han-nauraa\" rel=\"nofollow noopener\" target=\"_blank\">Aino Huilajan el\u00e4m\u00e4nmuutos n\u00e4kyy lompakossa ja muuallakin: \u201dKun k\u00e4yn Helsingiss\u00e4 vanhalla kampaajallani, h\u00e4n nauraa\u201d<\/a><\/p>\n<p>Takaisin ei tarvinnut k\u00e4\u00e4nty\u00e4. Viivi on asunut pakettiautossa viimeiset kolme vuotta, ja sittemmin h\u00e4nen arjestaan on tullut suosittua seurattavaa my\u00f6s sosiaalisessa mediassa. Oman onlinejoogastudio Koti Shalan sek\u00e4 lis\u00e4ksi sosiaalisen median vaikuttajaty\u00f6n kattava yritystoiminta on pitk\u00e4lti pakettiautoon muuttamisen ansiota, sill\u00e4 Viivin oli keksitt\u00e4v\u00e4, miten ty\u00f6llist\u00e4\u00e4 itsens\u00e4 Etel\u00e4-Euroopasta k\u00e4sin.<\/p>\n<p>    <a href=\"https:\/\/anna.fi\/wp-content\/uploads\/2025\/10\/viivi1.jpeg\" rel=\"nofollow noopener\" target=\"_blank\"><img fetchpriority=\"high\" decoding=\"async\" alt=\"\" class=\"wp-image-680407 awpo-lqip awpo-lazy\" width=\"1219\" height=\"2000\" style=\"--aspect-ratio: 0.61\" src=\"https:\/\/www.europesays.com\/fi\/wp-content\/uploads\/2025\/12\/viivi1.jpeg\"\/><\/a><br \/>\n      Viivi pystyi pakettiautossa el\u00e4tt\u00e4m\u00e4\u00e4n itsens\u00e4 muun muassa onlinejoogatunteja ohjaamalla.      <\/p>\n<p>          \u00a9 Akseli M\u00e4kynen        <\/p>\n<p>Nyt toiminta on laajentunut jo niin paljon, ett\u00e4 h\u00e4n voi el\u00e4tt\u00e4\u00e4 itsens\u00e4 sill\u00e4.\u00a0Mutta tien p\u00e4\u00e4ll\u00e4 Viivi ei en\u00e4\u00e4 ole. H\u00e4n muutti puolisonsa kanssa hiljattain Helsinkiin oltuaan tien p\u00e4\u00e4ll\u00e4 kolme vuotta.<\/p>\n<p>Miksi pariskunta j\u00e4tti taakseen pakettiautoel\u00e4m\u00e4n?<\/p>\n<p>P\u00e4\u00e4t\u00f6s oli vaikea, Viivi my\u00f6nt\u00e4\u00e4. Samalla kun oli letke\u00e4\u00e4 surffikylien el\u00e4m\u00e4nmenoa Portugalissa, oli my\u00f6s haasteita saada edes arkiset askareet hoidetuiksi.\u00a0<\/p>\n<p>Valokuvaajapuolison kanssa tila pakettiautossa alkoi k\u00e4yd\u00e4 rajalliseksi kahden ihmisen luovalle ty\u00f6lle, ja pelk\u00e4st\u00e4\u00e4n kaikkien laitteiden saaminen ladatuiksi oli oma ohjelmanumeronsa p\u00e4iv\u00e4ss\u00e4. Tietokoneiden ja kameroiden akkuja latailtiin milloin paikallisissa hampurilaispaikoissa, milloin tavarataloissa.\u00a0<\/p>\n<p>\u201dMeill\u00e4 oli olo, ett\u00e4 olisi kiva tulla Suomeen ja viett\u00e4\u00e4 enemm\u00e4n aikaa yst\u00e4vien ja perheen kanssa, mutta my\u00f6s laajentaa yritystoimintaa. Kaikki asiakkuudet ovat Suomessa.\u201d<\/p>\n<p>    <a href=\"https:\/\/anna.fi\/wp-content\/uploads\/2025\/10\/viivi3-rotated.jpeg\" rel=\"nofollow noopener\" target=\"_blank\"><img loading=\"lazy\" decoding=\"async\" alt=\"\" class=\"wp-image-680401 awpo-lqip awpo-lazy\" width=\"1333\" height=\"2000\" style=\"--aspect-ratio: 0.67\" src=\"https:\/\/www.europesays.com\/fi\/wp-content\/uploads\/2025\/12\/viivi3-rotated.jpeg\"\/><\/a><br \/>\n      Pakettiautossa elettyjen vuosien aikana Viivi halusi priorisoida aikaansa ty\u00f6nteon sijaan muun muassa surffaamiseen.      <\/p>\n<p>          \u00a9 Akseli M\u00e4kynen        <\/p>\n<p><strong>Pakettiautoel\u00e4m\u00e4 voi olla yll\u00e4tt\u00e4v\u00e4n<\/strong><\/p>\n<p>Viivi ja Akseli j\u00e4rjestiv\u00e4t el\u00e4m\u00e4ns\u00e4 siten, ett\u00e4 tekiv\u00e4t vain hyvin osa-aikaista ty\u00f6aikaa pakettiautossa asuessaan. Viivin mukaan suurempi ty\u00f6m\u00e4\u00e4r\u00e4 ei todenn\u00e4k\u00f6isesti olisi ollut mahdollinenkaan, sill\u00e4 t\u00f6iden toteuttamisessa meni teknisten j\u00e4rjestelyiden vuoksi jo niin paljon aikaa.\u00a0<\/p>\n<p>Jos t\u00f6it\u00e4 tekee vain osa-aikaisesti, lienee selv\u00e4\u00e4, ett\u00e4 my\u00f6s tulotaso on sen mukainen. Viivi ja Akseli p\u00e4\u00e4ttiv\u00e4t, ett\u00e4 pyrkisiv\u00e4t pakettiautossa asuminaan vuosina tienaamaan vain sen verran kuin he pakollisiin menoihinsa tarvitsivat. Pakettiautossa ei pyritty s\u00e4\u00e4st\u00e4m\u00e4\u00e4n tuleville vuosille, mutta ei toisaalta tehty tiukkaa budjettiakaan. P\u00e4\u00e4tarkoitus oli kuitenkin tien p\u00e4\u00e4ll\u00e4 nauttia el\u00e4m\u00e4st\u00e4, maisemista ja surffaamisesta.\u00a0<\/p>\n<p>Kuukausittainen budjetti laskettiin karkeasti ja sit\u00e4 s\u00e4\u00e4dettiin sen mukaan, j\u00e4ik\u00f6 kuussa jotain ylim\u00e4\u00e4r\u00e4ist\u00e4 vai pitik\u00f6 rahat laskea tarkemmin. Viivi kuitenkin muistuttaa, ett\u00e4 l\u00e4ht\u00f6kohtaisesti pakettiautossa asuminen oli h\u00e4nelle esimerkiksi Helsingin kantakaupungissa kaksiossa asumista edullisempaa.<\/p>\n<p><strong>Lue my\u00f6s Kotiliesi.fi:<\/strong> <a href=\"https:\/\/kotiliesi.fi\/ihmiset\/valivuosi-italiassa-muutti-mari-rengon-elaman\/\" rel=\"nofollow noopener\" target=\"_blank\">Unelmien vuosi Italiassa muutti l\u00e4\u00e4k\u00e4ri Mari Rengon el\u00e4m\u00e4n suunnan \u2013 \u201dSeh\u00e4n on kuin jostain kirjasta\u201d<\/a><\/p>\n<p>Pakettiauton suurin kuluer\u00e4 oli Viivin kohdalla autolle otetun lainan lyhennys, jota Viivi maksoi 600 euroa kuussa. Sen lis\u00e4ksi kiinteit\u00e4 kuluja olivat esimerkiksi vakuutukset noin sadalla eurolla kuussa sek\u00e4 ruoka usein 200 eurolla kuussa. Kuukausittaiset menot j\u00e4iv\u00e4t joka kuukausi alle 1000 euroon. Jos jonain kuukautena Viivi ja Akseli onnistuivat toteuttamaan jonkin suuremman tilauksen, he saattoivat juhlistaa sit\u00e4 esimerkiksi sy\u00f6m\u00e4ll\u00e4 hienommin ravintolassa.<\/p>\n<p>Yll\u00e4tt\u00e4vi\u00e4kin kustannuksia olisi voinut tulla, mutta Viivi s\u00e4\u00e4styi niilt\u00e4. H\u00e4n my\u00f6s pyrki taklaamaan yll\u00e4tyksi\u00e4 jo ennalta ostamalla uuden auton, jossa oli pitk\u00e4 takuu sek\u00e4 ottamalla vakuutuksia. Vain uusien renkaiden hintalappu p\u00e4\u00e4si yll\u00e4tt\u00e4m\u00e4\u00e4n. Varsinaisia s\u00e4\u00e4st\u00f6j\u00e4 h\u00e4nell\u00e4 ei tien p\u00e4\u00e4lle l\u00e4htiess\u00e4 ollut.<\/p>\n<p>Rahaakin suurempana tekij\u00e4n\u00e4 onnistumisen kannalta Viivi pit\u00e4\u00e4kin sit\u00e4, ett\u00e4 h\u00e4n uskalsi kysy\u00e4 silloiselta ty\u00f6nantajaltaan et\u00e4ty\u00f6mahdollisuuksista. Jos h\u00e4n ei olisi oma-aloitteisesti ehdottanut et\u00e4t\u00f6ihin siirtymist\u00e4, seikkailu tien p\u00e4\u00e4ll\u00e4 ei olisi koskaan mahdollistunut.<\/p>\n<p>\u201dPiti vain uskaltaa kysy\u00e4. Aika moni ajattelee, ettei et\u00e4ty\u00f6 varmaan ole mahdollista ilman, ett\u00e4 kysyy asiasta. Mutta aina kannattaa kysy\u00e4 ja neuvotella.\u201d<\/p>\n<p>    <a href=\"https:\/\/anna.fi\/wp-content\/uploads\/2025\/10\/viivi2-rotated.jpeg\" rel=\"nofollow noopener\" target=\"_blank\"><img loading=\"lazy\" decoding=\"async\" alt=\"\" class=\"wp-image-680402 awpo-lqip awpo-lazy\" width=\"1333\" height=\"2000\" style=\"--aspect-ratio: 0.67\" src=\"https:\/\/www.europesays.com\/fi\/wp-content\/uploads\/2025\/12\/viivi2-rotated.jpeg\"\/><\/a><br \/>\n      Pakettiautossa asumisessa ainutlaatuista oli luonnon \u00e4\u00e4relle p\u00e4\u00e4seminen joka p\u00e4iv\u00e4.      <\/p>\n<p>          \u00a9 Akseli M\u00e4kynen        <\/p>\n<p><strong>Rauhallinen rytmi Helsingiss\u00e4<\/strong><\/p>\n<p>Palataan Alpeilta ja Portugalin rannikolta syksyiseen Helsinkiin. Alppien hiljaisuuden j\u00e4lkeen se on tuntunut Viiville erityisen \u00e4\u00e4nekk\u00e4\u00e4lt\u00e4 ja h\u00e4lyiselt\u00e4. H\u00e4n my\u00f6nt\u00e4\u00e4, ett\u00e4 entiseen kotikaupunkiin asettuminen on vaatinut sopeutumista.<\/p>\n<p>\u201dKun palattiin Helsinkiin kaupungin h\u00e4lin\u00e4\u00e4n pienist\u00e4 kalastajakylist\u00e4, se oli tahdiltaan ja \u00e4\u00e4nitasoltaankin ahdistavaa. Mutta olin varautunut siihen, ett\u00e4 se tulee olemaan hermostolle muutos.\u201d<\/p>\n<p>Pakettiautossa vietetyt vuodet n\u00e4kyv\u00e4t kuitenkin my\u00f6s Viivin ja Akselin uudessa kaupunkikodissa ja ennen kaikkea sen arvoissa. Aikaisemmin kaapit pursuilivat tavaraa ja Viivi kuvailee olleensa melko huoleton ostelija. Sen oli muututtava, kun pakettiautoon muuttaessa joutui luopumaan suuresta osasta omaisuutta ja mukaan sai tilanpuutteen vuoksi vain hyvin rajalliset matkatavarat.<\/p>\n<p>    <a href=\"https:\/\/anna.fi\/wp-content\/uploads\/2025\/10\/viivi4-1-rotated.jpeg\" rel=\"nofollow noopener\" target=\"_blank\"><img loading=\"lazy\" decoding=\"async\" alt=\"\" class=\"wp-image-680403 awpo-lqip awpo-lazy\" width=\"1500\" height=\"2000\" style=\"--aspect-ratio: 0.75\" src=\"https:\/\/www.europesays.com\/fi\/wp-content\/uploads\/2025\/12\/viivi4-1-rotated.jpeg\"\/><\/a><br \/>\n      Pakettiautossa el\u00e4misen rytmi hidastui.      <\/p>\n<p>          \u00a9 Akseli M\u00e4kynen        <\/p>\n<p>Nyt minimalismi on yksi Viivin ja Akselin pysyvist\u00e4 arvoista. Tavarasta luopuminen on auttanut ymm\u00e4rt\u00e4m\u00e4\u00e4n, kuinka pienist\u00e4 asioista tyytyv\u00e4isyys el\u00e4m\u00e4\u00e4n lopulta syntyy.<\/p>\n<p>Tavaran m\u00e4\u00e4r\u00e4 ei ole ainoa, mik\u00e4 arjessa on muuttunut. Viivi haluaa onnistua s\u00e4ilytt\u00e4m\u00e4\u00e4n uudessakin arjessaan pakettiautosta tutun rauhallisen rytmin. H\u00e4n uskoo, ett\u00e4 osaa nyt tietoisesti pysy\u00e4 itsens\u00e4 puolella ja uskollisena uusille rutiineilleen.<\/p>\n<p>Helsingiss\u00e4 nousseet elinkustannukset pakottavat v\u00e4ist\u00e4m\u00e4tt\u00e4 my\u00f6s lis\u00e4\u00e4m\u00e4\u00e4n ty\u00f6m\u00e4\u00e4r\u00e4\u00e4. Aluksi ajatus hirvitti.\u00a0<\/p>\n<p>Viivi kuitenkin huomasi hermostonsa palautuneen uupumuksen j\u00e4lkeen, ja h\u00e4n luottaa nyt jaksavansa uudessa arjessa uupumatta. Turvaa tuo sekin ajatus, ettei mink\u00e4\u00e4n tarvitse olla lopullista.\u00a0<\/p>\n<p>\u201dSelv\u00e4sti t\u00e4ss\u00e4 kohti el\u00e4m\u00e4\u00e4 jaksaminen on oikeasti tosi paljon parempi. Sit\u00e4 voi tunnustella, ett\u00e4 kuinka kauan t\u00e4m\u00e4 tuntuu hyv\u00e4lt\u00e4. Voi hyvin tulla olo, ett\u00e4 haluan el\u00e4m\u00e4lt\u00e4 enemm\u00e4n vaatimattomuutta, muutankin taas pakuun ja teen v\u00e4hemm\u00e4n t\u00f6it\u00e4.\u201d<\/p>\n<p>Viivi ei kuitenkaan usko, ett\u00e4 ilman Helsingist\u00e4 l\u00e4ht\u00f6\u00e4 ongelmat olisivat voineet ratketa. Pakettiautoon muuttaminen ja vanhasta arjesta irtautuminen oli avain siihen, ett\u00e4 Viivi ylip\u00e4\u00e4t\u00e4\u00e4n p\u00e4\u00e4si k\u00e4siksi omiin ajatuksiinsa ja kuuli niit\u00e4, kun ymp\u00e4rill\u00e4 ei h\u00e4lissyt kaupunki.<\/p>\n<p>\u201dSe oli askel itseni puolelle.\u201d<\/p>\n<p>Pakettiautoon, tai mummonm\u00f6kkiin, muuttaminenkaan ei olisi kuitenkaan itsess\u00e4\u00e4n taianomaisesti ratkaissut kaikkia el\u00e4m\u00e4n ongelmia ja kipukohtia, jos ei olisi itse my\u00f6s antautunut k\u00e4sittelem\u00e4\u00e4n tunteitaan ja antanut niille tilaa. Viivi ajattelee, ett\u00e4 pakettiautoon muuttamalla h\u00e4n valitsi vaikuttaa niihin asioihin, joihin itse pystyi. Itse\u00e4\u00e4n ei p\u00e4\u00e4se karkuun edes Atlantin rannalla, mutta valittavissa on, haluaako tunnetilojaan tutkailla meren pauhussa vai kerrostalotaajamassa.<\/p>\n<p>\u201dEl\u00e4m\u00e4ss\u00e4 on aina kaikki v\u00e4rit l\u00e4sn\u00e4, olitpa miss\u00e4 hyv\u00e4ns\u00e4 fyysisesti.\u201d<\/p>\n<p>    Sinua voi kiinnostaa my\u00f6s:<\/p>\n<ol class=\"read-also__list\">\n<li>\n<p>            <img loading=\"lazy\" decoding=\"async\" class=\"card__image awpo-lqip awpo-lazy\" width=\"2121\" height=\"1326\" src=\"https:\/\/www.europesays.com\/fi\/wp-content\/uploads\/2025\/12\/vasymysjuttupaakuva.jpg\"\/>                <a href=\"https:\/\/anna.fi\/kategoria\/ihmiset\" class=\"card__vignette\" rel=\"nofollow noopener\" target=\"_blank\"><br \/>\n            Ihmiset          <\/a><\/p>\n<p>      <a href=\"https:\/\/anna.fi\/ihmiset\/tyoelaman-kuormittavat-piirteet\" class=\"card__link-overlay\" rel=\"nofollow noopener\" target=\"_blank\">Nykyisess\u00e4 ty\u00f6el\u00e4m\u00e4ss\u00e4 on yksi erityisen kuormittava piirre, sanoo tutkija\u00a0\u00a0<\/a><\/p>\n<\/li>\n<li>\n<p>            <img loading=\"lazy\" decoding=\"async\" class=\"card__image awpo-lqip awpo-lazy\" width=\"2520\" height=\"1600\" src=\"https:\/\/www.europesays.com\/fi\/wp-content\/uploads\/2025\/12\/hanneli1.jpg\"\/>                <a href=\"https:\/\/anna.fi\/kategoria\/lifestyle\/matkailu\" class=\"card__vignette\" rel=\"nofollow noopener\" target=\"_blank\"><br \/>\n            Matkailu          <\/a><\/p>\n<p>      <a href=\"https:\/\/anna.fi\/lifestyle\/matkailu\/retkeily-parhaat-retkikohteet-etela-suomesta\" class=\"card__link-overlay\" rel=\"nofollow noopener\" target=\"_blank\">N\u00e4m\u00e4 Etel\u00e4-Suomen luontokohteet ovat t\u00e4ydellisi\u00e4 yhden y\u00f6n telttaretkelle \u2013 helppo menn\u00e4 ja upeat maisemat<\/a><\/p>\n<\/li>\n<li>\n<p>            <img loading=\"lazy\" decoding=\"async\" class=\"card__image awpo-lqip awpo-lazy\" width=\"1183\" height=\"740\" src=\"https:\/\/www.europesays.com\/fi\/wp-content\/uploads\/2025\/12\/kognitiivinen-sekoittaminen.jpg\"\/>                <a href=\"https:\/\/anna.fi\/kategoria\/hyvinvointi\" class=\"card__vignette\" rel=\"nofollow noopener\" target=\"_blank\"><br \/>\n            Hyvinvointi          <\/a><\/p>\n<p>      <a href=\"https:\/\/anna.fi\/hyvinvointi\/kognitiivinen-sekoittaminen\" class=\"card__link-overlay\" rel=\"nofollow noopener\" target=\"_blank\">Helppo ajatuskikka voi auttaa nukahtamaan \u2013 n\u00e4in harhautat aivosi uneen<\/a><\/p>\n<\/li>\n<\/ol>\n","protected":false},"excerpt":{"rendered":"Viivi Lehtonen oli uupunut ty\u00f6ss\u00e4\u00e4n sairaanhoitajana ja kaipasi muutosta. Silloin kumppani ehdotti pakettiauton ostamista. Vuonna 2020 makuuhuoneen ikkunasta&hellip;\n","protected":false},"author":2,"featured_media":117022,"comment_status":"","ping_status":"","sticky":false,"template":"","format":"standard","meta":{"footnotes":""},"categories":[136],"tags":[542,1983,407,137,33,31,30,408,1233,21340,32,109],"class_list":{"0":"post-117021","1":"post","2":"type-post","3":"status-publish","4":"format-standard","5":"has-post-thumbnail","7":"category-julkkikset","8":"tag-asuminen","9":"tag-asunnot","10":"tag-celebrities","11":"tag-entertainment","12":"tag-fi","13":"tag-finland","14":"tag-finnish","15":"tag-julkkikset","16":"tag-koti","17":"tag-matkat","18":"tag-suomi","19":"tag-viihde"},"share_on_mastodon":{"url":"https:\/\/pubeurope.com\/@fi\/115723902175993396","error":""},"_links":{"self":[{"href":"https:\/\/www.europesays.com\/fi\/wp-json\/wp\/v2\/posts\/117021","targetHints":{"allow":["GET"]}}],"collection":[{"href":"https:\/\/www.europesays.com\/fi\/wp-json\/wp\/v2\/posts"}],"about":[{"href":"https:\/\/www.europesays.com\/fi\/wp-json\/wp\/v2\/types\/post"}],"author":[{"embeddable":true,"href":"https:\/\/www.europesays.com\/fi\/wp-json\/wp\/v2\/users\/2"}],"replies":[{"embeddable":true,"href":"https:\/\/www.europesays.com\/fi\/wp-json\/wp\/v2\/comments?post=117021"}],"version-history":[{"count":0,"href":"https:\/\/www.europesays.com\/fi\/wp-json\/wp\/v2\/posts\/117021\/revisions"}],"wp:featuredmedia":[{"embeddable":true,"href":"https:\/\/www.europesays.com\/fi\/wp-json\/wp\/v2\/media\/117022"}],"wp:attachment":[{"href":"https:\/\/www.europesays.com\/fi\/wp-json\/wp\/v2\/media?parent=117021"}],"wp:term":[{"taxonomy":"category","embeddable":true,"href":"https:\/\/www.europesays.com\/fi\/wp-json\/wp\/v2\/categories?post=117021"},{"taxonomy":"post_tag","embeddable":true,"href":"https:\/\/www.europesays.com\/fi\/wp-json\/wp\/v2\/tags?post=117021"}],"curies":[{"name":"wp","href":"https:\/\/api.w.org\/{rel}","templated":true}]}}