{"id":117026,"date":"2025-12-15T13:56:08","date_gmt":"2025-12-15T13:56:08","guid":{"rendered":"https:\/\/www.europesays.com\/fi\/117026\/"},"modified":"2025-12-15T13:56:08","modified_gmt":"2025-12-15T13:56:08","slug":"rachael-carpani-on-kuollut","status":"publish","type":"post","link":"https:\/\/www.europesays.com\/fi\/117026\/","title":{"rendered":"Rachael Carpani on kuollut"},"content":{"rendered":"<p>Australialaisn\u00e4yttelij\u00e4 oli kuollessaan 45-vuotias.<\/p>\n<p><img decoding=\"async\" class=\"image image-show image-preview\" src=\"https:\/\/www.europesays.com\/fi\/wp-content\/uploads\/2025\/12\/e0dd18100f32985ec4c318a24c8a0e9a69eb2e870703baa65fd4ea48a8050ab8.jpg\" alt=\"\"\/><img decoding=\"async\" class=\"image image-show\" src=\"https:\/\/www.europesays.com\/fi\/wp-content\/uploads\/2025\/12\/1765806968_314_e0dd18100f32985ec4c318a24c8a0e9a69eb2e870703baa65fd4ea48a8050ab8.jpg\" alt=\"\"\/><\/p>\n<p>Rachael Carpani on kuollut. AOP<\/p>\n<p class=\"paragraph\">N\u00e4yttelij\u00e4 <a href=\"https:\/\/www.iltalehti.fi\/henkilot\/Rachael Carpani\" class=\"article-link-person-page\" rel=\"nofollow noopener\" target=\"_blank\">Rachael Carpani<\/a> on kuollut, kertoo <a href=\"https:\/\/deadline.com\/2025\/12\/rachael-carpani-dies-unexpectedly-home-and-away-1236648582\/\" rel=\"noopener nofollow\" target=\"_blank\">Deadline<\/a>.<\/p>\n<p class=\"paragraph\">Carpanin perhe kertoo asiasta <a href=\"https:\/\/www.instagram.com\/p\/DSRZWzvk0SF\/?utm_source=ig_embed\" rel=\"noopener nofollow\" target=\"_blank\">Instagramissa<\/a>. Perheen mukaan Carpani kuoli \u201dodottamattomasti, mutta rauhallisesti\u201d taisteltuaan pitk\u00e4\u00e4n kroonista sairautta vastaan.<\/p>\n<p class=\"paragraph\">Carpani kuoli 7. joulukuuta. Kuollessaan h\u00e4n oli 45-vuotias.<\/p>\n<p class=\"paragraph\">Australialainen Carpani muistetaan parhaiten sarjoista McLeodin tytt\u00e4ret, Piikkej\u00e4 paratiisissa ja Home and Away. H\u00e4n on my\u00f6s n\u00e4ytellyt sarjoissa NCIS: Los Angeles ja Glades sek\u00e4 <strong>Benn Affleckin<\/strong> t\u00e4hditt\u00e4m\u00e4ss\u00e4 The Way Back -elokuvassa.<\/p>\n<p class=\"paragraph\">Carpani kertoi vuonna 2021, ett\u00e4 h\u00e4net vietiin sairaalaan vatsakipujen vuoksi ja h\u00e4n tarvitsi leikkaushoitoa sairauteen, josta ei ole kerrottu julkisesti.<\/p>\n<p><script async src=\"\/\/www.instagram.com\/embed.js\"><\/script><\/p>\n","protected":false},"excerpt":{"rendered":"Australialaisn\u00e4yttelij\u00e4 oli kuollessaan 45-vuotias. Rachael Carpani on kuollut. AOP N\u00e4yttelij\u00e4 Rachael Carpani on kuollut, kertoo Deadline. Carpanin perhe&hellip;\n","protected":false},"author":2,"featured_media":117027,"comment_status":"","ping_status":"","sticky":false,"template":"","format":"standard","meta":{"footnotes":""},"categories":[130],"tags":[35,153,155,137,33,31,30,154,2461,32,502,140,156,109],"class_list":{"0":"post-117026","1":"post","2":"type-post","3":"status-publish","4":"format-standard","5":"has-post-thumbnail","7":"category-viihde","8":"tag-24h","9":"tag-audiovisuaalinen-media","10":"tag-elokuvat","11":"tag-entertainment","12":"tag-fi","13":"tag-finland","14":"tag-finnish","15":"tag-nayttelijat-teatteri","16":"tag-sairaalat-ja-terveyskeskukset","17":"tag-suomi","18":"tag-terveydenhoito","19":"tag-tv-ja-elokuvat","20":"tag-tv","21":"tag-viihde"},"share_on_mastodon":{"url":"https:\/\/pubeurope.com\/@fi\/115723933131613167","error":""},"_links":{"self":[{"href":"https:\/\/www.europesays.com\/fi\/wp-json\/wp\/v2\/posts\/117026","targetHints":{"allow":["GET"]}}],"collection":[{"href":"https:\/\/www.europesays.com\/fi\/wp-json\/wp\/v2\/posts"}],"about":[{"href":"https:\/\/www.europesays.com\/fi\/wp-json\/wp\/v2\/types\/post"}],"author":[{"embeddable":true,"href":"https:\/\/www.europesays.com\/fi\/wp-json\/wp\/v2\/users\/2"}],"replies":[{"embeddable":true,"href":"https:\/\/www.europesays.com\/fi\/wp-json\/wp\/v2\/comments?post=117026"}],"version-history":[{"count":0,"href":"https:\/\/www.europesays.com\/fi\/wp-json\/wp\/v2\/posts\/117026\/revisions"}],"wp:featuredmedia":[{"embeddable":true,"href":"https:\/\/www.europesays.com\/fi\/wp-json\/wp\/v2\/media\/117027"}],"wp:attachment":[{"href":"https:\/\/www.europesays.com\/fi\/wp-json\/wp\/v2\/media?parent=117026"}],"wp:term":[{"taxonomy":"category","embeddable":true,"href":"https:\/\/www.europesays.com\/fi\/wp-json\/wp\/v2\/categories?post=117026"},{"taxonomy":"post_tag","embeddable":true,"href":"https:\/\/www.europesays.com\/fi\/wp-json\/wp\/v2\/tags?post=117026"}],"curies":[{"name":"wp","href":"https:\/\/api.w.org\/{rel}","templated":true}]}}