{"id":117028,"date":"2025-12-15T13:57:15","date_gmt":"2025-12-15T13:57:15","guid":{"rendered":"https:\/\/www.europesays.com\/fi\/117028\/"},"modified":"2025-12-15T13:57:15","modified_gmt":"2025-12-15T13:57:15","slug":"susien-ja-ilvesten-kaatoluvat-luonnonpuistoissa-peruttiin-laittomina-kotimaa","status":"publish","type":"post","link":"https:\/\/www.europesays.com\/fi\/117028\/","title":{"rendered":"Susien ja ilvesten kaatoluvat luonnonpuistoissa peruttiin laittomina | Kotimaa"},"content":{"rendered":"<p class=\"aw-1gybjub aw-5vja16 kEtdKx kmuxyA yle__article__paragraph\">Mets\u00e4hallitus oli my\u00f6nt\u00e4nyt luvat kolmen suden ja kehden ilveksen kaatamiseen Olvassuon, V\u00e4rri\u00f6n ja Pisavaaran luonnonpuistojen alueilla.<\/p>\n<p><img decoding=\"async\" alt=\"V\u00e4rri\u00f6n luonnonpuisto ja Ven\u00e4j\u00e4n raja.\" src=\"https:\/\/www.europesays.com\/fi\/wp-content\/uploads\/2025\/12\/39-10024786311a6bec0615.jpeg\" class=\"aw-1l9m598 hKVVvP\"\/><\/p>\n<p>Avaa kuvien katselu<\/p>\n<p>V\u00e4rri\u00f6n luonnonpuisto sijaitsee Ven\u00e4j\u00e4n vastaisella rajalla. Kuva: Elina Ervasti \/ Yle<\/p>\n<p class=\"aw-1gybjub aw-1p7kakr kEtdKx cEmitX yle__article__paragraph\">Hallinto-oikeus on kumonnut ilvesten ja susien kaatoluvat Olvassuon, V\u00e4rri\u00f6n ja Pisavaaran luonnonpuistojen alueilla.<\/p>\n<p class=\"aw-1gybjub aw-1p7kakr kEtdKx cEmitX yle__article__paragraph\">Mets\u00e4hallitus my\u00f6nsi tammikuussa kolme lupaa, jotka oikeuttivat kolmen suden ja kahden ilveksen kaatamiseen kyseisten luonnonpuistojen alueilla.<\/p>\n<p class=\"aw-1gybjub aw-1p7kakr kEtdKx cEmitX yle__article__paragraph\">Hallinto-oikeus kumosi Mets\u00e4hallituksen p\u00e4\u00e4t\u00f6kset luonnonsuojelulain vastaisina.<\/p>\n<p class=\"aw-1gybjub aw-1p7kakr kEtdKx cEmitX yle__article__paragraph\">Pohjois-Suomen hallinto-oikeus totesi p\u00e4\u00e4t\u00f6ksess\u00e4\u00e4n, ett\u00e4 p\u00e4\u00e4t\u00f6ksen vaikutuksia luonnonpuistojen perustamistarkoitukseen ei ollut arvioitu lainkaan.<\/p>\n<p class=\"aw-1gybjub aw-1p7kakr kEtdKx cEmitX yle__article__paragraph\">Kaatoluvista oli valittanut Suomen luonnonsuonsuojeluliitto.<\/p>\n<p class=\"aw-1gybjub aw-1p7kakr kEtdKx cEmitX yle__article__paragraph\">\u2013 Valitimme luvista, koska katsoimme Mets\u00e4hallituksen p\u00e4\u00e4t\u00f6sten rikkovan luonnonpuistojen lakis\u00e4\u00e4teist\u00e4 koskemattomuutta ja luonnonmukaisuutta. Mets\u00e4hallitus ei ollut p\u00e4\u00e4t\u00f6ksiss\u00e4\u00e4n lainkaan perustellut sit\u00e4, miksi p\u00e4\u00e4t\u00f6kset eiv\u00e4t vaarantaisi luonnonpuistojen perustamistarkoitusta. Hallinto-oikeus oli kanssamme samaa mielt\u00e4\u201d, sanoo puheenjohtaja Saara Laivamaa Suomen luonnonsuojeluliiton Lapin piirist\u00e4 tiedotteessa.<\/p>\n<p class=\"aw-1gybjub aw-1p7kakr kEtdKx cEmitX yle__article__paragraph\">Mets\u00e4hallitus voi my\u00f6nt\u00e4\u00e4 luvan riistael\u00e4imen tappamiselle luonnonpuistossa, jos se katsoo el\u00e4imen aiheuttava uhkaa ihmisen turvallisuudelle tai merkitt\u00e4v\u00e4\u00e4 taloudellista vahinkoa. Lupa ei saa kuitenkaan vaarantaa luonnonpuiston perustamistarkoitusta.<\/p>\n<p class=\"aw-1gybjub aw-1p7kakr kEtdKx cEmitX yle__article__paragraph\">Olvassuon luonnonpuisto sijaitsee Pudasj\u00e4rven, Puolangan ja Utaj\u00e4rven alueella. V\u00e4rri\u00f6n luonnonpuisto sijaitsee Koillis-Lapissa Sallan ja Savukosken alueella ja Pisavaaran luonnonpuisto Tervolan ja Rovaniemen rajalla.<\/p>\n","protected":false},"excerpt":{"rendered":"Mets\u00e4hallitus oli my\u00f6nt\u00e4nyt luvat kolmen suden ja kehden ilveksen kaatamiseen Olvassuon, V\u00e4rri\u00f6n ja Pisavaaran luonnonpuistojen alueilla. Avaa kuvien&hellip;\n","protected":false},"author":2,"featured_media":117029,"comment_status":"","ping_status":"","sticky":false,"template":"","format":"standard","meta":{"footnotes":""},"categories":[112],"tags":[404,33,31,30,8209,723,71,667,21342,1847,728,118,32,4237,119],"class_list":{"0":"post-117028","1":"post","2":"type-post","3":"status-publish","4":"format-standard","5":"has-post-thumbnail","7":"category-tiede","8":"tag-elaimet","9":"tag-fi","10":"tag-finland","11":"tag-finnish","12":"tag-ilves","13":"tag-kainuu","14":"tag-kotimaa","15":"tag-lappi","16":"tag-luonnonpuistot","17":"tag-metsahallitus","18":"tag-pohjois-pohjanmaa","19":"tag-science","20":"tag-suomi","21":"tag-susi","22":"tag-tiede"},"share_on_mastodon":{"url":"https:\/\/pubeurope.com\/@fi\/115723937052577236","error":""},"_links":{"self":[{"href":"https:\/\/www.europesays.com\/fi\/wp-json\/wp\/v2\/posts\/117028","targetHints":{"allow":["GET"]}}],"collection":[{"href":"https:\/\/www.europesays.com\/fi\/wp-json\/wp\/v2\/posts"}],"about":[{"href":"https:\/\/www.europesays.com\/fi\/wp-json\/wp\/v2\/types\/post"}],"author":[{"embeddable":true,"href":"https:\/\/www.europesays.com\/fi\/wp-json\/wp\/v2\/users\/2"}],"replies":[{"embeddable":true,"href":"https:\/\/www.europesays.com\/fi\/wp-json\/wp\/v2\/comments?post=117028"}],"version-history":[{"count":0,"href":"https:\/\/www.europesays.com\/fi\/wp-json\/wp\/v2\/posts\/117028\/revisions"}],"wp:featuredmedia":[{"embeddable":true,"href":"https:\/\/www.europesays.com\/fi\/wp-json\/wp\/v2\/media\/117029"}],"wp:attachment":[{"href":"https:\/\/www.europesays.com\/fi\/wp-json\/wp\/v2\/media?parent=117028"}],"wp:term":[{"taxonomy":"category","embeddable":true,"href":"https:\/\/www.europesays.com\/fi\/wp-json\/wp\/v2\/categories?post=117028"},{"taxonomy":"post_tag","embeddable":true,"href":"https:\/\/www.europesays.com\/fi\/wp-json\/wp\/v2\/tags?post=117028"}],"curies":[{"name":"wp","href":"https:\/\/api.w.org\/{rel}","templated":true}]}}