{"id":117030,"date":"2025-12-15T13:59:11","date_gmt":"2025-12-15T13:59:11","guid":{"rendered":"https:\/\/www.europesays.com\/fi\/117030\/"},"modified":"2025-12-15T13:59:11","modified_gmt":"2025-12-15T13:59:11","slug":"elinkeinoelaman-ansioristi-op-pohjolan-paajohtajalle-timo-ritakalliolle","status":"publish","type":"post","link":"https:\/\/www.europesays.com\/fi\/117030\/","title":{"rendered":"Elinkeinoel\u00e4m\u00e4n ansioristi OP Pohjolan p\u00e4\u00e4johtajalle\u00a0Timo\u00a0Ritakalliolle\u00a0\u00a0"},"content":{"rendered":"<p>]]]]>]]><\/p>\n<p><img fetchpriority=\"high\" decoding=\"async\" width=\"2560\" height=\"1707\" src=\"https:\/\/www.europesays.com\/fi\/wp-content\/uploads\/2025\/12\/155-AR_08465-scaled.jpg\" alt=\"\" class=\"wp-image-92981\"  \/>Vasemmalta: SRV Yhti\u00f6t Oyj:n toimitusjohtaja Saku Sipola, hallituksen puheenjohtaja Pekka Tiitinen, OP Pohjolan p\u00e4\u00e4johtaja Timo Ritakallio, Mantsinen Group Ltd Oy:n toimitusjohtaja Mia Mantsinen ja SOK:n p\u00e4\u00e4johtaja Hannu Krook. Kuva: Alessandro Rampazzo<\/p>\n<p><strong>Keskuskauppakamarin ansiomerkkilautakunta on my\u00f6nt\u00e4nyt Elinkeinoel\u00e4m\u00e4n ansioristin\u00a0OP\u00a0Pohjolan\u00a0p\u00e4\u00e4johtajalle, vuorineuvos\u00a0Timo\u00a0Ritakalliolle\u00a0tunnustuksena ansiokkaasta ty\u00f6st\u00e4 talouden vapauden ja Suomen elinkeinoel\u00e4m\u00e4n toimintaedellytysten puolesta. Elinkeinoel\u00e4m\u00e4n ansioristin\u00a0ovat aiemmin saaneet muun muassa Esko Aho, Jussi Pesonen ja\u00a0Kari\u00a0Jordan.\u00a0\u00a0<\/strong><\/p>\n<p>Keskuskauppakamari\u00a0my\u00f6nsi my\u00f6s muita elinkeinoel\u00e4m\u00e4n ansiomerkkej\u00e4 kauppakamarien gaalassa 12.12.\u00a0<\/p>\n<p>Ansiomerkill\u00e4 palkitut:\u00a0<\/p>\n<p>VR\u00a0Yhtym\u00e4 Oyj:n\u00a0toimitusjohtaja\u00a0<strong>Elisa Markula<\/strong>, Kauppakamarin ansioristi\u00a0<\/p>\n<p>Lujabetoni\u00a0Oy:n\u00a0toimitusjohtaja\u00a0<strong>Mikko Isotalo<\/strong>, Kauppakamarin ansioristi\u00a0<\/p>\n<p>Hallituksen puheenjohtaja<strong>\u00a0Ari Vuorentausta<\/strong>, Kauppakamarin ansioristi\u00a0<\/p>\n<p>Johtaja<strong>\u00a0Arja Lehtonen<\/strong>, Kauppakamarin ansioristi\u00a0<\/p>\n<p>Hallituksen puheenjohtaja\u00a0<strong>Pekka Tiitinen<\/strong>, Rautainen ansiomerkki ratastunnuksella\u00a0<\/p>\n<p>SRV Yhti\u00f6t Oyj:n\u00a0toimitusjohtaja\u00a0<strong>Saku Sipola<\/strong>, Rautainen ansiomerkki ratastunnuksella\u00a0<\/p>\n<p>Mantsinen Group\u00a0Ltd Oy:n\u00a0toimitusjohtaja\u00a0<strong>Mia Mantsinen<\/strong>, Rautainen ansiomerkki ratastunnuksella\u00a0<\/p>\n<p>SOK:n p\u00e4\u00e4johtaja\u00a0<strong>Hannu\u00a0Krook<\/strong>, Rautainen ansiomerkki ratastunnuksella\u00a0<\/p>\n<p><img loading=\"lazy\" decoding=\"async\" width=\"1024\" height=\"1024\" src=\"https:\/\/www.europesays.com\/fi\/wp-content\/uploads\/2025\/11\/Juho_Romakkaniemi_0209_Kuva-Liisa-Takala_nettisivu-mv.png\" alt=\"\" class=\"wp-image-88202\"  \/><\/p>\n<p class=\"rnb_writer_block__name\">Juho Romakkaniemi<\/p>\n<p class=\"rnb_writer_block__title\">Toimitusjohtaja<\/p>\n<p class=\"rnb_writer_block__email\">juho.romakkaniemi@chamber.fi<\/p>\n<p class=\"rnb_writer_block__tel\">+358 40 050 5269<\/p>\n<p>Kategoriat:Ansiomerkit, Juho Romakkaniemi<\/p>\n","protected":false},"excerpt":{"rendered":"]]]]&gt;]]&gt; Vasemmalta: SRV Yhti\u00f6t Oyj:n toimitusjohtaja Saku Sipola, hallituksen puheenjohtaja Pekka Tiitinen, OP Pohjolan p\u00e4\u00e4johtaja Timo Ritakallio, Mantsinen&hellip;\n","protected":false},"author":2,"featured_media":117031,"comment_status":"","ping_status":"","sticky":false,"template":"","format":"standard","meta":{"footnotes":""},"categories":[76],"tags":[79,77,33,31,30,32,78],"class_list":{"0":"post-117030","1":"post","2":"type-post","3":"status-publish","4":"format-standard","5":"has-post-thumbnail","7":"category-talous","8":"tag-business","9":"tag-economy","10":"tag-fi","11":"tag-finland","12":"tag-finnish","13":"tag-suomi","14":"tag-talous"},"share_on_mastodon":{"url":"https:\/\/pubeurope.com\/@fi\/115723945042344629","error":""},"_links":{"self":[{"href":"https:\/\/www.europesays.com\/fi\/wp-json\/wp\/v2\/posts\/117030","targetHints":{"allow":["GET"]}}],"collection":[{"href":"https:\/\/www.europesays.com\/fi\/wp-json\/wp\/v2\/posts"}],"about":[{"href":"https:\/\/www.europesays.com\/fi\/wp-json\/wp\/v2\/types\/post"}],"author":[{"embeddable":true,"href":"https:\/\/www.europesays.com\/fi\/wp-json\/wp\/v2\/users\/2"}],"replies":[{"embeddable":true,"href":"https:\/\/www.europesays.com\/fi\/wp-json\/wp\/v2\/comments?post=117030"}],"version-history":[{"count":0,"href":"https:\/\/www.europesays.com\/fi\/wp-json\/wp\/v2\/posts\/117030\/revisions"}],"wp:featuredmedia":[{"embeddable":true,"href":"https:\/\/www.europesays.com\/fi\/wp-json\/wp\/v2\/media\/117031"}],"wp:attachment":[{"href":"https:\/\/www.europesays.com\/fi\/wp-json\/wp\/v2\/media?parent=117030"}],"wp:term":[{"taxonomy":"category","embeddable":true,"href":"https:\/\/www.europesays.com\/fi\/wp-json\/wp\/v2\/categories?post=117030"},{"taxonomy":"post_tag","embeddable":true,"href":"https:\/\/www.europesays.com\/fi\/wp-json\/wp\/v2\/tags?post=117030"}],"curies":[{"name":"wp","href":"https:\/\/api.w.org\/{rel}","templated":true}]}}