{"id":117032,"date":"2025-12-15T14:00:14","date_gmt":"2025-12-15T14:00:14","guid":{"rendered":"https:\/\/www.europesays.com\/fi\/117032\/"},"modified":"2025-12-15T14:00:14","modified_gmt":"2025-12-15T14:00:14","slug":"antisemitismi-lisaantyy-ja-siihen-tulee-varautua-suomessakin-sanoo-tutkija-australian-epaillysta-terroriteosta-kotimaa","status":"publish","type":"post","link":"https:\/\/www.europesays.com\/fi\/117032\/","title":{"rendered":"Antisemitismi lis\u00e4\u00e4ntyy, ja siihen tulee varautua Suomessakin, sanoo tutkija Australian ep\u00e4illyst\u00e4 terroriteosta | Kotimaa"},"content":{"rendered":"<p class=\"aw-1gybjub aw-5vja16 kEtdKx kmuxyA yle__article__paragraph\">Juutalaisiin kohdistunut viha on lis\u00e4\u00e4ntynyt \u00e4\u00e4ri-islamistien keskuudessa, mutta my\u00f6s \u00e4\u00e4ri\u00advasemmistolaisissa ryhmittymiss\u00e4, sanoo terrorismin tutkija.<\/p>\n<p><img decoding=\"async\" alt=\"Aitaan on kiinnitetty Australian ja Israelin lippuja. Kaksi ihmist\u00e4 on kumartunut maassa olevien kukkien puoleen. Taustalla kaksi ihmist\u00e4 halaa. \" src=\"https:\/\/www.europesays.com\/fi\/wp-content\/uploads\/2025\/12\/39-1569631693f9cd806f93.jpeg\" class=\"aw-1l9m598 hKVVvP\"\/><\/p>\n<p>Avaa kuvien katselu<\/p>\n<p>Ihmiset kokoontuivat muistamaan Bondi Beachin ampumisen uhreja. Kuva: David Gray \/ AFP<\/p>\n<p>14:00\u2022P\u00e4ivitetty 14:04<\/p>\n<p class=\"aw-1gybjub aw-1p7kakr kEtdKx cEmitX yle__article__paragraph\"><a class=\"aw-iao6s4 iHOxEa yle__article__link\" href=\"https:\/\/yle.fi\/a\/74-20199720\" role=\"link\" rel=\"nofollow noopener\" target=\"_blank\">Australiassa sunnuntai-iltana tapahtunut ep\u00e4ilty terroriteko<\/a> voi aiheuttaa vastaavia iskuja my\u00f6s muualla maailmassa, sanoo Ulkopoliittisen instituutin terrorismiin erikoistunut vanhempi tutkija <strong class=\"aw-ak79eh KyCXm yle__article__strong\">Teemu Tammikko<\/strong>.<\/p>\n<p class=\"aw-1gybjub aw-1p7kakr kEtdKx cEmitX yle__article__paragraph\">Joukkoampumisen vuoksi Suomessa<a class=\"aw-iao6s4 iHOxEa yle__article__link\" href=\"https:\/\/yle.fi\/a\/74-20199680\" role=\"link\" rel=\"nofollow noopener\" target=\"_blank\"> Helsingin<\/a> ja <a class=\"aw-iao6s4 iHOxEa yle__article__link\" href=\"https:\/\/yle.fi\/a\/74-20199743\" role=\"link\" rel=\"nofollow noopener\" target=\"_blank\">Turun poliisit ovat kertoneet nostaneensa valmiutta<\/a> juutalaissynagogien l\u00e4hell\u00e4.<\/p>\n<p class=\"aw-1gybjub aw-1p7kakr kEtdKx cEmitX yle__article__paragraph\">\u2013 Yksitt\u00e4iset toimijat tai ryhm\u00e4t saattavat inspiroitua iskusta ja toteuttaa vastaavan omassa ymp\u00e4rist\u00f6ss\u00e4\u00e4n. Siksi on perusteltua lis\u00e4t\u00e4 valmiutta ymp\u00e4ri maailmaa sellaisilla paikoilla, joissa voi olla juutalaisten kokoontumisia, juutalaisvastaista toimintaa tai radikalismia, joka voisi johtaa terroritekoon, Tammikko sanoo.<\/p>\n<p>Gazan tilanne on lis\u00e4nnyt antisemitismi\u00e4<\/p>\n<p class=\"aw-1gybjub aw-1p7kakr kEtdKx cEmitX yle__article__paragraph\">Tammikon mukaan antisemitismi eli juutalaisiin kohdistuva viha on selv\u00e4sti lis\u00e4\u00e4ntynyt.<\/p>\n<p class=\"aw-1gybjub aw-1p7kakr kEtdKx cEmitX yle__article__paragraph\">\u00c4\u00e4rioikeiston piiriss\u00e4 ja \u00e4\u00e4ri-islamistisissa piireiss\u00e4 on vankat perinteet antisemitismille.<\/p>\n<p class=\"aw-1gybjub aw-1p7kakr kEtdKx cEmitX yle__article__paragraph\">Gazan sota on vaikuttanut Tammikon mukaan siihen, ett\u00e4 juutalaisyhteis\u00f6\u00e4 vastaan kohdistetut teot ovat lis\u00e4\u00e4ntyneet erityisesti \u00e4\u00e4ri-islamistien keskuudessa.<\/p>\n<p class=\"aw-1gybjub aw-1p7kakr kEtdKx cEmitX yle__article__paragraph\">\u2013 Gazan tilanteen ja Israelin toimien vuoksi juutalaisvihamielisyys on noussut my\u00f6s joissain \u00e4\u00e4rivasemmistolaisissa ryhmittymiss\u00e4.<\/p>\n<p><img decoding=\"async\" alt=\"The Australian sanomalehti, jonka kannessa otsikko &quot;Massacre of jews&quot; ja kuvia kahdesta ampujasta.\" src=\"https:\/\/www.europesays.com\/fi\/wp-content\/uploads\/2025\/12\/39-1569636693fa42a831ec.jpeg\" loading=\"lazy\" class=\"aw-1l9m598 hKVVvP\"\/><\/p>\n<p>Avaa kuvien katselu<\/p>\n<p>Australialaisen sanomalehden kannessa kerrotaan juutalaisten joukkomurhasta. Kuva: Amer Ghazzal \/ AOP<\/p>\n<p class=\"aw-1gybjub aw-1p7kakr kEtdKx cEmitX yle__article__paragraph\">T\u00e4ll\u00e4 hetkell\u00e4 Suomessa terrorismin uhka on viisiportaisen asteikon tasolla kolme, eli kohonnut.<\/p>\n<p class=\"aw-1gybjub aw-1p7kakr kEtdKx cEmitX yle__article__paragraph\">Suojelupoliisi on viimeisen kahden vuoden aikana korostanut, ett\u00e4 juutalaisiin ja Israeliin kohdistuva uhka on kasvanut, sanoo tutkija <strong class=\"aw-ak79eh KyCXm yle__article__strong\">Juha Saarinen<\/strong> Suposta.<\/p>\n<p class=\"aw-1gybjub aw-1p7kakr kEtdKx cEmitX yle__article__paragraph\">\u2013 T\u00e4ss\u00e4 keskeiset tekij\u00e4t ovat olleet L\u00e4hi-Id\u00e4ss\u00e4 eskaloituneet konfliktit, jotka ovat heijastuneet muun muassa monien iskij\u00f6iden motiiveissa viime vuosina, Saarinen kertoo.<\/p>\n<p>Australian ampuminen oli tyypillinen terroriteko<\/p>\n<p class=\"aw-1gybjub aw-1p7kakr kEtdKx cEmitX yle__article__paragraph\">Australian joukkoampumisesta ep\u00e4illyt olivat is\u00e4 ja poika. Ep\u00e4iltyjen autosta on l\u00f6ytynyt kaksi Isisin lippua, ja viranomaiset olivat jo aiemmin selvitt\u00e4neet ampujien yhteyksi\u00e4 Sydneyss\u00e4 toimineeseen Isis-soluun.<\/p>\n<p class=\"aw-1gybjub aw-1p7kakr kEtdKx cEmitX yle__article__paragraph\">Australian juutalaisyhteis\u00f6jen keskusj\u00e4rjest\u00f6n johtaja luonnehti v\u00e4likohtausta tragediaksi, joka oli ennustettavissa. Bondi Beachilla asuu ja el\u00e4\u00e4 iso juutalaisyhteis\u00f6.<\/p>\n<p>ABC- ja Sky-televisioyhti\u00f6t ovat kuvanneet tapahtumapaikalta ilmakuvaa, joissa n\u00e4kyy maassa makaavia ihmisi\u00e4.<\/p>\n<p class=\"aw-1gybjub aw-1p7kakr kEtdKx cEmitX yle__article__paragraph\">Isku oli Tammikon mukaan hyvin tyypillinen terroriteko.<\/p>\n<p class=\"aw-1gybjub aw-1p7kakr kEtdKx cEmitX yle__article__paragraph\">Ammuskelut paikoissa, joissa on paljon tietyn kohderyhm\u00e4n ihmisi\u00e4, ovat tavallisia kaikissa terroristisissa suuntauksissa. Se on helppoa, jos vain on p\u00e4\u00e4sy ampuma-aseisiin, Tammikko sanoo.<\/p>\n<p class=\"aw-1gybjub aw-1p7kakr kEtdKx cEmitX yle__article__paragraph\">\u2013 Nyt vaikuttaa silt\u00e4, ett\u00e4 tekij\u00e4t ovat inspiroituneet v\u00e4kivaltaisesta \u00e4\u00e4ri-islamista. Toistaiseksi ei ole kuitenkaan tietoa siit\u00e4, ett\u00e4 tekij\u00e4t olisivat kuuluneet mihink\u00e4\u00e4n j\u00e4rjest\u00e4ytyneeseen ryhm\u00e4\u00e4n.<\/p>\n<p class=\"aw-1gybjub aw-1p7kakr kEtdKx cEmitX yle__article__paragraph\">Joukkoampumisessa kuoli ainakin 16 ihmist\u00e4. Lis\u00e4ksi ainakin 42 ihmist\u00e4 on viety sairaalaan. Ampujien kohteena oli rannalla j\u00e4rjestetty juutalaisten valon juhla hanukka, johon osallistui toistatuhatta ihmist\u00e4.<\/p>\n","protected":false},"excerpt":{"rendered":"Juutalaisiin kohdistunut viha on lis\u00e4\u00e4ntynyt \u00e4\u00e4ri-islamistien keskuudessa, mutta my\u00f6s \u00e4\u00e4ri\u00advasemmistolaisissa ryhmittymiss\u00e4, sanoo terrorismin tutkija. Avaa kuvien katselu Ihmiset&hellip;\n","protected":false},"author":2,"featured_media":117033,"comment_status":"","ping_status":"","sticky":false,"template":"","format":"standard","meta":{"footnotes":""},"categories":[14],"tags":[4760,3751,21230,22,23,26,27,33,31,30,17,21343,71,24,25,28,29,15,18,21,32,13385,19,20,56,16,59,60,61],"class_list":{"0":"post-117032","1":"post","2":"type-post","3":"status-publish","4":"format-standard","5":"has-post-thumbnail","7":"category-ulkomaat","8":"tag-antisemitismi","9":"tag-australia","10":"tag-bondi-beach","11":"tag-breaking-news","12":"tag-breakingnews","13":"tag-featured-news","14":"tag-featurednews","15":"tag-fi","16":"tag-finland","17":"tag-finnish","18":"tag-headlines","19":"tag-joukkoampuminen","20":"tag-kotimaa","21":"tag-latest-news","22":"tag-latestnews","23":"tag-main-news","24":"tag-mainnews","25":"tag-news","26":"tag-otsikot","27":"tag-paauutiset","28":"tag-suomi","29":"tag-terrori-iskut","30":"tag-top-stories","31":"tag-topstories","32":"tag-ulkomaat","33":"tag-uutiset","34":"tag-world","35":"tag-world-news","36":"tag-worldnews"},"share_on_mastodon":{"url":"https:\/\/pubeurope.com\/@fi\/115723949075379352","error":""},"_links":{"self":[{"href":"https:\/\/www.europesays.com\/fi\/wp-json\/wp\/v2\/posts\/117032","targetHints":{"allow":["GET"]}}],"collection":[{"href":"https:\/\/www.europesays.com\/fi\/wp-json\/wp\/v2\/posts"}],"about":[{"href":"https:\/\/www.europesays.com\/fi\/wp-json\/wp\/v2\/types\/post"}],"author":[{"embeddable":true,"href":"https:\/\/www.europesays.com\/fi\/wp-json\/wp\/v2\/users\/2"}],"replies":[{"embeddable":true,"href":"https:\/\/www.europesays.com\/fi\/wp-json\/wp\/v2\/comments?post=117032"}],"version-history":[{"count":0,"href":"https:\/\/www.europesays.com\/fi\/wp-json\/wp\/v2\/posts\/117032\/revisions"}],"wp:featuredmedia":[{"embeddable":true,"href":"https:\/\/www.europesays.com\/fi\/wp-json\/wp\/v2\/media\/117033"}],"wp:attachment":[{"href":"https:\/\/www.europesays.com\/fi\/wp-json\/wp\/v2\/media?parent=117032"}],"wp:term":[{"taxonomy":"category","embeddable":true,"href":"https:\/\/www.europesays.com\/fi\/wp-json\/wp\/v2\/categories?post=117032"},{"taxonomy":"post_tag","embeddable":true,"href":"https:\/\/www.europesays.com\/fi\/wp-json\/wp\/v2\/tags?post=117032"}],"curies":[{"name":"wp","href":"https:\/\/api.w.org\/{rel}","templated":true}]}}