{"id":117038,"date":"2025-12-15T14:14:07","date_gmt":"2025-12-15T14:14:07","guid":{"rendered":"https:\/\/www.europesays.com\/fi\/117038\/"},"modified":"2025-12-15T14:14:07","modified_gmt":"2025-12-15T14:14:07","slug":"sabina-sarkka-koki-yllatysjuhlashokin-seiska","status":"publish","type":"post","link":"https:\/\/www.europesays.com\/fi\/117038\/","title":{"rendered":"Sabina S\u00e4rkk\u00e4 koki yll\u00e4tysjuhlashokin | Seiska"},"content":{"rendered":"<p>            Timo Korhonen\n        <\/p>\n<p class=\"subtitle \">L\u00e4heiset onnistuivat yll\u00e4tt\u00e4m\u00e4\u00e4n Sabinan toden teolla.<\/p>\n<p class=\"article-content article-content-width !bg-background\">Somevaikuttaja  sai kokea viikonloppuna valtavan shokin, jonka h\u00e4nen l\u00e4heisens\u00e4 h\u00e4nelle aiheuttivat.<\/p>\n<p class=\"font-weight-bold m-font-weight-bold article-content article-content-width !bg-background\">Katso arkistovideo: Sabina ja valokuvaajarakas laivalla<\/p>\n<p class=\"article-content article-content-width !bg-background\">Sabina jakoi kokemansa jymy-yll\u00e4tyksen Instagram-tarinoissaan sunnuntaina (14.12.). H\u00e4n julkaisi kuvan h\u00e4m\u00e4r\u00e4sti valaistusta ravintolasta, jonka pitk\u00e4n p\u00f6yd\u00e4n \u00e4\u00e4ress\u00e4 istuu liuta ihmisi\u00e4.<\/p>\n<p class=\"article-content article-content-width !bg-background\">Kyseess\u00e4 on ollut harvinaisen etuk\u00e4teisesti j\u00e4rjestetty yll\u00e4tysjuhla Sabinan tulevan merkkip\u00e4iv\u00e4n kunniaksi.<\/p>\n<p class=\"article-content article-content-width !bg-background\">\u2013 Mun ilme ja shokkitila oli varmasti aika priceless eilen, kun mun rakkaat yst\u00e4v\u00e4t yll\u00e4ttiv\u00e4t mut yll\u00e4tyssyntt\u00e4reill\u00e4 kolme viikkoa ennen oikeaa p\u00e4iv\u00e4\u00e4!! Sabina hehkuttaa kuvan yhteyteen kirjoittamassaan tekstiss\u00e4.<\/p>\n<p class=\"article-content article-content-width !bg-background\">\u2013 Emm\u00e4 kest\u00e4, mulla on siis maailman ihanimmat yst\u00e4v\u00e4t, h\u00e4n iloitsee.<\/p>\n<p>        <a itemprop=\"url\" href=\"https:\/\/www.seiska.fi\/kotimaa\/shirly-karvinen-ja-sabina-sarkka-lennahtivat-okylomalle-nahkasukat-vievat-huomion\/1952250\" rel=\"nofollow noopener\" target=\"_blank\"><\/p>\n<p>\nVintagea ja nahkasukkia!\n<\/p>\n<p class=\"section-date\">\n        <strong class=\"article-section\" data-section=\"kotimaa\"><br \/>\n            kotimaa<br \/>\n        <\/strong><br \/>\n        6.10. 11:06\n    <\/p>\n<p>Shirly Karvinen ja Sabina S\u00e4rkk\u00e4 lenn\u00e4htiv\u00e4t \u00f6kylomalle \u2013 nahkasukat viev\u00e4t huomion\n    <\/p>\n<p itemprop=\"description\" class=\"subtitle \">\n    Julkkiskaunottaret julkaisivat kuvia \u00f6kyhotellista, jonka hinta huimaa p\u00e4\u00e4t\u00e4.\n<\/p>\n<p>        <\/a><\/p>\n<p class=\"article-content article-content-width !bg-background\"> Paikalla oli paljon Sabinan rakkaita yst\u00e4vi\u00e4, kuten ,  ja . Juhlien j\u00e4rjest\u00e4misen p\u00e4\u00e4jehuna toimi Sabinan paras yst\u00e4v\u00e4 , jota Sabina kehuu maailman parhaaksi j\u00e4rjest\u00e4j\u00e4ksi.<\/p>\n<p>&#8221;En juhli ikin\u00e4 syntt\u00e4reit\u00e4&#8221;<\/p>\n<p class=\"article-content article-content-width !bg-background\">Sabinan ei ollut alkuun ollenkaan helppo suhtautua jymy-yll\u00e4tyksen aiheuttamaan j\u00e4rkytykseen. Oikean syntym\u00e4p\u00e4iv\u00e4n ajankohta heti uudenvuoden j\u00e4lkeen, 3. tammikuuta, on usein aiheuttanut sen, ettei h\u00e4n juurikaan juhli merkkip\u00e4iv\u00e4\u00e4.<\/p>\n<p class=\"article-content article-content-width !bg-background\">\u2013 Oli aluksi vaikea vastaanottaa t\u00e4t\u00e4 rakkautta, koska en juhli ikin\u00e4 mun syntt\u00e4reit\u00e4, enk\u00e4 tykk\u00e4\u00e4 olla valokeilassa, ja oon my\u00f6s v\u00e4h\u00e4n tottunut siihen, ettei niit\u00e4 kukaan jaksa juhlii, kun p\u00e4iv\u00e4 on aina niin vaikea, h\u00e4n kertoo.<\/p>\n<p class=\"article-content article-content-width !bg-background\">\u2013 Mut nautin siis joka hetkest\u00e4, heti kun alkuj\u00e4rkytyksest\u00e4 selvisin. Oli parasta, kiitos! h\u00e4n viel\u00e4 iloitsee.<\/p>\n<p>        <a itemprop=\"url\" href=\"https:\/\/www.seiska.fi\/kotimaa\/vau-talta-nayttaa-sabina-sarkan-kotona\/1915907\" rel=\"nofollow noopener\" target=\"_blank\"><\/p>\n<p>\nVau!\n<\/p>\n<p class=\"section-date\">\n        <strong class=\"article-section\" data-section=\"kotimaa\"><br \/>\n            kotimaa<br \/>\n        <\/strong><br \/>\n        30.8. 11:30\n    <\/p>\n<p>Vau! T\u00e4lt\u00e4 n\u00e4ytt\u00e4\u00e4 Sabina S\u00e4rk\u00e4n kotona\n    <\/p>\n<p itemprop=\"description\" class=\"subtitle \">\n    Sabinan kodin sisustus her\u00e4tt\u00e4\u00e4 ihastusta.\n<\/p>\n<p>        <\/a><\/p>\n<p class=\"article-content article-content-width !bg-background\">Miss Suomi -kauneuskilpailussa ensimm\u00e4iseksi perint\u00f6prinsessaksi vuonna 2012 kruunattu ja sittemmin menestyksek\u00e4st\u00e4 vaikuttajanuraa luonut Sabina t\u00e4ytt\u00e4\u00e4 tammikuun 3. p\u00e4iv\u00e4 37 vuotta.<\/p>\n","protected":false},"excerpt":{"rendered":"Timo Korhonen L\u00e4heiset onnistuivat yll\u00e4tt\u00e4m\u00e4\u00e4n Sabinan toden teolla. Somevaikuttaja sai kokea viikonloppuna valtavan shokin, jonka h\u00e4nen l\u00e4heisens\u00e4 h\u00e4nelle&hellip;\n","protected":false},"author":2,"featured_media":117039,"comment_status":"","ping_status":"","sticky":false,"template":"","format":"standard","meta":{"footnotes":""},"categories":[136],"tags":[407,137,33,31,30,564,408,212,1311,6691,3423,2210,32,14105,410,109,13531,4302],"class_list":{"0":"post-117038","1":"post","2":"type-post","3":"status-publish","4":"format-standard","5":"has-post-thumbnail","7":"category-julkkikset","8":"tag-celebrities","9":"tag-entertainment","10":"tag-fi","11":"tag-finland","12":"tag-finnish","13":"tag-juhlat","14":"tag-julkkikset","15":"tag-lifestyle","16":"tag-rakkaus","17":"tag-sabina-sarkka","18":"tag-sara-sieppi","19":"tag-somevaikuttaja","20":"tag-suomi","21":"tag-synttarit","22":"tag-syntymapaiva","23":"tag-viihde","24":"tag-yllatysjuhlat","25":"tag-ystavat"},"share_on_mastodon":{"url":"https:\/\/pubeurope.com\/@fi\/115724003786275329","error":""},"_links":{"self":[{"href":"https:\/\/www.europesays.com\/fi\/wp-json\/wp\/v2\/posts\/117038","targetHints":{"allow":["GET"]}}],"collection":[{"href":"https:\/\/www.europesays.com\/fi\/wp-json\/wp\/v2\/posts"}],"about":[{"href":"https:\/\/www.europesays.com\/fi\/wp-json\/wp\/v2\/types\/post"}],"author":[{"embeddable":true,"href":"https:\/\/www.europesays.com\/fi\/wp-json\/wp\/v2\/users\/2"}],"replies":[{"embeddable":true,"href":"https:\/\/www.europesays.com\/fi\/wp-json\/wp\/v2\/comments?post=117038"}],"version-history":[{"count":0,"href":"https:\/\/www.europesays.com\/fi\/wp-json\/wp\/v2\/posts\/117038\/revisions"}],"wp:featuredmedia":[{"embeddable":true,"href":"https:\/\/www.europesays.com\/fi\/wp-json\/wp\/v2\/media\/117039"}],"wp:attachment":[{"href":"https:\/\/www.europesays.com\/fi\/wp-json\/wp\/v2\/media?parent=117038"}],"wp:term":[{"taxonomy":"category","embeddable":true,"href":"https:\/\/www.europesays.com\/fi\/wp-json\/wp\/v2\/categories?post=117038"},{"taxonomy":"post_tag","embeddable":true,"href":"https:\/\/www.europesays.com\/fi\/wp-json\/wp\/v2\/tags?post=117038"}],"curies":[{"name":"wp","href":"https:\/\/api.w.org\/{rel}","templated":true}]}}