{"id":117048,"date":"2025-12-15T14:25:11","date_gmt":"2025-12-15T14:25:11","guid":{"rendered":"https:\/\/www.europesays.com\/fi\/117048\/"},"modified":"2025-12-15T14:25:11","modified_gmt":"2025-12-15T14:25:11","slug":"yritysten-vastuullisuus-ja-strategiatyo-uudelle-tasolle-nain-se-onnistuu","status":"publish","type":"post","link":"https:\/\/www.europesays.com\/fi\/117048\/","title":{"rendered":"Yritysten vastuullisuus- ja strategiaty\u00f6 uudelle tasolle \u2013 n\u00e4in se onnistuu"},"content":{"rendered":"<p>                Ty\u00f6 ja yritt\u00e4minen<\/p>\n<p>        Julkaistu 15.12.2025<\/p>\n<p>        Muokattu 15.12.2025<\/p>\n<p class=\"lead iwc-page-lead\">&#13;<br \/>\n            Syyskuussa 2025 k\u00e4ynnistynyt Vastuullisuuden strategiavalmennus huipentui Ylivieskan Akustiikassa j\u00e4rjestettyyn p\u00e4\u00e4t\u00f6stapaamiseen viime viikolla torstaina 11.12.2025. Valmennus kokosi yhteen yritt\u00e4ji\u00e4 Ylivieskasta, Nivala-Haapaj\u00e4rven seudulta, Raahesta ja Kalajoelta.&#13;\n    <\/p>\n<p style=\"margin: 0; font-family: &quot;Segoe UI&quot;; font-size: 10.5pt\">Reilun kolmen kuukauden aikana osallistujat syvensiv\u00e4t vastuullisuusosaamistaan, kehittiv\u00e4t yrityksens\u00e4 valmiuksia vastata vastuullisuusvaatimuksiin omissa toimitusketjuissaan ja rakensivat omat vastuullisuusstrategiansa hy\u00f6dynt\u00e4en valmennuksessa tarjottuja ty\u00f6kaluja ja ty\u00f6pohjia.<\/p>\n<p style=\"margin: 0; font-family: &quot;Segoe UI&quot;; font-size: 10.5pt\">\u00a0<\/p>\n<p style=\"margin: 0; font-family: &quot;Segoe UI&quot;; font-size: 16pt\">Miksi vastuullisuus kuuluu strategiaan?<\/p>\n<p style=\"margin: 0; font-family: &quot;Segoe UI&quot;; font-size: 16pt\">\u00a0<\/p>\n<p style=\"margin: 0; font-family: &quot;Segoe UI&quot;; font-size: 10.5pt\">Valmennuksen aikana nousi esiin yksi keskeinen oivallus: vastuullisuusstrategian laatimisessa voidaan hy\u00f6dynt\u00e4\u00e4 samoja ty\u00f6kaluja kuin perinteisen yritysstrategian rakentamisessa. T\u00e4m\u00e4 havainto madaltaa kynnyst\u00e4 aloittaa vastuullisuusty\u00f6 ja tekee siit\u00e4 samalla luontevan osan liiketoiminnan kehitt\u00e4mist\u00e4. Vastuullisuus ei ole irrallinen lis\u00e4 tai erikoisprojekti yrityksiss\u00e4, vaan se kannattaa integroida yrityksen arkeen, vuorovaikutukseen, p\u00e4\u00e4t\u00f6ksentekoon ja tietysti strategiaan.<\/p>\n<p style=\"margin: 0; font-family: &quot;Segoe UI&quot;; font-size: 10.5pt\">\u00a0<\/p>\n<p style=\"margin: 0; font-family: &quot;Segoe UI&quot;; font-size: 10.5pt\">Lis\u00e4ksi vastuullisuus on yh\u00e4 vahvemmin sidoksissa lains\u00e4\u00e4d\u00e4nt\u00f6\u00f6n ja raportointivelvoitteisiin. EU:n kest\u00e4vyysraportointidirektiivi (CSRD) ja taksonomia ohjaavat yrityksi\u00e4 kohti l\u00e4pin\u00e4kyv\u00e4\u00e4 vastuullisuusty\u00f6t\u00e4, mik\u00e4 vaikuttaa my\u00f6s pk-yrityksiin toimitusketjujen kautta. Suuret yritykset edellytt\u00e4v\u00e4t alihankkijoiltaan vastuullisuusdataa, mik\u00e4 tekee aiheesta kriittisen my\u00f6s pienemmille toimijoille.<\/p>\n<p style=\"margin: 0; font-family: &quot;Segoe UI&quot;; font-size: 10.5pt\">\u00a0<\/p>\n<p style=\"margin: 0; font-family: &quot;Segoe UI&quot;; font-size: 10.5pt\">Vastuullisuusstrategia tukee my\u00f6s rahoituksen saatavuutta: pankit ja rahoittajat painottavat vastuullisuuskriteerej\u00e4 investointip\u00e4\u00e4t\u00f6ksiss\u00e4, ja vastuullinen toiminta voi avata ovia uusiin rahoitusmahdollisuuksiin. Lis\u00e4ksi se vahvistaa yrityksen asemaa toimitusketjuissa, joissa vastuullisuusvaatimukset kasvavat jatkuvasti.<\/p>\n<p style=\"margin: 0; font-family: &quot;Segoe UI&quot;; font-size: 10.5pt\">\u00a0<\/p>\n<p style=\"margin: 0; font-family: &quot;Segoe UI&quot;; font-size: 12pt\">Miksi vastuullisuus on liiketoiminnan elinehto?<\/p>\n<p style=\"margin: 0; font-family: &quot;Segoe UI&quot;; font-size: 12pt\">\u00a0<\/p>\n<ul style=\"direction: ltr; unicode-bidi: embed; margin-top: 0; margin-bottom: 0\" type=\"disc\">\n<li style=\"margin-top: 0; margin-bottom: 0; vertical-align: middle\">Raportointivelvoitteet kasvavat<br \/>Esim. EU:n CSRD-direktiivi ja taksonomia edellytt\u00e4v\u00e4t l\u00e4pin\u00e4kyv\u00e4\u00e4 vastuullisuustietoa. Isompien yritysten toimitusketjujen kautta my\u00f6s pk-yrityksilt\u00e4.<\/li>\n<li style=\"margin-top: 0; margin-bottom: 0; vertical-align: middle\">Rahoituksen saatavuudessa arvioidaan my\u00f6s yrityksen vastuullisuudesta<br \/>Pankit ja rahoittajat painottavat vastuullisuuskriteerej\u00e4 investointip\u00e4\u00e4t\u00f6ksiss\u00e4.<\/li>\n<li style=\"margin-top: 0; margin-bottom: 0; vertical-align: middle\">Toimitusketjujen vaatimukset kiristyv\u00e4t<br \/>Suuret yritykset edellytt\u00e4v\u00e4t vastuullisuusdataa alihankkijoiltaan.<\/li>\n<\/ul>\n<p style=\"margin: 0; font-family: &quot;Segoe UI&quot;; font-size: 10.5pt\">\u00a0<\/p>\n<p style=\"margin: 0; font-family: &quot;Segoe UI&quot;; font-size: 16pt\">Keskeiset vaiheet ja ty\u00f6kalut valmennuksessa<\/p>\n<p style=\"margin: 0; font-family: &quot;Segoe UI&quot;; font-size: 10.5pt\">\u00a0<\/p>\n<p style=\"margin: 0; font-family: &quot;Segoe UI&quot;; font-size: 10.5pt\">Vastuullisuuden strategiavalmennuksessa isossa roolissa oli tekem\u00e4ll\u00e4 oppiminen sek\u00e4 vertaiskeskustelut eri aihealueista ja teht\u00e4vist\u00e4. Valmennus sis\u00e4lsi nelj\u00e4 ty\u00f6pajaa sek\u00e4 p\u00e4\u00e4t\u00f6stilaisuuden, jossa jokainen p\u00e4\u00e4si esittelem\u00e4\u00e4n tuotoksiaan valmennuksen ajalta. Ty\u00f6pajojen v\u00e4lill\u00e4 oli itsen\u00e4ist\u00e4 ty\u00f6skentely\u00e4 Howspace-oppimisalustalla, jonne oli koottu strategiaty\u00f6n ja vastuullisuusraportoinnin eri vaiheiden kannalta t\u00e4rkeit\u00e4 teht\u00e4vi\u00e4. Valmennus eteni nelj\u00e4n vaiheen kautta:<\/p>\n<p style=\"margin: 0; font-family: &quot;Segoe UI&quot;; font-size: 10.5pt\">\u00a0<\/p>\n<p style=\"margin: 0; font-family: &quot;Segoe UI&quot;; font-size: 10.5pt\">1. Ymm\u00e4rrys \u2013 vastuullisuuden merkityksen ja liiketoimintavaikutusten hahmottaminen<\/p>\n<p style=\"margin: 0; font-family: &quot;Segoe UI&quot;; font-size: 10.5pt\">2. M\u00e4\u00e4rittely \u2013 olennaiset teemat ja sidosryhm\u00e4t<\/p>\n<p style=\"margin: 0; font-family: &quot;Segoe UI&quot;; font-size: 10.5pt\">3. Valinnat \u2013 strategiset painopisteet ja tavoitteet<\/p>\n<p style=\"margin: 0; font-family: &quot;Segoe UI&quot;; font-size: 10.5pt\">4. Toteutus \u2013 konkreettiset toimenpiteet ja seuranta<\/p>\n<p style=\"margin: 0; font-family: &quot;Segoe UI&quot;; font-size: 10.5pt\">\u00a0<\/p>\n<p style=\"margin: 0; font-family: &quot;Segoe UI&quot;; font-size: 10.5pt\">Ty\u00f6skentely sis\u00e4lsi mm.:<\/p>\n<p style=\"margin: 0; font-family: &quot;Segoe UI&quot;; font-size: 10.5pt\">\u00a0<\/p>\n<ul style=\"direction: ltr; unicode-bidi: embed; margin-top: 0; margin-bottom: 0\" type=\"disc\">\n<li style=\"margin-top: 0; margin-bottom: 0; vertical-align: middle\">Olennaisuusanalyysin ja kaksoisolennaisuusanalyysin<\/li>\n<li style=\"margin-top: 0; margin-bottom: 0; vertical-align: middle\">Sidosryhmien tunnistamisen ja osallistamisen<\/li>\n<li style=\"margin-top: 0; margin-bottom: 0; vertical-align: middle\">Yrityksen arvojen, mission ja vision kirkastamisen vastuullisuuden n\u00e4k\u00f6kulmasta<\/li>\n<li style=\"margin-top: 0; margin-bottom: 0; vertical-align: middle\">Vastuullisuusstrategian nykytilan, tulevaisuuskuvan ja tahtotilan m\u00e4\u00e4rittelyn<\/li>\n<\/ul>\n<p style=\"margin: 0 0 0 0.375in; font-family: &quot;Segoe UI&quot;; font-size: 10.5pt\">\u00a0<\/p>\n<p style=\"margin: 0; font-family: &quot;Segoe UI&quot;; font-size: 10.5pt\">Analyysimenetelmin\u00e4 valmennuksessa hy\u00f6dynnettiin YK:n kest\u00e4v\u00e4n kehityksen tavoitteita, YK:n yritysvastuun periaatteita sek\u00e4 Sitran Megatrendej\u00e4 2023.<\/p>\n<p style=\"margin: 0; font-family: &quot;Segoe UI&quot;; font-size: 10.5pt\">\u00a0<\/p>\n<p style=\"margin: 0; font-family: &quot;Segoe UI&quot;; font-size: 16pt\">Oivalluksia ja keskustelua<\/p>\n<p style=\"margin: 0; font-family: &quot;Segoe UI&quot;; font-size: 16pt\">\u00a0<\/p>\n<p style=\"margin: 0; font-family: &quot;Segoe UI&quot;; font-size: 10.5pt\">Viimeisess\u00e4 l\u00e4hitapaamisessa osallistujat esitteliv\u00e4t omat strategiansa ja jakoivat kokemuksiaan. Keskusteluissa korostui erityisesti muun muassa olennaisuusanalyysin ja sidosryhm\u00e4ty\u00f6n merkitys \u2013 ne ovat avainasemassa, kun halutaan tehd\u00e4 vastuullisuusty\u00f6st\u00e4 aidosti vaikuttavaa ja liiketoimintaa tukevaa. Sitran Megatrendien parissa ty\u00f6skentely on auttanut yrityksi\u00e4 tunnistamaan omaan yritykseen vaikuttavia skenaarioita ja potentiaalisia riskej\u00e4, joihin kannattaisi varautua. YK:n kest\u00e4v\u00e4n kehityksen tavoitteet toimivat monille hyv\u00e4n\u00e4 ty\u00f6kaluna hahmottaa ja havainnollistaa vastuullisuusty\u00f6t\u00e4.<\/p>\n<p style=\"margin: 0; font-family: &quot;Segoe UI&quot;; font-size: 10.5pt\">\u00a0<\/p>\n<p style=\"margin: 0; font-family: &quot;Segoe UI&quot;; font-size: 10.5pt\">&#8221;YK:n Agenda 2030 -ohjelma on globaali ohjelma ja kest\u00e4v\u00e4n kehityksen tavoitteet tunnettuja maailmalla, joten kannustamme yrityksi\u00e4 hy\u00f6dynt\u00e4m\u00e4\u00e4n t\u00e4t\u00e4 analyysimenetelm\u00e4\u00e4&#8221; yritysasiantuntija Uusitalo selvient\u00e4\u00e4.<\/p>\n<p style=\"margin: 0; font-family: &quot;Segoe UI&quot;; font-size: 10.5pt\">\u00a0<\/p>\n<p style=\"margin: 0; font-family: &quot;Segoe UI&quot;; font-size: 10.5pt\"><img loading=\"lazy\" decoding=\"async\" src=\"https:\/\/www.europesays.com\/fi\/wp-content\/uploads\/2025\/12\/vsv-ylivieska-11-12-6.jpeg\" alt=\"\" width=\"450\" height=\"338\"\/> \u00a0<img loading=\"lazy\" decoding=\"async\" src=\"https:\/\/www.europesays.com\/fi\/wp-content\/uploads\/2025\/12\/vsv-ylivieska-11-12-2.jpeg\" alt=\"\" width=\"450\" height=\"338\"\/><\/p>\n<p style=\"margin: 0; font-family: &quot;Segoe UI&quot;; font-size: 10.5pt\">\u00a0<\/p>\n<p style=\"margin: 0; font-family: &quot;Segoe UI&quot;; font-size: 10.5pt\">Vaikka vastuullisuuslains\u00e4\u00e4d\u00e4nt\u00f6 on kuluneen vuoden ajan ollut murroksessa ja vastuullisuusraportoinnin vaatimukset ovat helpottuneet, on ollut hienoa huomata, ett\u00e4 yritysten kiinnostus ja halu panostaa vastuullisuuteen on pysynyt korkealla. Mikro- ja pk-yrityksiss\u00e4 on tunnistettu, ett\u00e4 vastuullisuuteen panostaminen on t\u00e4rke\u00e4 osa yrityksen tulevaisuuden elinvoimaisuutta, helpottaa varmasti my\u00f6s tulevaisuuden osaajien rekrytointeja ja on ennakointia investointien rahoitusta ajatellen. Vastuullisuusty\u00f6 on osa yritysten kehitys- ja rahoituskelpoisuuden arviointia t\u00e4n\u00e4 p\u00e4iv\u00e4n\u00e4.<\/p>\n<p style=\"margin: 0; font-family: &quot;Segoe UI&quot;; font-size: 10.5pt\">\u00a0<\/p>\n<p style=\"margin: 0; font-family: &quot;Segoe UI&quot;; font-size: 16pt\">Kiitos osallistujille ja yhteisty\u00f6kumppaneille<\/p>\n<p style=\"margin: 0; font-family: &quot;Segoe UI&quot;; font-size: 10.5pt\">\u00a0<\/p>\n<p style=\"margin: 0; font-family: &quot;Segoe UI&quot;; font-size: 10.5pt\">Valmennus j\u00e4rjestettiin kolmannen kerran ja se oli osa VATUPASSI \u2013 Vastuullinen tulevaisuus -projektia, joka on EU:n osarahoittama ESR+ -ryhm\u00e4hanke.<\/p>\n<p style=\"margin: 0; font-family: &quot;Segoe UI&quot;; font-size: 10.5pt\">\u00a0<\/p>\n<p style=\"margin: 0; font-family: &quot;Segoe UI&quot;; font-size: 10.5pt\">Kiitos kaikille osallistujille aktiivisuudesta ja avoimesta keskustelusta! Ty\u00f6 vastuullisuuden parissa jatkuu \u2013<\/p>\n<p style=\"margin: 0; font-family: &quot;Segoe UI&quot;; font-size: 10.5pt\">jos haluat kuulla lis\u00e4\u00e4 vastuullisuusstrategian rakentamisesta tai jatkaa keskustelua, ota rohkeasti yhteytt\u00e4.<\/p>\n<p style=\"margin: 0; font-family: &quot;Segoe UI&quot;; font-size: 10.5pt\">\u00a0<\/p>\n<p style=\"margin: 0; font-family: &quot;Segoe UI&quot;; font-size: 10.5pt\">T\u00e4m\u00e4 valmennus oli VATUPASSI-projektin viimeinen valmennus. Vuoden 2026 alussa tulossa viel\u00e4 vastuullisuusseminaari. Pysyth\u00e4n kuulolla, ohjelma, aikataulu ja ilmoittautuminen avataan pian!<\/p>\n<p style=\"margin: 0; font-family: &quot;Segoe UI&quot;; font-size: 10.5pt\">\u00a0<\/p>\n<p style=\"margin: 0; font-family: &quot;Segoe UI&quot;; font-size: 10.5pt\">Anna Uusitalo<\/p>\n<p style=\"margin: 0; font-family: &quot;Segoe UI&quot;; font-size: 10.5pt\">Anna.uusitalo@kalajoki.fi<\/p>\n<p style=\"margin: 0; font-family: &quot;Segoe UI&quot;; font-size: 10.5pt\">Puh. 040 508 7667<\/p>\n<p style=\"margin: 0; font-family: &quot;Segoe UI&quot;; font-size: 10.5pt\">\u00a0<\/p>\n<p style=\"margin: 0; font-size: 10.5pt\">\ud83d\udc49 Lue lis\u00e4\u00e4: <a href=\"http:\/\/www.vastuullisuusvalmennus.fi\" rel=\"nofollow noopener\" target=\"_blank\">www.vastuullisuusvalmennus.fi<\/a><\/p>\n<p style=\"margin: 0; font-size: 10.5pt\">\u00a0<\/p>\n<p style=\"margin: 0; font-family: &quot;Segoe UI&quot;; font-size: 10.5pt\">\u00a0<\/p>\n<p style=\"margin: 0; font-family: &quot;Segoe UI&quot;; font-size: 10.5pt\"><img loading=\"lazy\" decoding=\"async\" style=\"display: block; margin-left: auto; margin-right: auto\" src=\"https:\/\/www.europesays.com\/fi\/wp-content\/uploads\/2025\/12\/vsv-ylivieska-11-12-5.jpeg\" alt=\"\" width=\"500\" height=\"375\"\/><\/p>\n<p style=\"margin: 0; font-family: &quot;Segoe UI&quot;; font-size: 10.5pt; text-align: center\">Kuvassa vastuullisuuden strategiavalmennuksen l\u00e4hity\u00f6pajojen valmentajat: Anne-Mari Kukkola (NIHAK), <\/p>\n<p style=\"margin: 0; font-family: &quot;Segoe UI&quot;; font-size: 10.5pt; text-align: center\">Eeva Leinonen (Oulun yliopiston Kerttu Saalasti Instituutti), Anna Uusitalo (Kalajoki &amp; Raahen seudun kehitys) ja Sami Vuolteenaho (Ylivieska).<\/p>\n<p style=\"margin: 0; font-family: &quot;Segoe UI&quot;; font-size: 10.5pt\">\u00a0<\/p>\n<p style=\"margin: 0; font-family: &quot;Segoe UI&quot;; font-size: 10.5pt\">\u00a0<\/p>\n<p style=\"margin: 0; font-family: &quot;Segoe UI&quot;; font-size: 10.5pt\">Toteuttajina ryhm\u00e4hankkeessa toimivat Oulun yliopiston Kerttu Saalasti Instituutti, Ylivieskan kaupunki, Kalajoen kaupunki, Raahen seudun kehitys ja NIHAK. Projektin toteutusaika on 1.10.2023\u201331.3.2026.<\/p>\n<p style=\"margin: 0; font-family: &quot;Segoe UI&quot;; font-size: 10.5pt\">\u00a0<\/p>\n<p style=\"margin: 0; font-family: &quot;Segoe UI&quot;; font-size: 10.5pt\"><img loading=\"lazy\" decoding=\"async\" src=\"https:\/\/www.europesays.com\/fi\/wp-content\/uploads\/2025\/12\/vatupassi-logot-lyhyt.jpg\" alt=\"VATUPASSI-hankkeen rahoittajien logot. EU:n osarahoittama.\" width=\"1000\" height=\"325\"\/><\/p>\n","protected":false},"excerpt":{"rendered":"Ty\u00f6 ja yritt\u00e4minen Julkaistu 15.12.2025 Muokattu 15.12.2025 &#13; Syyskuussa 2025 k\u00e4ynnistynyt Vastuullisuuden strategiavalmennus huipentui Ylivieskan Akustiikassa j\u00e4rjestettyyn p\u00e4\u00e4t\u00f6stapaamiseen&hellip;\n","protected":false},"author":2,"featured_media":117049,"comment_status":"","ping_status":"","sticky":false,"template":"","format":"standard","meta":{"footnotes":""},"categories":[76],"tags":[79,77,33,31,30,32,78],"class_list":{"0":"post-117048","1":"post","2":"type-post","3":"status-publish","4":"format-standard","5":"has-post-thumbnail","7":"category-talous","8":"tag-business","9":"tag-economy","10":"tag-fi","11":"tag-finland","12":"tag-finnish","13":"tag-suomi","14":"tag-talous"},"share_on_mastodon":{"url":"https:\/\/pubeurope.com\/@fi\/115724047335217380","error":""},"_links":{"self":[{"href":"https:\/\/www.europesays.com\/fi\/wp-json\/wp\/v2\/posts\/117048","targetHints":{"allow":["GET"]}}],"collection":[{"href":"https:\/\/www.europesays.com\/fi\/wp-json\/wp\/v2\/posts"}],"about":[{"href":"https:\/\/www.europesays.com\/fi\/wp-json\/wp\/v2\/types\/post"}],"author":[{"embeddable":true,"href":"https:\/\/www.europesays.com\/fi\/wp-json\/wp\/v2\/users\/2"}],"replies":[{"embeddable":true,"href":"https:\/\/www.europesays.com\/fi\/wp-json\/wp\/v2\/comments?post=117048"}],"version-history":[{"count":0,"href":"https:\/\/www.europesays.com\/fi\/wp-json\/wp\/v2\/posts\/117048\/revisions"}],"wp:featuredmedia":[{"embeddable":true,"href":"https:\/\/www.europesays.com\/fi\/wp-json\/wp\/v2\/media\/117049"}],"wp:attachment":[{"href":"https:\/\/www.europesays.com\/fi\/wp-json\/wp\/v2\/media?parent=117048"}],"wp:term":[{"taxonomy":"category","embeddable":true,"href":"https:\/\/www.europesays.com\/fi\/wp-json\/wp\/v2\/categories?post=117048"},{"taxonomy":"post_tag","embeddable":true,"href":"https:\/\/www.europesays.com\/fi\/wp-json\/wp\/v2\/tags?post=117048"}],"curies":[{"name":"wp","href":"https:\/\/api.w.org\/{rel}","templated":true}]}}