{"id":117055,"date":"2025-12-15T14:40:07","date_gmt":"2025-12-15T14:40:07","guid":{"rendered":"https:\/\/www.europesays.com\/fi\/117055\/"},"modified":"2025-12-15T14:40:07","modified_gmt":"2025-12-15T14:40:07","slug":"mediayhtio-sanoma-aikoo-maksaa-linda-lampeniukselle-takaisin-rahat-anteeksipyynnosta-peter-nygardille","status":"publish","type":"post","link":"https:\/\/www.europesays.com\/fi\/117055\/","title":{"rendered":"Mediayhti\u00f6 Sanoma aikoo maksaa Linda Lampeniukselle takaisin rahat anteeksi\u00adpyynn\u00f6st\u00e4 Peter Nyg\u00e5rdille"},"content":{"rendered":"<p data-beyondwords-marker=\"35627a10-50e1-4581-bbed-d356153c34ec\">Sanoma Media Finland palauttaa viulisti <strong>Linda Lampeniukselle <\/strong>takaisin t\u00e4m\u00e4n yli kaksi vuosikymment\u00e4 sitten maksaman lehti-ilmoituksen hinnan, yhti\u00f6n toimitusjohtaja <strong>Pia Kalsta<\/strong> kertoo Suomen Kuvalehden haastattelussa.\u00a0<\/p>\n<p data-beyondwords-marker=\"40200c76-4f21-4b27-a147-11f315670340\">Lampenius joutui vuonna 2001 <a href=\"https:\/\/www.is.fi\/viihde\/art-2000000186953.html\" target=\"_blank\" rel=\"noreferrer noopener nofollow\">ostamaan<\/a> Ilta-Sanomista kokosivun ilmoituksen ja antamaan<a href=\"https:\/\/www.is.fi\/viihde\/art-2000000063197.html\" target=\"_blank\" rel=\"noreferrer noopener nofollow\"> haastattelun<\/a> lehden toimittajalle <strong>Rita Tainolalle<\/strong>, jotta kanadalainen miljon\u00e4\u00e4ri <strong>Peter Nyg\u00e5rd<\/strong> lakkaisi vaatimasta korvausta kunnianloukkauksesta. Vaadittu summa oli IS:n mukaan l\u00e4hes 60 miljoonaa markkaa.\u00a0\u00a0<\/p>\n<p data-beyondwords-marker=\"09b23635-eb96-45d6-9aee-aeb8ddcd41d6\">Kiistan taustalla oli Lampeniuksen vuonna 1997 tekem\u00e4 Kalifornian-matka, jonka toteuttamiseen Tainola oli <a href=\"https:\/\/www.iltalehti.fi\/viihdeuutiset\/a\/d11abb6c-03a0-4ba7-bd3f-ad18ea5fa10d\" target=\"_blank\" rel=\"noreferrer noopener nofollow\">osallistunut<\/a>. My\u00f6hemmin Lampenius kertoi 7 p\u00e4iv\u00e4\u00e4 -lehdess\u00e4 tavanneensa matkalla Nyg\u00e5rdin. T\u00e4m\u00e4 oli Lampeniuksen mukaan n\u00e4ytt\u00e4nyt h\u00e4nelle Bahaman-huvilaltaan valokuvia, joissa oli alastomia naisia. Lampenius oli sanonut haastattelussa, ettei kenenk\u00e4\u00e4n pit\u00e4isi en\u00e4\u00e4 l\u00e4hett\u00e4\u00e4 \u201dsuomalaistytt\u00f6j\u00e4\u201d sinne.<\/p>\n<p data-beyondwords-marker=\"6cd0c4cd-f9f4-417f-b753-fa30000d4685\">Ilta-Sanomien ilmoituksessa ja jutussa Lampenius pyysi anteeksi aiempia sanomisiaan. Sovinto p\u00e4\u00e4tti riitelyn, joka oli aiheuttanut h\u00e4nelle nykyrahassa satojentuhansien eurojen asianajokulut.\u00a0<\/p>\n<p data-beyondwords-marker=\"a7f8aeec-6fe7-4851-b6f0-270339e85c23\">Vuonna 2024 Nyg\u00e5rd tuomittiin 11 vuoden vankeuteen kolmeen naiseen ja yhteen tytt\u00f6\u00f6n kohdistuneista seksuaalirikoksista.<\/p>\n<p data-beyondwords-marker=\"e4ee1f3d-3e75-4693-b42d-5df1c667cf31\">Ylen hallituksen tuleva puheenjohtaja, Iltalehden entinen kustantaja <strong>Kari Kivel\u00e4<\/strong> kirjoitti syksyll\u00e4 julkaistuissa muistelmissaan toivovansa, ett\u00e4 Sanoma olisi maksanut Lampeniukselle takaisin rahat, \u201djoilla h\u00e4net pakotettiin ostamaan valheellinen anteeksipyynt\u00f6\u201d.\u00a0\u00a0<\/p>\n<p data-beyondwords-marker=\"5f9169b6-bca7-486c-8d49-3bc693d619fd\">Suomen Kuvalehti pyysi Pia Kalstalta haastattelua aiheesta torstaina 11. joulukuuta. Haastattelu toteutui t\u00e4n\u00e4\u00e4n.\u00a0\u00a0<\/p>\n<p data-beyondwords-marker=\"358569b7-a8f6-41b5-97de-d6f8dfe5420d\"><strong>Mit\u00e4 mielt\u00e4 olet Kivel\u00e4n ajatuksesta?\u00a0<\/strong><\/p>\n<p data-beyondwords-marker=\"23403f11-277e-46d2-9985-d25b9cb7e315\">\u201dKun t\u00e4t\u00e4 asiaa miettii ja katsoo taaksep\u00e4in, niin inhimillisesti katsoen rahojen palautus on ihan hyv\u00e4 idea.\u201d\u00a0<\/p>\n<p data-beyondwords-marker=\"aa87943d-99a1-49d0-91a1-ff0fe30be377\"><strong>Aiotteko siis palauttaa rahat Lampeniukselle?\u00a0<\/strong><\/p>\n<p data-beyondwords-marker=\"49fd06dd-f512-43a5-a470-67a098a0e334\">\u201dKyll\u00e4 t\u00e4m\u00e4 on ajatus, mutta siit\u00e4 on Lindan kanssa keskusteltava.\u201d\u00a0\u00a0<\/p>\n<p data-beyondwords-marker=\"efbcf8c4-b15e-4a5f-adff-b743fbab51bc\"><strong>Ette ole viel\u00e4 aloittaneet keskustelua?\u00a0<\/strong><\/p>\n<p data-beyondwords-marker=\"9c8ba9f5-c59a-45d7-8ba7-d89273ed1146\">\u201dEi t\u00e4ss\u00e4 nyt viikonlopun aikana ole keskusteltu.\u201d\u00a0\u00a0<\/p>\n<p data-beyondwords-marker=\"4f63d040-e328-43d2-bf8a-2e498f8fe94f\"><strong>Sanoma hy\u00f6tyi Lampeniuksen ja Nyg\u00e5rdin v\u00e4lisest\u00e4 sopimuksesta kahdella tavalla eli saitte ilmoitustuloja ja haastattelun. Milt\u00e4 t\u00e4m\u00e4 kuvio tuntuu nyt j\u00e4lkik\u00e4teen arvioituna?\u00a0\u00a0<\/strong><\/p>\n<p data-beyondwords-marker=\"23767d98-2dbe-42f6-b50e-dfc66f3f126c\">\u201dT\u00e4st\u00e4 on nyt 25 vuotta aikaa, eiv\u00e4tk\u00e4 n\u00e4it\u00e4 p\u00e4\u00e4t\u00f6ksi\u00e4 tehneet henkil\u00f6t ole en\u00e4\u00e4 keskuudessamme. Mutta nyt kun t\u00e4t\u00e4 katsoo, niin eih\u00e4n se hyv\u00e4lt\u00e4 n\u00e4yt\u00e4.\u201d<\/p>\n<p data-beyondwords-marker=\"28df83b8-c993-4407-9c23-112e698aa1f3\"><strong>Rita Tainola kertoi <a href=\"https:\/\/yle.fi\/a\/3-11858921\" target=\"_blank\" rel=\"noreferrer noopener nofollow\">Ylelle<\/a> vuonna 2021 sopimuksen synnyst\u00e4 seuraavasti: \u201dNyg\u00e5rdin suomalainen ty\u00f6ntekij\u00e4 tunsi minut ja sanoi, ett\u00e4 voitaisiinko se julkaista teill\u00e4. Kerroin t\u00e4st\u00e4 toimituksen johdolle ja johto totesi, ett\u00e4 tietenkin otetaan rahat t\u00e4st\u00e4.\u201d Miten kommentoit t\u00e4t\u00e4?\u00a0<\/strong><\/p>\n<p data-beyondwords-marker=\"d03664fd-ee6a-413f-9513-0604db3fd042\">\u201dKommentoin ihan samalla tavalla. T\u00e4m\u00e4 on 25 vuotta vanha asia, josta ei ole olemassa dokumentaatiota, eiv\u00e4tk\u00e4 n\u00e4m\u00e4 [asiasta p\u00e4\u00e4tt\u00e4neet] johdon henkil\u00f6t ole en\u00e4\u00e4 keskuudessamme.\u201d\u00a0\u00a0<\/p>\n<p data-beyondwords-marker=\"0a69da48-244b-48b3-b8d5-438b990a9d24\"><strong>Kuinka paljon tuo ilmoitus maksoi?\u00a0<\/strong><\/p>\n<p data-beyondwords-marker=\"8daacfe1-9a32-4bfb-ac4c-6e733e3c930f\">\u201dMinulla ei ole siit\u00e4 ihan tarkkaa tietoa, mutta eik\u00f6h\u00e4n se summa jostakin l\u00f6ydy.\u201d\u00a0\u00a0<\/p>\n<p data-beyondwords-marker=\"2335edb2-dd23-464a-8555-eb1d6d58295f\"><strong>Sen ajan lehtitietojen mukaan hinta olisi ollut 35 000 markkaa. Kuulostaako se sinusta oikean suuruiselta?\u00a0<\/strong><\/p>\n<p data-beyondwords-marker=\"3407ba72-31cb-41d1-a7da-a4aca564ed8a\">\u201dSe t\u00e4ytyy tarkastaa.\u201d\u00a0\u00a0<\/p>\n<p data-beyondwords-marker=\"fed84b9e-f80a-4da4-9da7-b6771921408a\"><strong>Ilta-Sanomat on julkaissut lukuisia Tainolan kirjoittamia my\u00f6t\u00e4sukaisia juttuja Peter Nyg\u00e5rdista. Mit\u00e4 ajattelet siit\u00e4?\u00a0<\/strong>\u00a0<\/p>\n<p data-beyondwords-marker=\"4b143640-cad5-42fa-a038-c389813fa00e\">\u201dT\u00e4st\u00e4kin on 25 vuotta aikaa, mutta eih\u00e4n se nykykatsannossa hyv\u00e4lt\u00e4 n\u00e4yt\u00e4.\u201d\u00a0<\/p>\n<p data-beyondwords-marker=\"4caa7ac9-b0b0-47ac-89ed-33d04f50e823\">Tosiasiassa Ilta-Sanomat <a href=\"https:\/\/www.is.fi\/viihde\/art-2000005596075.html\" rel=\"nofollow noopener\" target=\"_blank\">on julkaissut<\/a> my\u00f6t\u00e4sukaisen Nyg\u00e5rd-artikkelin viel\u00e4 ainakin vuonna 2018.<\/p>\n<p>      <img decoding=\"async\" class=\"free-sample awpo-lazy\" src=\"https:\/\/suomenkuvalehti.fi\/wp-content\/themes\/om-suomenkuvalehti-theme\/assets\/images\/free-sample-banner.svg\"\/><\/p>\n","protected":false},"excerpt":{"rendered":"Sanoma Media Finland palauttaa viulisti Linda Lampeniukselle takaisin t\u00e4m\u00e4n yli kaksi vuosikymment\u00e4 sitten maksaman lehti-ilmoituksen hinnan, yhti\u00f6n toimitusjohtaja&hellip;\n","protected":false},"author":2,"featured_media":117056,"comment_status":"","ping_status":"","sticky":false,"template":"","format":"standard","meta":{"footnotes":""},"categories":[136],"tags":[12023,407,137,33,31,30,34,408,2051,1077,16270,4353,32,109],"class_list":{"0":"post-117055","1":"post","2":"type-post","3":"status-publish","4":"format-standard","5":"has-post-thumbnail","7":"category-julkkikset","8":"tag-ajankohtainen","9":"tag-celebrities","10":"tag-entertainment","11":"tag-fi","12":"tag-finland","13":"tag-finnish","14":"tag-ilta-sanomat","15":"tag-julkkikset","16":"tag-kunnianloukkaus","17":"tag-media","18":"tag-sanoma","19":"tag-seksuaalirikokset","20":"tag-suomi","21":"tag-viihde"},"share_on_mastodon":{"url":"https:\/\/pubeurope.com\/@fi\/115724106208598622","error":""},"_links":{"self":[{"href":"https:\/\/www.europesays.com\/fi\/wp-json\/wp\/v2\/posts\/117055","targetHints":{"allow":["GET"]}}],"collection":[{"href":"https:\/\/www.europesays.com\/fi\/wp-json\/wp\/v2\/posts"}],"about":[{"href":"https:\/\/www.europesays.com\/fi\/wp-json\/wp\/v2\/types\/post"}],"author":[{"embeddable":true,"href":"https:\/\/www.europesays.com\/fi\/wp-json\/wp\/v2\/users\/2"}],"replies":[{"embeddable":true,"href":"https:\/\/www.europesays.com\/fi\/wp-json\/wp\/v2\/comments?post=117055"}],"version-history":[{"count":0,"href":"https:\/\/www.europesays.com\/fi\/wp-json\/wp\/v2\/posts\/117055\/revisions"}],"wp:featuredmedia":[{"embeddable":true,"href":"https:\/\/www.europesays.com\/fi\/wp-json\/wp\/v2\/media\/117056"}],"wp:attachment":[{"href":"https:\/\/www.europesays.com\/fi\/wp-json\/wp\/v2\/media?parent=117055"}],"wp:term":[{"taxonomy":"category","embeddable":true,"href":"https:\/\/www.europesays.com\/fi\/wp-json\/wp\/v2\/categories?post=117055"},{"taxonomy":"post_tag","embeddable":true,"href":"https:\/\/www.europesays.com\/fi\/wp-json\/wp\/v2\/tags?post=117055"}],"curies":[{"name":"wp","href":"https:\/\/api.w.org\/{rel}","templated":true}]}}