{"id":117057,"date":"2025-12-15T14:44:09","date_gmt":"2025-12-15T14:44:09","guid":{"rendered":"https:\/\/www.europesays.com\/fi\/117057\/"},"modified":"2025-12-15T14:44:09","modified_gmt":"2025-12-15T14:44:09","slug":"madonna-poseeraa-pinkissa-korsetissa-kuvat-takapuolesta-olivat-liikaa-pystyt-parempaan","status":"publish","type":"post","link":"https:\/\/www.europesays.com\/fi\/117057\/","title":{"rendered":"Madonna poseeraa pinkiss\u00e4 korsetissa \u2013 Kuvat takapuolesta olivat liikaa: \u201dPystyt parempaan\u201d"},"content":{"rendered":"<p>Madonna julkaisi Instagram-tilill\u00e4\u00e4n h\u00e4ik\u00e4isevi\u00e4 otoksia, joista muutama h\u00e4mmensi faneja.<\/p>\n<p><img decoding=\"async\" class=\"image image-show image-preview\" src=\"https:\/\/www.europesays.com\/fi\/wp-content\/uploads\/2025\/12\/2e3f82592170a8c501b3d25ee771dcd95fe65bc90b040cae415c6cf91fc00d77.png\" alt=\"\"\/><img decoding=\"async\" class=\"image image-show\" src=\"https:\/\/www.europesays.com\/fi\/wp-content\/uploads\/2025\/12\/1765809849_121_2e3f82592170a8c501b3d25ee771dcd95fe65bc90b040cae415c6cf91fc00d77.png\" alt=\"\"\/><\/p>\n<p>Madonna vuoden 2025 Met-gaalassa. AOP<\/p>\n<p class=\"paragraph\">Laulaja <a href=\"https:\/\/www.iltalehti.fi\/henkilot\/Madonna\" class=\"article-link-person-page\" rel=\"nofollow noopener\" target=\"_blank\">Madonna<\/a>, 67, julkaisi Instagram-tilill\u00e4\u00e4n tukun h\u00e4ik\u00e4isevi\u00e4 otoksia. Kuvissa Madonna poseeraa vaaleanpunaisessa korsettiasussa erilaisissa otoksissa.<\/p>\n<p class=\"paragraph\">Kuvien joukossa on my\u00f6s muutamia hyvin erikoisia, mutta viekoittelevia l\u00e4hikuvia Madonnan takapuolesta.<\/p>\n<p class=\"paragraph\">\u2013 Hyv\u00e4\u00e4 viikkoa diivoille, Madonna kirjoitti kuvatekstiin.<\/p>\n<p class=\"paragraph\">Katso p\u00e4ivitys alapuolelta. Jos p\u00e4ivitys ei n\u00e4y, voit katsoa sen <a href=\"https:\/\/www.instagram.com\/p\/DSAwo14DWA4\/?img_index=1\" rel=\"noopener nofollow\" target=\"_blank\">t\u00e4st\u00e4 linkist\u00e4<\/a>.<\/p>\n<p class=\"paragraph\">Kuvan kommenttikent\u00e4ss\u00e4 ihasteltiin otoksia ja kehuttiin laulajaa hyvin nuorekkaan n\u00e4k\u00f6iseksi.<\/p>\n<p class=\"paragraph\">\u2013 Vau. N\u00e4yt\u00e4t aivan uskomattomalta.<\/p>\n<p class=\"paragraph\">\u2013 Kannat kruunuasi edelleen hyvin.<\/p>\n<p class=\"paragraph\">Takapuolesta otetut l\u00e4hikuvat eiv\u00e4t kuitenkaan auenneet kaikille. Kuvat kirvoittivat h\u00e4mm\u00e4styneit\u00e4 kommentteja, joita taas puolustettiin sill\u00e4, ett\u00e4 ne ovat Madonnalle ominaista huumoria.<\/p>\n<p class=\"paragraph\">\u2013 Kauniita kuvia, mutta nuo kuvat takapuolestasi eiv\u00e4t ole tyylikk\u00e4it\u00e4. Pystyt kyll\u00e4 parempaan, er\u00e4s kommentti kuului.<\/p>\n<p class=\"paragraph\">Madonna oli muutama vuosi sitten otsikoissa pahoista terveysongelmistaan, mutta voi nyt hyvin. Madonna sai verenmyrkytyksen, mik\u00e4 oli johtaa t\u00e4hden kuolemaan. 67-vuotias laulajat\u00e4hti puhui verenmyrkytyksest\u00e4 aiemmin t\u00e4n\u00e4 syksyn\u00e4 On Purpose -podcastissa. <a href=\"https:\/\/abcnews.go.com\/GMA\/Wellness\/madonna-opens-surviving-sepsis-kill\/story?id=126076537\" rel=\"noopener nofollow\" target=\"_blank\">Madonna kertoi<\/a>, ett\u00e4 vaikka tilanne n\u00e4ytti jokseenkin toivottamaltakin, h\u00e4n uskoi omiin voimiinsa ja kykyyn parantua.<\/p>\n<p class=\"paragraph\">Madonna on pitk\u00e4n linjan muusikko, joka muistetaan hittikappaleista kuten Like a Virgin, Sorry ja Material Girl.<\/p>\n<p><script async src=\"\/\/www.instagram.com\/embed.js\"><\/script><\/p>\n","protected":false},"excerpt":{"rendered":"Madonna julkaisi Instagram-tilill\u00e4\u00e4n h\u00e4ik\u00e4isevi\u00e4 otoksia, joista muutama h\u00e4mmensi faneja. Madonna vuoden 2025 Met-gaalassa. AOP Laulaja Madonna, 67, julkaisi&hellip;\n","protected":false},"author":2,"featured_media":117058,"comment_status":"","ping_status":"","sticky":false,"template":"","format":"standard","meta":{"footnotes":""},"categories":[132],"tags":[35,138,137,33,31,30,525,195,47,141,32,484,109],"class_list":{"0":"post-117057","1":"post","2":"type-post","3":"status-publish","4":"format-standard","5":"has-post-thumbnail","7":"category-musiikki","8":"tag-24h","9":"tag-audio","10":"tag-entertainment","11":"tag-fi","12":"tag-finland","13":"tag-finnish","14":"tag-laulaminen-ja-laulajat","15":"tag-music","16":"tag-musiikki","17":"tag-muusikot-bandit","18":"tag-suomi","19":"tag-taiteellinen-ilmaisu-ja-mediat","20":"tag-viihde"},"share_on_mastodon":{"url":"https:\/\/pubeurope.com\/@fi\/115724122531484224","error":""},"_links":{"self":[{"href":"https:\/\/www.europesays.com\/fi\/wp-json\/wp\/v2\/posts\/117057","targetHints":{"allow":["GET"]}}],"collection":[{"href":"https:\/\/www.europesays.com\/fi\/wp-json\/wp\/v2\/posts"}],"about":[{"href":"https:\/\/www.europesays.com\/fi\/wp-json\/wp\/v2\/types\/post"}],"author":[{"embeddable":true,"href":"https:\/\/www.europesays.com\/fi\/wp-json\/wp\/v2\/users\/2"}],"replies":[{"embeddable":true,"href":"https:\/\/www.europesays.com\/fi\/wp-json\/wp\/v2\/comments?post=117057"}],"version-history":[{"count":0,"href":"https:\/\/www.europesays.com\/fi\/wp-json\/wp\/v2\/posts\/117057\/revisions"}],"wp:featuredmedia":[{"embeddable":true,"href":"https:\/\/www.europesays.com\/fi\/wp-json\/wp\/v2\/media\/117058"}],"wp:attachment":[{"href":"https:\/\/www.europesays.com\/fi\/wp-json\/wp\/v2\/media?parent=117057"}],"wp:term":[{"taxonomy":"category","embeddable":true,"href":"https:\/\/www.europesays.com\/fi\/wp-json\/wp\/v2\/categories?post=117057"},{"taxonomy":"post_tag","embeddable":true,"href":"https:\/\/www.europesays.com\/fi\/wp-json\/wp\/v2\/tags?post=117057"}],"curies":[{"name":"wp","href":"https:\/\/api.w.org\/{rel}","templated":true}]}}