{"id":117063,"date":"2025-12-15T14:48:08","date_gmt":"2025-12-15T14:48:08","guid":{"rendered":"https:\/\/www.europesays.com\/fi\/117063\/"},"modified":"2025-12-15T14:48:08","modified_gmt":"2025-12-15T14:48:08","slug":"yle-areenasta-lahtee-talla-viikolla-kolme-elokuvaa-kaksi-jo-tanaan-yksi-huomenna","status":"publish","type":"post","link":"https:\/\/www.europesays.com\/fi\/117063\/","title":{"rendered":"Yle Areenasta l\u00e4htee t\u00e4ll\u00e4 viikolla kolme elokuvaa &#8211; kaksi jo t\u00e4n\u00e4\u00e4n, yksi huomenna"},"content":{"rendered":"<p>Yle Areenasta l\u00e4htee sangen dramaattisia elokuvia alkuviikosta.<\/p>\n<p>Yle Areenasta t\u00e4ll\u00e4 viikolla l\u00e4htevist\u00e4 elokuvista Rose ja T\u00e4m\u00e4 maa ovat katsottavissa en\u00e4\u00e4 t\u00e4n\u00e4\u00e4n. J\u00e4\u00e4hyv\u00e4iset voi katsoa viel\u00e4 huomenna.<\/p>\n<p>Kolmikon esittelyt alla.<\/p>\n<p><strong>Rose (2022)<br \/><\/strong>Poistuu maanantaina 15. joulukuuta<\/p>\n<p>\u201dRose on v\u00e4kev\u00e4 ja l\u00e4mminhenkinen tarina perheest\u00e4, rakkaudesta sek\u00e4 siit\u00e4, ettei mik\u00e4\u00e4n ole sit\u00e4, milt\u00e4 ensi silm\u00e4yksell\u00e4 n\u00e4ytt\u00e4\u00e4. Elet\u00e4\u00e4n vuotta 1997. Inger, h\u00e4nen siskonsa Ellen ja lankonsa Vagn l\u00e4htev\u00e4t linja-automatkalle kohti Pariisia. Seurue on tuskin ehtinyt moottoritielle, kun Inger kertoo matkaseurueelle k\u00e4rsiv\u00e4ns\u00e4 mielenterveysh\u00e4iri\u00f6st\u00e4 \u2013 ja niin Pariisin-matkasta on jo muotoutumassa unohtumaton viikko. Lis\u00e4ksi Ingerill\u00e4 on salainen motiivi matkaansa: perille p\u00e4\u00e4sty\u00e4\u00e4n h\u00e4n ryhtyy etsim\u00e4\u00e4n kadotettua rakkautta.\u201d<\/p>\n<p><strong>T\u00e4m\u00e4 maa (Alcarr\u00e0s, 2022)<\/strong><br \/>Poistuu maanantaina 15. joulukuuta<\/p>\n<p>\u201dBerliinin elokuvafestivaalit voittanut elokuva, jossa katalonialaisen kyl\u00e4n perhetilaa uhkaa h\u00e4\u00e4t\u00f6, kun persikkaviljelm\u00e4t aiotaan kunnan suunnitelmissa korvata aurinkopaneeleilla. Ohjauksesta vastaa Carla Sim\u00f3n.\u201d<\/p>\n<p><strong>J\u00e4\u00e4hyv\u00e4iset (1981) <br \/><\/strong>Poistuu tiistaina 16. joulukuuta<\/p>\n<p>\u201dSuomenruotsalaisen pankkisuvun tyt\u00e4r hakee sukupuoli-identiteetti\u00e4\u00e4n ja vanhempiensa hyv\u00e4ksynt\u00e4\u00e4. Pohjautuu Vivica Bandlerin nuoruusmuistoihin. Pirkko Nurmi esitt\u00e4\u00e4 p\u00e4\u00e4osaa, Tuija-Maija Niskanen on ohjannut.\u201d<\/p>\n<p>Viikon uutuudet on listattu t\u00e4\u00e4ll\u00e4:<\/p>\n<p><a href=\"https:\/\/muropaketti.com\/elokuvat\/elokuvauutiset\/yle-areenan-tarkeimmat-uudet-sarjat-ja-elokuvat-viikolla-51-2025\/\" rel=\"nofollow noopener\" target=\"_blank\">Yle Areenan t\u00e4rkeimm\u00e4t uudet sarjat ja elokuvat viikolla 51\/2025<\/a><\/p>\n","protected":false},"excerpt":{"rendered":"Yle Areenasta l\u00e4htee sangen dramaattisia elokuvia alkuviikosta. Yle Areenasta t\u00e4ll\u00e4 viikolla l\u00e4htevist\u00e4 elokuvista Rose ja T\u00e4m\u00e4 maa ovat&hellip;\n","protected":false},"author":2,"featured_media":9012,"comment_status":"","ping_status":"","sticky":false,"template":"","format":"standard","meta":{"footnotes":""},"categories":[130],"tags":[137,33,31,30,32,109,913],"class_list":{"0":"post-117063","1":"post","2":"type-post","3":"status-publish","4":"format-standard","5":"has-post-thumbnail","7":"category-viihde","8":"tag-entertainment","9":"tag-fi","10":"tag-finland","11":"tag-finnish","12":"tag-suomi","13":"tag-viihde","14":"tag-yle-areena"},"share_on_mastodon":{"url":"https:\/\/pubeurope.com\/@fi\/115724137555501369","error":""},"_links":{"self":[{"href":"https:\/\/www.europesays.com\/fi\/wp-json\/wp\/v2\/posts\/117063","targetHints":{"allow":["GET"]}}],"collection":[{"href":"https:\/\/www.europesays.com\/fi\/wp-json\/wp\/v2\/posts"}],"about":[{"href":"https:\/\/www.europesays.com\/fi\/wp-json\/wp\/v2\/types\/post"}],"author":[{"embeddable":true,"href":"https:\/\/www.europesays.com\/fi\/wp-json\/wp\/v2\/users\/2"}],"replies":[{"embeddable":true,"href":"https:\/\/www.europesays.com\/fi\/wp-json\/wp\/v2\/comments?post=117063"}],"version-history":[{"count":0,"href":"https:\/\/www.europesays.com\/fi\/wp-json\/wp\/v2\/posts\/117063\/revisions"}],"wp:featuredmedia":[{"embeddable":true,"href":"https:\/\/www.europesays.com\/fi\/wp-json\/wp\/v2\/media\/9012"}],"wp:attachment":[{"href":"https:\/\/www.europesays.com\/fi\/wp-json\/wp\/v2\/media?parent=117063"}],"wp:term":[{"taxonomy":"category","embeddable":true,"href":"https:\/\/www.europesays.com\/fi\/wp-json\/wp\/v2\/categories?post=117063"},{"taxonomy":"post_tag","embeddable":true,"href":"https:\/\/www.europesays.com\/fi\/wp-json\/wp\/v2\/tags?post=117063"}],"curies":[{"name":"wp","href":"https:\/\/api.w.org\/{rel}","templated":true}]}}