{"id":117066,"date":"2025-12-15T14:51:10","date_gmt":"2025-12-15T14:51:10","guid":{"rendered":"https:\/\/www.europesays.com\/fi\/117066\/"},"modified":"2025-12-15T14:51:10","modified_gmt":"2025-12-15T14:51:10","slug":"kuntalaisaloite-omakotiyhdistykselta-katuvalojen-oisen-sammuttamisen-peruminen","status":"publish","type":"post","link":"https:\/\/www.europesays.com\/fi\/117066\/","title":{"rendered":"Kuntalaisaloite omakotiyhdistykselt\u00e4 | Katuvalojen \u00f6isen sammuttamisen peruminen"},"content":{"rendered":"<p>            <a href=\"https:\/\/turunseutusanomat.fi\/wp-content\/uploads\/2025\/12\/Raision-Omakotiyhdistys-ry-2025-web.jpg\" data-caption=\"Raision Omakotiyhdistys ry. Kuva: Turun Seutusanomien arkisto.\" rel=\"nofollow noopener\" target=\"_blank\"><img loading=\"lazy\" decoding=\"async\" width=\"696\" height=\"464\" class=\"entry-thumb td-modal-image lazyload\" src=\"https:\/\/www.europesays.com\/fi\/wp-content\/uploads\/2025\/12\/Raision-Omakotiyhdistys-ry-2025-web-696x464.jpg\"  data- alt=\"Raision Omakotiyhdistys ry. Kuva: Turun Seutusanomien arkisto.\" title=\"Raision Omakotiyhdistys ry 2025 web\" style=\"--smush-placeholder-width: 696px; --smush-placeholder-aspect-ratio: 696\/464;\"\/><\/a>Raision Omakotiyhdistys ry. Kuva: Turun Seutusanomien arkisto.            <\/p>\n<p><strong>Raision Omakotiyhdistys ry on tehnyt kaupungille kuntalaistaloitteen \u00f6isen katuvalaistuksen parantamiseksi. Aloite on j\u00e4senist\u00f6n toiveesta syntynyt ja toimitettu Raision kaupungille 12.12.2025<\/strong><\/p>\n<p>Katuvalojen sammuttaminen \u00f6isin perustuu edellisen kaupunginvaltuuston tekem\u00e4\u00e4n p\u00e4\u00e4t\u00f6kseen s\u00e4\u00e4st\u00f6syist\u00e4. S\u00e4\u00e4st\u00f6\u00e4 on saatu aikaan ilmeisesti joitakin kymmeni\u00e4 tuhansia euroja vuosittain.<\/p>\n<p>Pimeys kuitenkin haittaa \u00f6isin liikkuvia asukkaita ja vaikuttaa viihtyvyyteen. Vuoden 2026 Raision talousarviossa haettiin taas s\u00e4\u00e4st\u00f6j\u00e4, eik\u00e4 valojen sammutuksen peruminen ollut mink\u00e4\u00e4n ryhm\u00e4n aloitteena.<\/p>\n<p>Raision Omakotiyhdistys ry esitt\u00e4\u00e4 kuntalaisaloitteena, ett\u00e4 katuvalojen \u00f6inen sammuttaminen lopetetaan. Valojen sammuttaminen aiheuttaa monia haittoja:<br \/>\u2022 Turvallisuus: Pimeys lis\u00e4\u00e4 turvattomuutta ja tapaturmien mahdollisuutta. Se on erityinen haaste ik\u00e4\u00e4ntyville, joiden h\u00e4m\u00e4r\u00e4n\u00e4k\u00f6 heikkenee luonnostaan. Lis\u00e4ksi s\u00e4hk\u00f6potkulaudat, jotka nyky\u00e4\u00e4n ovat sallittuja kaikkialla kaupungissa, tuovat lis\u00e4riskej\u00e4 liikkumiseen jalan tai py\u00f6r\u00e4ll\u00e4 pimeill\u00e4 kevyenliikenteen v\u00e4ylill\u00e4 ja tonttikaduilla. Esteit\u00e4 on vaikea havaita. T\u00e4rke\u00e4\u00e4 valaistus on etenkin suojateiden ja risteysten kohdalla.<br \/>\u2022 Liikkumisen haasteet: Polkupy\u00f6r\u00e4n valo tai \u00e4lypuhelimen taskulamppu ei riit\u00e4 takaamaan turvallista liikkumista. Pimeys vaikeuttaa vuoroty\u00f6l\u00e4isten, koiranulkoiluttajien ja jalankulkijoiden arkea. Ihmiset, joilla on liikuntaesteit\u00e4 k\u00e4rsiv\u00e4t lis\u00e4ksi pimeydest\u00e4.<br \/>\u2022 Asumisviihtyvyys: Valojen puute heikent\u00e4\u00e4 kaupunkimaisuutta ja viihtyvyytt\u00e4. Raisio mielt\u00e4\u00e4 itsens\u00e4 kaupungiksi, ja kaupunkiymp\u00e4rist\u00f6ss\u00e4 valaistuksella on olennainen merkitys viihtyisyydelle. Valaistus lis\u00e4\u00e4 turvallisuuden tunnetta. Valojen kirkkauden s\u00e4\u00e4t\u00e4minen tulisi olla mahdollista.<\/p>\n<p>Valosaaste on huomioitava, ja nykyaikaisten katuvalojen s\u00e4vy pit\u00e4isi olla oikea ja kirkkaus s\u00e4\u00e4dett\u00e4viss\u00e4. Katuvalaistus ei ole turhaa kulutusta \u2013 se on osa turvallista ja toimivaa infrastruktuuria. Investoinnit valoihin on tehty pitk\u00e4ll\u00e4 j\u00e4nteell\u00e4, ja energiatehokkaat LED-valot on vaihdettu jo l\u00e4hes puoleen valaisinpylv\u00e4ist\u00e4. Ne kuluttavat huomattavasti v\u00e4hemm\u00e4n s\u00e4hk\u00f6\u00e4. N\u00e4in ollen s\u00e4\u00e4st\u00f6 valoja sammuttamalla lienee en\u00e4\u00e4 joitakin tuhansia euroja. Kun valoihin on investoitu, pit\u00e4isi niit\u00e4 my\u00f6s k\u00e4ytt\u00e4\u00e4 tarkoitukseensa.<\/p>\n<blockquote class=\"td_quote_box td_box_left\">\n<p>Raision Omakotiyhdistys ry:n hallituksen puolesta<br \/>Timo Hokkanen pj.<br \/>Kristiina Engstr\u00f6m vpj.<\/p>\n<p>Raisiossa 5.12.2025<\/p>\n<\/blockquote>\n","protected":false},"excerpt":{"rendered":"Raision Omakotiyhdistys ry. Kuva: Turun Seutusanomien arkisto. Raision Omakotiyhdistys ry on tehnyt kaupungille kuntalaistaloitteen \u00f6isen katuvalaistuksen parantamiseksi. Aloite&hellip;\n","protected":false},"author":2,"featured_media":117067,"comment_status":"","ping_status":"","sticky":false,"template":"","format":"standard","meta":{"footnotes":""},"categories":[76],"tags":[79,77,33,31,30,32,78],"class_list":{"0":"post-117066","1":"post","2":"type-post","3":"status-publish","4":"format-standard","5":"has-post-thumbnail","7":"category-talous","8":"tag-business","9":"tag-economy","10":"tag-fi","11":"tag-finland","12":"tag-finnish","13":"tag-suomi","14":"tag-talous"},"share_on_mastodon":{"url":"https:\/\/pubeurope.com\/@fi\/115724149614870459","error":""},"_links":{"self":[{"href":"https:\/\/www.europesays.com\/fi\/wp-json\/wp\/v2\/posts\/117066","targetHints":{"allow":["GET"]}}],"collection":[{"href":"https:\/\/www.europesays.com\/fi\/wp-json\/wp\/v2\/posts"}],"about":[{"href":"https:\/\/www.europesays.com\/fi\/wp-json\/wp\/v2\/types\/post"}],"author":[{"embeddable":true,"href":"https:\/\/www.europesays.com\/fi\/wp-json\/wp\/v2\/users\/2"}],"replies":[{"embeddable":true,"href":"https:\/\/www.europesays.com\/fi\/wp-json\/wp\/v2\/comments?post=117066"}],"version-history":[{"count":0,"href":"https:\/\/www.europesays.com\/fi\/wp-json\/wp\/v2\/posts\/117066\/revisions"}],"wp:featuredmedia":[{"embeddable":true,"href":"https:\/\/www.europesays.com\/fi\/wp-json\/wp\/v2\/media\/117067"}],"wp:attachment":[{"href":"https:\/\/www.europesays.com\/fi\/wp-json\/wp\/v2\/media?parent=117066"}],"wp:term":[{"taxonomy":"category","embeddable":true,"href":"https:\/\/www.europesays.com\/fi\/wp-json\/wp\/v2\/categories?post=117066"},{"taxonomy":"post_tag","embeddable":true,"href":"https:\/\/www.europesays.com\/fi\/wp-json\/wp\/v2\/tags?post=117066"}],"curies":[{"name":"wp","href":"https:\/\/api.w.org\/{rel}","templated":true}]}}