{"id":117074,"date":"2025-12-15T15:06:10","date_gmt":"2025-12-15T15:06:10","guid":{"rendered":"https:\/\/www.europesays.com\/fi\/117074\/"},"modified":"2025-12-15T15:06:10","modified_gmt":"2025-12-15T15:06:10","slug":"poliisi-otti-tis-tahden-kiinni-parkkihallissa","status":"publish","type":"post","link":"https:\/\/www.europesays.com\/fi\/117074\/","title":{"rendered":"Poliisi otti TIS-t\u00e4hden kiinni parkkihallissa"},"content":{"rendered":"<p>Iltalehden lukija tunnisti pystynoutoon m\u00e4\u00e4r\u00e4tyn TIS-t\u00e4hden ja ilmoitti asiasta poliisille.<\/p>\n<ul>\n<li>Toni Varpelaide eli TIS-Toni otettiin kiinni sunnuntai-iltana kauppakeskus Hertsin parkkihallissa, jossa tv-t\u00e4hti nukkui autossa.<\/li>\n<li>Varpelaide j\u00e4tti saapumatta oikeuteen viime viikolla, mink\u00e4 vuoksi k\u00e4r\u00e4j\u00e4oikeus m\u00e4\u00e4r\u00e4si h\u00e4net pystynoutoon.<\/li>\n<li>Varpelaidea on tarkoitus kuulla perjantaina todistajana Kalasatamassa tapahtuneessa kuolemantapauksessa, jossa 29-vuotias mies kuoli elokuussa 2023. <\/li>\n<\/ul>\n<p class=\"paragraph\">Poliisi on ottanut <strong>Toni Varpelaiden<\/strong> eli TIS-Tonin kiinni. Iltalehden tietojen mukaan Temptation Island Suomi -ohjelmasta tunnettu Varpelaide otettiin kiinni sunnuntai-iltana Helsingiss\u00e4 Herttoniemess\u00e4 kauppakeskus Hertsin parkkihallissa.<\/p>\n<p class=\"paragraph\">Iltalehteen sunnuntaina yhteytt\u00e4 ottanut <strong>Matias<\/strong>, 26, kertoo n\u00e4hneens\u00e4 Varpelaiden sunnuntaina parkkihallissa ja ilmoittaneensa h\u00e4nest\u00e4 poliisille. Lukijan mukaan Varpelaide istui ja my\u00f6s nukkui parkissa olevassa autossa, jossa oli valot p\u00e4\u00e4ll\u00e4.<\/p>\n<p><img decoding=\"async\" class=\"image image-show image-preview\" src=\"https:\/\/www.europesays.com\/fi\/wp-content\/uploads\/2025\/12\/7c35027ca295f75f9180499c719af2db9518c738b414bc0393a8447abb15bd31.jpg\" alt=\"\"\/><img decoding=\"async\" class=\"image image-show\" src=\"https:\/\/www.europesays.com\/fi\/wp-content\/uploads\/2025\/12\/1765811170_774_7c35027ca295f75f9180499c719af2db9518c738b414bc0393a8447abb15bd31.jpg\" alt=\"\"\/><\/p>\n<p>TIS-Toni nukkui autossa, kun poliisit hakivat h\u00e4net. Lukijan kuva<\/p>\n<p class=\"paragraph\">Matiaksen mukaan Varpelaide on aiheuttanut aiemmin h\u00e4iri\u00f6t\u00e4 h\u00e4nen taloyhti\u00f6ss\u00e4\u00e4n. H\u00e4n kertoo naapurinsa havainneen tosi-tv-t\u00e4hden parkkihallissa, jonka j\u00e4lkeen he meniv\u00e4t yhdess\u00e4 seuraamaan tilannetta. Kaksikko tiesi, ett\u00e4 k\u00e4r\u00e4j\u00e4oikeus m\u00e4\u00e4r\u00e4si tosi-tv-t\u00e4hden viime viikolla <a href=\"https:\/\/www.iltalehti.fi\/kotimaa\/d2070e37-0402-4061-ad55-1ddaf89861da\" rel=\"nofollow noopener\" target=\"_blank\">pystynoutoon<\/a>.<\/p>\n<p class=\"paragraph\">\u2013 Kansalaisvelvollisuuden vuoksi soitimme h\u00e4t\u00e4keskukseen, sanoo Matias.<\/p>\n<p class=\"paragraph\">Varpelaide j\u00e4tti viime viikon tiistaina saapumatta oikeuteen, jossa h\u00e4nt\u00e4 oli m\u00e4\u00e4r\u00e4 kuulla todistajana. Matias soitti asiasta h\u00e4t\u00e4keskukseen kello 17.07 ja 18.21. My\u00f6s h\u00e4nen naapurinsa soitti asiasta pari kertaa.<\/p>\n<p class=\"paragraph\">Matias kertoo ajatelleensa my\u00f6s uhrin omaisia. Kalasataman tragediassa kuollut 29-vuotias mies on somevaikuttaja <strong>Nico Lingmanin<\/strong> veli. Lingman on puhunut tapahtuneesta avoimesti julkisuudessa.<\/p>\n<p class=\"paragraph\">\u2013 Ajattelin, ett\u00e4 n\u00e4m\u00e4 on hyv\u00e4 saada selvitetty\u00e4 ja oikeudenk\u00e4yntiin. Ihan vain sen takia soitettiin, kun n\u00e4imme h\u00e4net siin\u00e4, sanoo Matias.<\/p>\n<p class=\"paragraph\">\u2013 Kaikki sympatia h\u00e4nelle (Nico Lingman). Varmasti tosi vaikea tilanne. Aina, kun tulee k\u00e4sittely, niin joutuu k\u00e4ym\u00e4\u00e4n ne tunteet uudelleen l\u00e4pi.<\/p>\n<p class=\"paragraph\">Oikeuden eteen perjantaina<\/p>\n<p>Poliisit ottivat Varpelaiden kiinni parkkihallissa. Lukijan kuva<\/p>\n<p class=\"paragraph\">Lukijan mukaan poliisit eiv\u00e4t vaikuttaneet havainnoista alun perin innostuneilta, mutta k\u00e4viv\u00e4t my\u00f6hemmin illalla tarkastamassa auton ja ottivat Varpelaiden kiinni.<\/p>\n<p class=\"paragraph\">Helsingin poliisi vahvistaa, ett\u00e4 sill\u00e4 on ollut kyseisen\u00e4 aikana teht\u00e4v\u00e4 Herttoniemen Prisman parkkihallissa, joka liittyi ajoneuvon tarkastamiseen ja pys\u00e4ytt\u00e4miseen. Vaikka poliisi ei kommentoikaan kiinniottoja, k\u00e4r\u00e4j\u00e4oikeus vahvistaa tiedon Varpelaiden kiinniotosta.<\/p>\n<p class=\"paragraph\">K\u00e4r\u00e4j\u00e4tuomari <strong>Maija P\u00e4ivinen<\/strong> kertoo Iltalehdelle, ett\u00e4 Toni Varpelaide on saatu kiinni. Poliisi ilmoitti asiasta k\u00e4r\u00e4j\u00e4oikeuteen maanantaina aamup\u00e4iv\u00e4ll\u00e4. Varpelaidea on tarkoitus kuulla oikeudessa perjantaina.<\/p>\n<p class=\"paragraph\">Varpelaide on todistajana Kalasatamassa tapahtuneessa traagisessa kuolemantapauksessa, jota k\u00e4sitell\u00e4\u00e4n Helsingin k\u00e4r\u00e4j\u00e4oikeudessa. Alun perin Varpelaidea ep\u00e4iltiin murhasta, mutta h\u00e4nt\u00e4 vastaan ei nostettu syytett\u00e4.<\/p>\n<p>Traaginen kuolemantapaus<\/p>\n<p>Taposta syytetty nainen (kuva sumennettu) ja Toni Varpelaide kuuluivat samaan seurueeseen. poliisin esitutkintamateriaali<\/p>\n<p class=\"paragraph\">Takavuosien TIS-kilpailijaa piti kuulla salissa jo viime viikon tiistaina 10. joulukuuta, mutta h\u00e4n ei saapunut paikalle. K\u00e4r\u00e4j\u00e4oikeus <a href=\"https:\/\/www.iltalehti.fi\/kotimaa\/ec093050-233d-4d23-84cb-d387e425b6db\" rel=\"nofollow noopener\" target=\"_blank\">m\u00e4\u00e4r\u00e4si Varpelaiden pystynoutoon<\/a>, eli poliisin pit\u00e4\u00e4 ottaa h\u00e4net kiinni kohdatessaan h\u00e4net.<\/p>\n<p class=\"paragraph\">Istunto pit\u00e4\u00e4 j\u00e4rjest\u00e4\u00e4 viiden p\u00e4iv\u00e4n kuluessa kiinniotosta. T\u00e4st\u00e4 syyst\u00e4 Varpelaiden pystynouto m\u00e4\u00e4r\u00e4ttiin alkamaan vasta 11. tammikuuta 2026. K\u00e4r\u00e4j\u00e4oikeus perusteli p\u00e4\u00e4t\u00f6st\u00e4\u00e4n l\u00e4hestyvill\u00e4 joulunpyhill\u00e4 ja talvilomilla.<\/p>\n<p class=\"paragraph\">Koska poliisi kuitenkin tavoitti Varpelaiden ennen pystynoudon alkamista, rikosasian k\u00e4sittely saadaan p\u00e4\u00e4t\u00f6kseen jo ennen vuoden vaihdetta.<\/p>\n<p class=\"paragraph\">T\u00f6rke\u00e4st\u00e4 kuolemantuottamuksesta syytet\u00e4\u00e4n 30-vuotiasta naista.<\/p>\n<p>Omaisille raskasta<\/p>\n<p class=\"paragraph\">Poliisin k\u00e4sityksen mukaan Kalasataman tragediassa oli kyse pilalle menneist\u00e4 huumekaupoista. 30-vuotiaan naisen seurue oli myym\u00e4ss\u00e4 hyvin v\u00e4h\u00e4ist\u00e4 m\u00e4\u00e4r\u00e4\u00e4 huumeita, joita 29-vuotias mies oli ostamassa.<\/p>\n<p class=\"paragraph\">Kaupanteon aikana huumausaineiden maksusta tuli riitaa. Uhri j\u00e4i roikkumaan osittain auki olleeseen auton sivuikkunaan, kun nainen painoi kaasua. Mies putosi, l\u00f6i p\u00e4\u00e4ns\u00e4 katuun ja kuoli.<\/p>\n<p>Nico Lingman saapui viime viikolla oikeuteen turhaan, kun todistaja ei saapunut paikalle. Lingmanin Dani-veli kuoli Kalasatamassa traagisesti elokuussa 2023. Asian k\u00e4sittely on edelleen kesken. Atte Kajova<\/p>\n<p class=\"paragraph\">Naista syytet\u00e4\u00e4n t\u00f6rke\u00e4st\u00e4 kuolemantuottamuksesta, t\u00f6rke\u00e4st\u00e4 liikenneturvallisuuden vaarantamisesta sek\u00e4 vangin karkaamisesta.<\/p>\n<p class=\"paragraph\">Tragediasta on kulunut jo kaksi ja puoli vuotta. <strong>Dani<\/strong>-niminen 29-vuotias mies kuoli keskelle Capellan puistotiet\u00e4 elokuussa 2023. Uhrin veli, somevaikuttaja <strong>Nico Lingman<\/strong>, kertoi <a href=\"https:\/\/www.iltalehti.fi\/kotimaa\/d2070e37-0402-4061-ad55-1ddaf89861da\" rel=\"nofollow noopener\" target=\"_blank\">tiistaina Iltalehdelle<\/a>, ett\u00e4 viiv\u00e4stykset ovat olleet raskaita.<\/p>\n<p class=\"paragraph\">Aiemmin k\u00e4sittely\u00e4 on jouduttu lykk\u00e4\u00e4m\u00e4\u00e4n, kun t\u00f6rke\u00e4st\u00e4 kuolemantuottamuksesta syytetty nainen ei saapunut oikeuteen.<\/p>\n<p class=\"paragraph\">\u2013 Niin kauan kuin t\u00e4m\u00e4 roikkuu ilmassa niin joutuu miettim\u00e4\u00e4n, mit\u00e4 tapahtuu seuraavaksi. Olen sellainen ihminen, ett\u00e4 kun tulee mustaa valkoisella, niin asiat ovat helpompia. Sitten ei tarvitse en\u00e4\u00e4 mietti\u00e4, mit\u00e4 tulee k\u00e4ym\u00e4\u00e4n, kommentoi Lingman tiistaina.<\/p>\n<p>Toni Varpelaide tuli tunnetuksi osallistuttuaan Temptation Island Suomi -ohjelmaan. Roosa Br\u00f6ijer<\/p>\n","protected":false},"excerpt":{"rendered":"Iltalehden lukija tunnisti pystynoutoon m\u00e4\u00e4r\u00e4tyn TIS-t\u00e4hden ja ilmoitti asiasta poliisille. Toni Varpelaide eli TIS-Toni otettiin kiinni sunnuntai-iltana kauppakeskus&hellip;\n","protected":false},"author":2,"featured_media":117075,"comment_status":"","ping_status":"","sticky":false,"template":"","format":"standard","meta":{"footnotes":""},"categories":[136],"tags":[35,407,137,33,31,30,408,55,53,54,52,38,32,109],"class_list":{"0":"post-117074","1":"post","2":"type-post","3":"status-publish","4":"format-standard","5":"has-post-thumbnail","7":"category-julkkikset","8":"tag-24h","9":"tag-celebrities","10":"tag-entertainment","11":"tag-fi","12":"tag-finland","13":"tag-finnish","14":"tag-julkkikset","15":"tag-lainvalvonta","16":"tag-laki-oikeus-ja-rikos","17":"tag-pelastuspalvelut","18":"tag-poliisi","19":"tag-rikos","20":"tag-suomi","21":"tag-viihde"},"share_on_mastodon":{"url":"https:\/\/pubeurope.com\/@fi\/115724208451351700","error":""},"_links":{"self":[{"href":"https:\/\/www.europesays.com\/fi\/wp-json\/wp\/v2\/posts\/117074","targetHints":{"allow":["GET"]}}],"collection":[{"href":"https:\/\/www.europesays.com\/fi\/wp-json\/wp\/v2\/posts"}],"about":[{"href":"https:\/\/www.europesays.com\/fi\/wp-json\/wp\/v2\/types\/post"}],"author":[{"embeddable":true,"href":"https:\/\/www.europesays.com\/fi\/wp-json\/wp\/v2\/users\/2"}],"replies":[{"embeddable":true,"href":"https:\/\/www.europesays.com\/fi\/wp-json\/wp\/v2\/comments?post=117074"}],"version-history":[{"count":0,"href":"https:\/\/www.europesays.com\/fi\/wp-json\/wp\/v2\/posts\/117074\/revisions"}],"wp:featuredmedia":[{"embeddable":true,"href":"https:\/\/www.europesays.com\/fi\/wp-json\/wp\/v2\/media\/117075"}],"wp:attachment":[{"href":"https:\/\/www.europesays.com\/fi\/wp-json\/wp\/v2\/media?parent=117074"}],"wp:term":[{"taxonomy":"category","embeddable":true,"href":"https:\/\/www.europesays.com\/fi\/wp-json\/wp\/v2\/categories?post=117074"},{"taxonomy":"post_tag","embeddable":true,"href":"https:\/\/www.europesays.com\/fi\/wp-json\/wp\/v2\/tags?post=117074"}],"curies":[{"name":"wp","href":"https:\/\/api.w.org\/{rel}","templated":true}]}}