{"id":117078,"date":"2025-12-15T15:13:14","date_gmt":"2025-12-15T15:13:14","guid":{"rendered":"https:\/\/www.europesays.com\/fi\/117078\/"},"modified":"2025-12-15T15:13:14","modified_gmt":"2025-12-15T15:13:14","slug":"jaakiekon-miesten-olympiajoukkueeseen-vain-yksi-selva-valinta-euroopasta-tero-lehteran-naisleijonat-pelaa-mitaleista-urheilu","status":"publish","type":"post","link":"https:\/\/www.europesays.com\/fi\/117078\/","title":{"rendered":"J\u00e4\u00e4kiekon miesten olympia\u00adjoukkueeseen vain yksi selv\u00e4 valinta Euroopasta \u2013 Tero Lehter\u00e4n Naisleijonat pelaa mitaleista | Urheilu"},"content":{"rendered":"<p class=\"aw-1gybjub aw-1p7kakr kEtdKx cEmitX yle__article__paragraph\"><a class=\"aw-iao6s4 iHOxEa yle__article__link\" href=\"https:\/\/yle.fi\/a\/74-20186944\" role=\"link\" rel=\"nofollow noopener\" target=\"_blank\">Talviolympialaiset 2026 j\u00e4rjestet\u00e4\u00e4n Italiassa 6.\u201322. helmikuuta. Yle v\u00e4litt\u00e4\u00e4 kisat ja kisatunnelmat Yle Areenassa, TV2:ssa, Yle-sovelluksessa ja yle.fi:ss\u00e4.<\/a><\/p>\n<p class=\"aw-1gybjub aw-1p7kakr kEtdKx cEmitX yle__article__paragraph\">Suomen j\u00e4\u00e4kiekkomaajoukkueet ovat pelanneet viimeiset ottelunsa ennen helmikuun Milano-Cortinan talviolympialaisia.<\/p>\n<p class=\"aw-1gybjub aw-1p7kakr kEtdKx cEmitX yle__article__paragraph\">Niin miesten kuin naisten maajoukkueet h\u00e4visiv\u00e4t kaksi ottelua ja voittivat yhdet, kun EHT-turnaukset pelattiin joulukuun toisella viikolla.<\/p>\n<p class=\"aw-1gybjub aw-1p7kakr kEtdKx cEmitX yle__article__paragraph\">Joukkueiden kokoonpanoissa oli paljon sellaisia pelaajia, jotka tuskin pelaavat olympiaturnauksessa. Kuluneen vuoden aikana useat pelaajat ovat p\u00e4\u00e4sseet antamaan n\u00e4ytt\u00f6j\u00e4 my\u00f6s maajoukkueissaan.<\/p>\n<p class=\"aw-1gybjub aw-1p7kakr kEtdKx cEmitX yle__article__paragraph\">Suomen j\u00e4\u00e4kiekkojoukkueet nimet\u00e4\u00e4n vuodenvaihteessa.<\/p>\n<p class=\"aw-1gybjub aw-1p7kakr kEtdKx cEmitX yle__article__paragraph\">Milt\u00e4 Suomen j\u00e4\u00e4kiekkomaajoukkueiden tilanne n\u00e4ytt\u00e4\u00e4 ennen olympialaisia? Sit\u00e4 arvioi Yle Urheilun asiantuntija <strong class=\"aw-ak79eh KyCXm yle__article__strong\">Ismo Lehkonen<\/strong>.<\/p>\n<p>Mikko Lehtonen mukaan Euroopasta<\/p>\n<p class=\"aw-1gybjub aw-1p7kakr kEtdKx cEmitX yle__article__paragraph\">Miesten maajoukkueeseen valitaan vain yksitt\u00e4isi\u00e4 pelaajia Euroopan kaukaloista, Lehkonen sanoo. T\u00e4ll\u00e4 hetkell\u00e4 ilmiselv\u00e4lt\u00e4 valinnalta vaikuttaa ainoastaan puolustaja <strong class=\"aw-ak79eh KyCXm yle__article__strong\">Mikko Lehtonen<\/strong>.<\/p>\n<p class=\"aw-1gybjub aw-1p7kakr kEtdKx cEmitX yle__article__paragraph\">\u2013 Lehtonen on ihan varmasti Euroopassa pelaavista se, joka on varteenotettava pelaaja olympialaisiin. Suomella on kuitenkin aika rajallinen m\u00e4\u00e4r\u00e4 puolustajia, jotka oikeasti ovat varmistaneet paikkansa, Lehkonen kuvailee.<\/p>\n<p><img decoding=\"async\" alt=\"Niko Mikkola oli ep\u00e4onnekas. \" src=\"https:\/\/www.europesays.com\/fi\/wp-content\/uploads\/2025\/12\/39-1480645684ba005e56f7.jpeg\" loading=\"lazy\" class=\"aw-1l9m598 hKVVvP\"\/><\/p>\n<p>Avaa kuvien katselu<\/p>\n<p>T\u00e4ll\u00e4 kaudella Niko Mikkola on 31 ottelussa pelannut 19.56 minuuttia ottelua kohden. Kuva: Getty Images<\/p>\n<p class=\"aw-1gybjub aw-1p7kakr kEtdKx cEmitX yle__article__paragraph\">Olympiajoukkueeseen valitaan todenn\u00e4k\u00f6isesti kahdeksan puolustajaa. J\u00e4\u00e4kiekon NHL:ss\u00e4 pelaa seitsem\u00e4n suomalaispuolustajaa, jotka ovat ensisijaisia vaihtoehtoja joukkueeseen.<\/p>\n<p class=\"aw-1gybjub aw-1p7kakr kEtdKx cEmitX yle__article__paragraph\">Isoja minuutteja NHL:ss\u00e4 pelaavat <strong class=\"aw-ak79eh KyCXm yle__article__strong\">Miro Heiskanen<\/strong>, <strong class=\"aw-ak79eh KyCXm yle__article__strong\">Esa Lindell<\/strong> ja <strong class=\"aw-ak79eh KyCXm yle__article__strong\">Niko Mikkola<\/strong>. Hyvin vastuuta ovat saaneet my\u00f6s <strong class=\"aw-ak79eh KyCXm yle__article__strong\">Henri Jokiharju<\/strong> ja <strong class=\"aw-ak79eh KyCXm yle__article__strong\">Nikolas Matinpalo<\/strong>.<\/p>\n<p class=\"aw-1gybjub aw-1p7kakr kEtdKx cEmitX yle__article__paragraph\">Voidaan olettaa, ett\u00e4 edell\u00e4 mainittu viisikko valitaan olympialaisiin, jos he ovat kunnossa. T\u00e4ll\u00e4 kaudella hieman v\u00e4hemm\u00e4n ovat pelanneet <strong class=\"aw-ak79eh KyCXm yle__article__strong\">Urho Vaakanainen<\/strong> ja <strong class=\"aw-ak79eh KyCXm yle__article__strong\">Olli M\u00e4\u00e4tt\u00e4<\/strong>.<\/p>\n<p class=\"aw-1gybjub aw-1p7kakr kEtdKx cEmitX yle__article__paragraph\">\u2013 M\u00e4\u00e4t\u00e4ll\u00e4 on ollut tietynlaisia ongelmia, mutta luotan totaalisesti siihen, ett\u00e4 h\u00e4nen kaltaisensa kokenut pelaaja on olympiaturnauksessa.<\/p>\n<p><strong class=\"aw-1bgq5a3 bSmpIc\">Ismo Lehkonen: &#8221;Kaikki kentt\u00e4pelaajat luottavat Suomen maalivahteihin&#8221;<\/strong><\/p>\n<p>Selkeit\u00e4 hy\u00f6kk\u00e4ysketjuja jo useita<\/p>\n<p class=\"aw-1gybjub aw-1p7kakr kEtdKx cEmitX yle__article__paragraph\">Olympiajoukkueeseen valitaan todenn\u00e4k\u00f6isesti nelj\u00e4toista hy\u00f6kk\u00e4\u00e4j\u00e4\u00e4. Lehkonen uskoo, ett\u00e4 ihannetilanteessa Euroopasta ei valita hy\u00f6kk\u00e4\u00e4ji\u00e4 olympiajoukkueeseen.<\/p>\n<p class=\"aw-1gybjub aw-1p7kakr kEtdKx cEmitX yle__article__paragraph\">NHL:ss\u00e4 viisitoista suomalaishy\u00f6kk\u00e4\u00e4j\u00e4\u00e4 on pelannut yli 20 ottelua, ja seitsem\u00e4n hy\u00f6kk\u00e4\u00e4j\u00e4\u00e4 on pelannut yli kymmenen ottelua.<\/p>\n<p class=\"aw-1gybjub aw-1p7kakr kEtdKx cEmitX yle__article__paragraph\">Hy\u00f6kk\u00e4ysketjujen kokoonpanot ovat jo varsin selkeit\u00e4, Lehkonen sanoo.<\/p>\n<p><img decoding=\"async\" alt=\"Mikko Rantanen (#96), Roope Hintz (#24), Mikael Granlund (#64) ja Thomas Harley (#55) juhlivat Dallasin maalia.\" src=\"https:\/\/www.europesays.com\/fi\/wp-content\/uploads\/2025\/12\/39-1464747682414dbb974d.jpeg\" loading=\"lazy\" class=\"aw-1l9m598 hKVVvP\"\/><\/p>\n<p>Avaa kuvien katselu<\/p>\n<p>Roope Hintz, Mikael Granlund, Mikko Rantanen ja Thomas Harley juhlivat Dallasin maalia toukokuussa. Kuva: Jerome Miron \/ AOP<\/p>\n<p class=\"aw-1gybjub aw-1p7kakr kEtdKx cEmitX yle__article__paragraph\">Kev\u00e4\u00e4ll\u00e4 NHL:n pudotuspeleiss\u00e4 <strong class=\"aw-ak79eh KyCXm yle__article__strong\">Mikael Granlund<\/strong>, <strong class=\"aw-ak79eh KyCXm yle__article__strong\">Roope Hintz<\/strong> ja <strong class=\"aw-ak79eh KyCXm yle__article__strong\">Mikko Rantanen<\/strong> pelasivat samassa ketjussa Dallas Starsissa. Florida Panthersin riveiss\u00e4 ovat <strong class=\"aw-ak79eh KyCXm yle__article__strong\">Anton Lundell<\/strong> ja <strong class=\"aw-ak79eh KyCXm yle__article__strong\">Eetu Luostarinen<\/strong>. <strong class=\"aw-ak79eh KyCXm yle__article__strong\">Sebastian Aho<\/strong> ja <strong class=\"aw-ak79eh KyCXm yle__article__strong\">Teuvo Ter\u00e4v\u00e4inen<\/strong> pelasivat vuosia yhdess\u00e4 Carolina Hurricanesissa.<\/p>\n<p class=\"aw-1gybjub aw-1p7kakr kEtdKx cEmitX yle__article__paragraph\">Varteenotettavia keskushy\u00f6kk\u00e4\u00e4ji\u00e4 ovat my\u00f6s <strong class=\"aw-ak79eh KyCXm yle__article__strong\">Erik Haula<\/strong>, <strong class=\"aw-ak79eh KyCXm yle__article__strong\">Oliver Kapanen<\/strong>, ja <strong class=\"aw-ak79eh KyCXm yle__article__strong\">Aatu R\u00e4ty<\/strong>. Lis\u00e4ksi laidoille l\u00f6ytyv\u00e4t muun muassa <strong class=\"aw-ak79eh KyCXm yle__article__strong\">Artturi Lehkonen<\/strong>, <strong class=\"aw-ak79eh KyCXm yle__article__strong\">Joel Armia<\/strong>, <strong class=\"aw-ak79eh KyCXm yle__article__strong\">Eeli Tolvanen<\/strong> ja <strong class=\"aw-ak79eh KyCXm yle__article__strong\">Matias Maccelli<\/strong>.<\/p>\n<p class=\"aw-1gybjub aw-1p7kakr kEtdKx cEmitX yle__article__paragraph\">Edell\u00e4 mainituista ainoastaan Granlund on loukkaantumisen takia pelannut alle 20 NHL-ottelua. Yli 20 ottelua pelanneita ovat my\u00f6s <strong class=\"aw-ak79eh KyCXm yle__article__strong\">Jani Nyman<\/strong> ja <strong class=\"aw-ak79eh KyCXm yle__article__strong\">Ville Koivunen<\/strong>.<\/p>\n<p class=\"aw-1gybjub aw-1p7kakr kEtdKx cEmitX yle__article__paragraph\">\u2013 Ainoa kysymysmerkki on oikeastaan <strong class=\"aw-ak79eh KyCXm yle__article__strong\">Kaapo Kakko<\/strong>. L\u00e4ht\u00f6kohtaisesti kaikki uskovat h\u00e4nen olevan joukkueessa, mutta t\u00e4ll\u00e4 hetkell\u00e4 \u2013 sen marraskuun loukkaantumisen j\u00e4lkeen \u2013 jalka ei oikein riit\u00e4 ja Kakon pelaaminen on v\u00e4h\u00e4n aran oloista.<\/p>\n<p><img decoding=\"async\" alt=\"Oliver Kapanen juhlii maalia pidellen mailaa ylh\u00e4\u00e4ll\u00e4.\" src=\"https:\/\/www.europesays.com\/fi\/wp-content\/uploads\/2025\/12\/39-154668669046c2322b8e.jpeg\" loading=\"lazy\" class=\"aw-1l9m598 hKVVvP\"\/><\/p>\n<p>Avaa kuvien katselu<\/p>\n<p>Oliver Kapanen on 32 ottelussa nakuttanut tehopisteet 10+6=16 t\u00e4ll\u00e4 kaudella. Kuva: Rick Osentoski \/ AOP<\/p>\n<p class=\"aw-1gybjub aw-1p7kakr kEtdKx cEmitX yle__article__paragraph\">Lehkonen muistuttaa, ett\u00e4 NHL:n parhaassa ylivoimakent\u00e4llisess\u00e4 pelaa kolme suomalaista: Rantanen, Heiskanen ja Hintz.<\/p>\n<p class=\"aw-1gybjub aw-1p7kakr kEtdKx cEmitX yle__article__paragraph\">\u2013 My\u00f6s hyvi\u00e4 alivoimapelaajia on loistava m\u00e4\u00e4r\u00e4. Siin\u00e4 mieless\u00e4 t\u00e4m\u00e4 joukkue hahmottuu aika selke\u00e4sti ja varmaan helpottaa p\u00e4\u00e4valmentaja <strong class=\"aw-ak79eh KyCXm yle__article__strong\">Antti Pennasen<\/strong> valintakysymyksi\u00e4, Lehkonen summaa.<\/p>\n<p class=\"aw-1gybjub aw-1p7kakr kEtdKx cEmitX yle__article__paragraph\"><strong class=\"aw-ak79eh KyCXm yle__article__strong\">Aleksander Barkov<\/strong> on varmuudella sivussa olympiaturnauksesta. Hintzin <a class=\"aw-iao6s4 iHOxEa yle__article__link\" href=\"https:\/\/yle.fi\/a\/74-20199349\" role=\"link\" rel=\"nofollow noopener\" target=\"_blank\">aiemmin saama kolhu<\/a> her\u00e4tti huolta loukkaantumisesta, mutta h\u00e4n palasi jo j\u00e4\u00e4lle.<\/p>\n<p class=\"aw-1gybjub aw-1p7kakr kEtdKx cEmitX yle__article__paragraph\"><strong class=\"aw-ak79eh KyCXm yle__article__strong\">Kest\u00e4\u00e4k\u00f6 Suomen joukkue yht\u00e4k\u00e4\u00e4n loukkaantumista?<\/strong><\/p>\n<p class=\"aw-1gybjub aw-1p7kakr kEtdKx cEmitX yle__article__paragraph\">\u2013 Tuo Suomen materiaali ei kyll\u00e4 kest\u00e4 en\u00e4\u00e4 yht\u00e4\u00e4n loukkaantumista.<\/p>\n<p>P\u00e4\u00e4valmentaja tuonut uutta virtaa<\/p>\n<p class=\"aw-1gybjub aw-1p7kakr kEtdKx cEmitX yle__article__paragraph\">Ismo Lehkonen kehuu Suomen naisten j\u00e4\u00e4kiekkomaajoukkueen tuoretta p\u00e4\u00e4valmentajaa <strong class=\"aw-ak79eh KyCXm yle__article__strong\">Tero Lehter\u00e4\u00e4<\/strong>.<\/p>\n<p class=\"aw-1gybjub aw-1p7kakr kEtdKx cEmitX yle__article__paragraph\">Toukokuussa teht\u00e4v\u00e4\u00e4n valitun Lehter\u00e4n alaisuudessa Suomi on voittanut seitsem\u00e4n yhdeks\u00e4st\u00e4 ottelustaan. Viimeiset kaksi peli\u00e4 ennen olympialaisia olivat tappiolliset, mutta Suomi pelasi niin sanotulla haastajaryhm\u00e4ll\u00e4.<\/p>\n<p class=\"aw-1gybjub aw-1p7kakr kEtdKx cEmitX yle__article__paragraph\">\u2013 Lehter\u00e4 on tuonut ihan uutta virtaa joukkueeseen. Nyt Suomella on mielest\u00e4ni ammattivalmentaja, joka keskittyy siihen olennaiseen eli pelitavan kuntoon laittamiseen. Lehter\u00e4 yritt\u00e4\u00e4 saada kilpailuetua tietynlaisista asioista, jotka toimivat kaukalossa, Lehkonen sanoo.<\/p>\n<p><img decoding=\"async\" alt=\"Elli Suoranta kamppailee kiekosta.\" src=\"https:\/\/www.europesays.com\/fi\/wp-content\/uploads\/2025\/09\/39-145246767ffbd7b8504b.jpeg\" loading=\"lazy\" class=\"aw-1l9m598 hKVVvP\"\/><\/p>\n<p>Avaa kuvien katselu<\/p>\n<p> Elli Suoranta on pelannut kaikissa EHT-otteluissa Tero Lehter\u00e4n alaisuudessa. Kuva: EPA-EFE<\/p>\n<p class=\"aw-1gybjub aw-1p7kakr kEtdKx cEmitX yle__article__paragraph\">H\u00e4nen mukaansa Lehter\u00e4n alaisuudessa Suomen joukkue ei en\u00e4\u00e4 keskity kaukalon ulkopuolisiin asioihin, vaan panostaa parantamaan peli\u00e4\u00e4n j\u00e4\u00e4n tasolla. Lehkonen povaa Suomelle jopa olympiamitalia.<\/p>\n<p class=\"aw-1gybjub aw-1p7kakr kEtdKx cEmitX yle__article__paragraph\">\u2013 Tuo joukkue menee v\u00e4lieriin ja siell\u00e4 koittaa viel\u00e4 jys\u00e4ytt\u00e4\u00e4 jonkun isomman katolleen ja silloin oltaisiin olympiafinaalissa.<\/p>\n<p>Mallia naisten jalkapallosta<\/p>\n<p class=\"aw-1gybjub aw-1p7kakr kEtdKx cEmitX yle__article__paragraph\">Oikeastaan vain yksi asia huolettaa Lehkosta naisten maajoukkueessa. Tulevien olympiakisojen j\u00e4lkeen maajoukkueessa todenn\u00e4k\u00f6isesti tapahtuu sukupolvenvaihdos.<\/p>\n<p class=\"aw-1gybjub aw-1p7kakr kEtdKx cEmitX yle__article__paragraph\">\u2013 Joukkueeseen tulee aika iso lovi, kun esimerkiksi <strong class=\"aw-ak79eh KyCXm yle__article__strong\">Michelle Karvinen<\/strong>, <strong class=\"aw-ak79eh KyCXm yle__article__strong\">Susanna Tapani<\/strong> ja <strong class=\"aw-ak79eh KyCXm yle__article__strong\">Jenni Hiirikoski<\/strong> eiv\u00e4t en\u00e4\u00e4 edusta Suomea. He ovat niin pitk\u00e4\u00e4n kantaneet Suomen maajoukkuetta. Sit\u00e4 lovea on melko mahdotonta paikata.<\/p>\n<p><img decoding=\"async\" alt=\"Jenni Hiirikosken ymp\u00e4rill\u00e4 on riitt\u00e4nyt kuhinaa Tshekki-tappion j\u00e4lkeen. \" src=\"https:\/\/www.europesays.com\/fi\/wp-content\/uploads\/2025\/12\/39-10029916313356799eed.jpeg\" loading=\"lazy\" class=\"aw-1l9m598 hKVVvP\"\/><\/p>\n<p>Avaa kuvien katselu<\/p>\n<p>Jenni Hiirikoski, 38, pelaa todenn\u00e4k\u00f6isesti viimeist\u00e4 kertaa olympiaturnauksessa. Kuva: Tomi H\u00e4nninen<\/p>\n<p class=\"aw-1gybjub aw-1p7kakr kEtdKx cEmitX yle__article__paragraph\">Lehkosen mukaan Suomen j\u00e4rjestelm\u00e4 ei tuota riitt\u00e4v\u00e4n laadukkaita nuoria pelaajia t\u00e4ll\u00e4 hetkell\u00e4. Esimerkiksi Suomen p\u00e4\u00e4sarja Auroraliiga on melko huonotasoinen, h\u00e4n sanoo.<\/p>\n<p class=\"aw-1gybjub aw-1p7kakr kEtdKx cEmitX yle__article__paragraph\">\u2013 Oikeastaan kaikkien suomalaisten tytt\u00f6jen ja naisten on pakko siirty\u00e4 ulkomaille pelaamaan. Monet yritt\u00e4v\u00e4t kovalla vauhdilla p\u00e4\u00e4st\u00e4 Pohjois-Amerikan yliopistosarjoihin, koska siell\u00e4 heid\u00e4n tasonsa paranee.<\/p>\n<p class=\"aw-1gybjub aw-1p7kakr kEtdKx cEmitX yle__article__paragraph\">Lehkonen sanoo, ett\u00e4 Suomen J\u00e4\u00e4kiekkoliiton ja muidenkin Suomi-kiekon toimijoiden pit\u00e4isi kunnolla panostaa tytt\u00f6j\u00e4\u00e4kiekkoon. H\u00e4n vertaa j\u00e4\u00e4kiekkoa naisten pelaaman jalkapallon suosion kasvuun viime vuosina.<\/p>\n<p class=\"aw-1gybjub aw-1p7kakr kEtdKx cEmitX yle__article__paragraph\">\u2013 Naisten j\u00e4\u00e4kiekossa on ihan oikeasti valtava kasvupotentiaali. Viel\u00e4 muutama vuosi sitten naisten jalkapalloa v\u00e4heksyttiin todella paljon. Mutta kuinka ollakaan, lajissa saatiin aikamoinen buumi aikaan. Kansainv\u00e4lisesti naisten jalkapallo on ottanut hirveit\u00e4 harppauksia eteenp\u00e4in.<\/p>\n<p class=\"aw-1gybjub aw-1p7kakr kEtdKx cEmitX yle__article__paragraph\">\u2013 Se vain vaatii tietynlaista rohkeutta oikeasti panostaa kunnolla.<\/p>\n","protected":false},"excerpt":{"rendered":"Talviolympialaiset 2026 j\u00e4rjestet\u00e4\u00e4n Italiassa 6.\u201322. helmikuuta. Yle v\u00e4litt\u00e4\u00e4 kisat ja kisatunnelmat Yle Areenassa, TV2:ssa, Yle-sovelluksessa ja yle.fi:ss\u00e4. Suomen&hellip;\n","protected":false},"author":2,"featured_media":117079,"comment_status":"","ping_status":"","sticky":false,"template":"","format":"standard","meta":{"footnotes":""},"categories":[158],"tags":[33,31,30,1143,2780,6837,159,32,13138,160],"class_list":{"0":"post-117078","1":"post","2":"type-post","3":"status-publish","4":"format-standard","5":"has-post-thumbnail","7":"category-urheilu","8":"tag-fi","9":"tag-finland","10":"tag-finnish","11":"tag-jaakiekko","12":"tag-leijonat","13":"tag-naisleijonat","14":"tag-sports","15":"tag-suomi","16":"tag-talviolympialaiset-milano-cortina-2026","17":"tag-urheilu"},"share_on_mastodon":{"url":"https:\/\/pubeurope.com\/@fi\/115724236809227471","error":""},"_links":{"self":[{"href":"https:\/\/www.europesays.com\/fi\/wp-json\/wp\/v2\/posts\/117078","targetHints":{"allow":["GET"]}}],"collection":[{"href":"https:\/\/www.europesays.com\/fi\/wp-json\/wp\/v2\/posts"}],"about":[{"href":"https:\/\/www.europesays.com\/fi\/wp-json\/wp\/v2\/types\/post"}],"author":[{"embeddable":true,"href":"https:\/\/www.europesays.com\/fi\/wp-json\/wp\/v2\/users\/2"}],"replies":[{"embeddable":true,"href":"https:\/\/www.europesays.com\/fi\/wp-json\/wp\/v2\/comments?post=117078"}],"version-history":[{"count":0,"href":"https:\/\/www.europesays.com\/fi\/wp-json\/wp\/v2\/posts\/117078\/revisions"}],"wp:featuredmedia":[{"embeddable":true,"href":"https:\/\/www.europesays.com\/fi\/wp-json\/wp\/v2\/media\/117079"}],"wp:attachment":[{"href":"https:\/\/www.europesays.com\/fi\/wp-json\/wp\/v2\/media?parent=117078"}],"wp:term":[{"taxonomy":"category","embeddable":true,"href":"https:\/\/www.europesays.com\/fi\/wp-json\/wp\/v2\/categories?post=117078"},{"taxonomy":"post_tag","embeddable":true,"href":"https:\/\/www.europesays.com\/fi\/wp-json\/wp\/v2\/tags?post=117078"}],"curies":[{"name":"wp","href":"https:\/\/api.w.org\/{rel}","templated":true}]}}