{"id":117090,"date":"2025-12-15T15:32:17","date_gmt":"2025-12-15T15:32:17","guid":{"rendered":"https:\/\/www.europesays.com\/fi\/117090\/"},"modified":"2025-12-15T15:32:17","modified_gmt":"2025-12-15T15:32:17","slug":"hausjarvella-nyt-asuva-anita-hirvonen-79-kulki-lastenkodista-iskelmatahdeksi-paikalliset","status":"publish","type":"post","link":"https:\/\/www.europesays.com\/fi\/117090\/","title":{"rendered":"Hausj\u00e4rvell\u00e4 nyt asuva Anita Hirvonen, 79, kulki lastenkodista iskelm\u00e4t\u00e4hdeksi | Paikalliset"},"content":{"rendered":"<p class=\"diks-article__lead\">Iskelm\u00e4t\u00e4hti Anita Hirvonen kertoo ajastaan lastenkodissa, uransa alusta vain viisivuotiaana ja nykyisest\u00e4 el\u00e4m\u00e4st\u00e4\u00e4n Hausj\u00e4rvell\u00e4. Tiesitk\u00f6, ett\u00e4 Anita polveutuu ven\u00e4l\u00e4isen keisarinnan suvusta, ja ett\u00e4 h\u00e4n oli Suomen nuorin martta miniatyyripukuineen?<\/p>\n<p class=\"diks-byline__author\">Minna Lehtinen<\/p>\n<p>\n\t\tT\u00e4n\u00e4\u00e4n 11:20<\/p>\n<p>\t\t\t\t<img decoding=\"async\" class=\"diks-byline__image\" src=\"https:\/\/www.europesays.com\/fi\/wp-content\/uploads\/2025\/12\/Minna Lehtinen (679986).jpg\" alt=\"Minna Lehtinen\"\/><\/p>\n<p>Iskelm\u00e4laulaja <strong>Anita Hirvonen<\/strong> el\u00e4\u00e4 hyv\u00e4\u00e4 el\u00e4m\u00e4\u00e4 Hausj\u00e4rvell\u00e4. H\u00e4n kertoo asuvansa jo kahdettatoista vuotta vanhan Karhin kansakoulun yl\u00e4kerrassa.<\/p>\n<p>\t\t\t\t\t\t\tVain tilaajille<\/p>\n<p>\t\t\tHaluatko lukea koko jutun?<\/p>\n<p class=\"diks-marketing-dialog__description\">Tee tilaus ja lue juttuja rajattomasti.<\/p>\n","protected":false},"excerpt":{"rendered":"Iskelm\u00e4t\u00e4hti Anita Hirvonen kertoo ajastaan lastenkodissa, uransa alusta vain viisivuotiaana ja nykyisest\u00e4 el\u00e4m\u00e4st\u00e4\u00e4n Hausj\u00e4rvell\u00e4. Tiesitk\u00f6, ett\u00e4 Anita polveutuu&hellip;\n","protected":false},"author":2,"featured_media":117091,"comment_status":"","ping_status":"","sticky":false,"template":"","format":"standard","meta":{"footnotes":""},"categories":[136],"tags":[10817,407,137,33,31,30,8711,3455,408,47,141,32,109],"class_list":{"0":"post-117090","1":"post","2":"type-post","3":"status-publish","4":"format-standard","5":"has-post-thumbnail","7":"category-julkkikset","8":"tag-anita-hirvonen","9":"tag-celebrities","10":"tag-entertainment","11":"tag-fi","12":"tag-finland","13":"tag-finnish","14":"tag-hausjarvi","15":"tag-isovanhemmuus","16":"tag-julkkikset","17":"tag-musiikki","18":"tag-muusikot-bandit","19":"tag-suomi","20":"tag-viihde"},"share_on_mastodon":{"url":"https:\/\/pubeurope.com\/@fi\/115724310667328740","error":""},"_links":{"self":[{"href":"https:\/\/www.europesays.com\/fi\/wp-json\/wp\/v2\/posts\/117090","targetHints":{"allow":["GET"]}}],"collection":[{"href":"https:\/\/www.europesays.com\/fi\/wp-json\/wp\/v2\/posts"}],"about":[{"href":"https:\/\/www.europesays.com\/fi\/wp-json\/wp\/v2\/types\/post"}],"author":[{"embeddable":true,"href":"https:\/\/www.europesays.com\/fi\/wp-json\/wp\/v2\/users\/2"}],"replies":[{"embeddable":true,"href":"https:\/\/www.europesays.com\/fi\/wp-json\/wp\/v2\/comments?post=117090"}],"version-history":[{"count":0,"href":"https:\/\/www.europesays.com\/fi\/wp-json\/wp\/v2\/posts\/117090\/revisions"}],"wp:featuredmedia":[{"embeddable":true,"href":"https:\/\/www.europesays.com\/fi\/wp-json\/wp\/v2\/media\/117091"}],"wp:attachment":[{"href":"https:\/\/www.europesays.com\/fi\/wp-json\/wp\/v2\/media?parent=117090"}],"wp:term":[{"taxonomy":"category","embeddable":true,"href":"https:\/\/www.europesays.com\/fi\/wp-json\/wp\/v2\/categories?post=117090"},{"taxonomy":"post_tag","embeddable":true,"href":"https:\/\/www.europesays.com\/fi\/wp-json\/wp\/v2\/tags?post=117090"}],"curies":[{"name":"wp","href":"https:\/\/api.w.org\/{rel}","templated":true}]}}