{"id":117105,"date":"2025-12-15T15:45:09","date_gmt":"2025-12-15T15:45:09","guid":{"rendered":"https:\/\/www.europesays.com\/fi\/117105\/"},"modified":"2025-12-15T15:45:09","modified_gmt":"2025-12-15T15:45:09","slug":"ihminen-kuoli-tyotapaturmassa-kouvolassa-kymenlaakso","status":"publish","type":"post","link":"https:\/\/www.europesays.com\/fi\/117105\/","title":{"rendered":"Ihminen kuoli ty\u00f6tapaturmassa Kouvolassa | Kymenlaakso"},"content":{"rendered":"<p class=\"aw-1gybjub aw-5vja16 kEtdKx kmuxyA yle__article__paragraph\">Pelastuslaitos sai h\u00e4lytyksen paikan p\u00e4\u00e4lle puoli yhdelt\u00e4 p\u00e4iv\u00e4ll\u00e4 maanantaina.<\/p>\n<p><img decoding=\"async\" alt=\"Kartta-alue Kouvolasta, jossa n\u00e4kyy Koria, Nappa niist\u00e4 lounaaseen Onnettomuuspaikka. Mukana my\u00f6s tie numero kuusi.\" src=\"https:\/\/www.europesays.com\/fi\/wp-content\/uploads\/2025\/12\/39-1569876693fe5de3fd30.jpeg\" class=\"aw-1l9m598 hKVVvP\"\/><\/p>\n<p>Avaa kuvien katselu<\/p>\n<p>Onnettomuus sattui maanantaina puolenp\u00e4iv\u00e4n j\u00e4lkeen. Kuva: Mari Siltanen \/ Yle, Mapcreator, Open Street Map<\/p>\n<p class=\"aw-1gybjub aw-1p7kakr kEtdKx cEmitX yle__article__paragraph\">Yksi ihminen kuoli t\u00e4n\u00e4\u00e4n maanantaina ty\u00f6tapaturmassa Kouvolassa.<\/p>\n<p class=\"aw-1gybjub aw-1p7kakr kEtdKx cEmitX yle__article__paragraph\">Pelastuslaitos sai h\u00e4lytyksen paikan p\u00e4\u00e4lle puoli yhdelt\u00e4 p\u00e4iv\u00e4ll\u00e4 maanantaina. My\u00f6s poliisi oli paikalla.<\/p>\n<p class=\"aw-1gybjub aw-1p7kakr kEtdKx cEmitX yle__article__paragraph\">Ihminen oli j\u00e4\u00e4nyt puristuksiin ty\u00f6koneen alle. H\u00e4n menehtyi tapahtumapaikalla elvytyksest\u00e4 huolimatta.<\/p>\n<p class=\"aw-1gybjub aw-1p7kakr kEtdKx cEmitX yle__article__paragraph\">Poliisi ei ep\u00e4ile rikosta ja jatkaa asian tutkimista kuolemansyyntutkintana.<\/p>\n","protected":false},"excerpt":{"rendered":"Pelastuslaitos sai h\u00e4lytyksen paikan p\u00e4\u00e4lle puoli yhdelt\u00e4 p\u00e4iv\u00e4ll\u00e4 maanantaina. Avaa kuvien katselu Onnettomuus sattui maanantaina puolenp\u00e4iv\u00e4n j\u00e4lkeen. Kuva:&hellip;\n","protected":false},"author":2,"featured_media":117106,"comment_status":"","ping_status":"","sticky":false,"template":"","format":"standard","meta":{"footnotes":""},"categories":[12],"tags":[22,23,21348,26,27,33,31,30,17,71,737,464,24,25,28,29,15,837,18,21,32,19,20,16],"class_list":{"0":"post-117105","1":"post","2":"type-post","3":"status-publish","4":"format-standard","5":"has-post-thumbnail","7":"category-suomi","8":"tag-breaking-news","9":"tag-breakingnews","10":"tag-elimaki","11":"tag-featured-news","12":"tag-featurednews","13":"tag-fi","14":"tag-finland","15":"tag-finnish","16":"tag-headlines","17":"tag-kotimaa","18":"tag-kouvola","19":"tag-kymenlaakso","20":"tag-latest-news","21":"tag-latestnews","22":"tag-main-news","23":"tag-mainnews","24":"tag-news","25":"tag-onnettomuudet","26":"tag-otsikot","27":"tag-paauutiset","28":"tag-suomi","29":"tag-top-stories","30":"tag-topstories","31":"tag-uutiset"},"share_on_mastodon":{"url":"https:\/\/pubeurope.com\/@fi\/115724361810424610","error":""},"_links":{"self":[{"href":"https:\/\/www.europesays.com\/fi\/wp-json\/wp\/v2\/posts\/117105","targetHints":{"allow":["GET"]}}],"collection":[{"href":"https:\/\/www.europesays.com\/fi\/wp-json\/wp\/v2\/posts"}],"about":[{"href":"https:\/\/www.europesays.com\/fi\/wp-json\/wp\/v2\/types\/post"}],"author":[{"embeddable":true,"href":"https:\/\/www.europesays.com\/fi\/wp-json\/wp\/v2\/users\/2"}],"replies":[{"embeddable":true,"href":"https:\/\/www.europesays.com\/fi\/wp-json\/wp\/v2\/comments?post=117105"}],"version-history":[{"count":0,"href":"https:\/\/www.europesays.com\/fi\/wp-json\/wp\/v2\/posts\/117105\/revisions"}],"wp:featuredmedia":[{"embeddable":true,"href":"https:\/\/www.europesays.com\/fi\/wp-json\/wp\/v2\/media\/117106"}],"wp:attachment":[{"href":"https:\/\/www.europesays.com\/fi\/wp-json\/wp\/v2\/media?parent=117105"}],"wp:term":[{"taxonomy":"category","embeddable":true,"href":"https:\/\/www.europesays.com\/fi\/wp-json\/wp\/v2\/categories?post=117105"},{"taxonomy":"post_tag","embeddable":true,"href":"https:\/\/www.europesays.com\/fi\/wp-json\/wp\/v2\/tags?post=117105"}],"curies":[{"name":"wp","href":"https:\/\/api.w.org\/{rel}","templated":true}]}}