{"id":117107,"date":"2025-12-15T15:46:09","date_gmt":"2025-12-15T15:46:09","guid":{"rendered":"https:\/\/www.europesays.com\/fi\/117107\/"},"modified":"2025-12-15T15:46:09","modified_gmt":"2025-12-15T15:46:09","slug":"joulun-ja-uudenvuoden-palveluajat-businessasemalla","status":"publish","type":"post","link":"https:\/\/www.europesays.com\/fi\/117107\/","title":{"rendered":"Joulun ja uudenvuoden palveluajat BusinessAsemalla"},"content":{"rendered":"<p>Joulun ja uudenvuoden aikaan BusinessAsema on avoinna arkip\u00e4ivisin normaalisti. BusinessAsema on suljettu 24.\u201326.12., 1.1. ja 6.1. N\u00e4iden p\u00e4ivien aattoina palvelemme paikan p\u00e4\u00e4ll\u00e4 normaalisti klo 16 asti ja puhelimitse (08 558 558 10) klo 15 saakka. <a href=\"https:\/\/businessasema.com\/palvelut\/\" target=\"_blank\" rel=\"nofollow noopener\"><strong>Katso Pop Up -palveluiden aukioloajat t\u00e4\u00e4lt\u00e4<\/strong><\/a>.<\/p>\n<p>Uudet ty\u00f6nhakijat ilmoittautuvat ty\u00f6nhakijaksi Ty\u00f6markkinatori.fi:n Asiointi-osiossa, mink\u00e4 j\u00e4lkeen ty\u00f6llisyyspalveluista otetaan yhteytt\u00e4 puhelimitse. Vuodenvaihde on ty\u00f6llisyyspalveluissa ruuhkaista uusien ty\u00f6nhaun aloitusten ja ty\u00f6nhaun muutosten vuoksi. Yhteydenottomme saattaa n\u00e4in ollen pitkitty\u00e4, joten varauduthan tavallista pidemp\u00e4\u00e4n odotukseen.<\/p>\n<p>Jos olet jo ty\u00f6nhakija-asiakkaana ja toteutettu ty\u00f6llistymissuunnitelmasi on ehtinyt vanhentua, sill\u00e4 ei ole vaikutusta ty\u00f6tt\u00f6myysetuuteesi. Voit odottaa rauhassa omavalmentajasi yhteydenottoa suunnitelmasi p\u00e4ivitt\u00e4miseksi ja jatkaa itsen\u00e4ist\u00e4 ty\u00f6nhakua. Muista kuitenkin ilmoittaa Ty\u00f6markkinatorin Asiointi-palvelussa, jos ty\u00f6llisyystilanteesi muuttuu.<\/p>\n<p>Ty\u00f6nhakijoita koskevia lakimuutoksia on tulossa voimaan vuoden 2026 alussa. Ajankohtaisia uutisia kannattaa seurata <a href=\"https:\/\/tyomarkkinatori.fi\/henkiloasiakkaat\" target=\"_blank\" rel=\"nofollow noopener\"><strong>Ty\u00f6markkinatorilta<\/strong><\/a>.<\/p>\n<p><strong>Hyv\u00e4\u00e4 joulua ja onnellista uutta vuotta 2026!<\/strong><\/p>\n","protected":false},"excerpt":{"rendered":"Joulun ja uudenvuoden aikaan BusinessAsema on avoinna arkip\u00e4ivisin normaalisti. BusinessAsema on suljettu 24.\u201326.12., 1.1. ja 6.1. N\u00e4iden p\u00e4ivien&hellip;\n","protected":false},"author":2,"featured_media":117108,"comment_status":"","ping_status":"","sticky":false,"template":"","format":"standard","meta":{"footnotes":""},"categories":[5],"tags":[22,23,26,27,33,31,30,17,24,25,28,29,15,18,21,32,19,20,16],"class_list":{"0":"post-117107","1":"post","2":"type-post","3":"status-publish","4":"format-standard","5":"has-post-thumbnail","7":"category-otsikot","8":"tag-breaking-news","9":"tag-breakingnews","10":"tag-featured-news","11":"tag-featurednews","12":"tag-fi","13":"tag-finland","14":"tag-finnish","15":"tag-headlines","16":"tag-latest-news","17":"tag-latestnews","18":"tag-main-news","19":"tag-mainnews","20":"tag-news","21":"tag-otsikot","22":"tag-paauutiset","23":"tag-suomi","24":"tag-top-stories","25":"tag-topstories","26":"tag-uutiset"},"share_on_mastodon":{"url":"https:\/\/pubeurope.com\/@fi\/115724365504354134","error":""},"_links":{"self":[{"href":"https:\/\/www.europesays.com\/fi\/wp-json\/wp\/v2\/posts\/117107","targetHints":{"allow":["GET"]}}],"collection":[{"href":"https:\/\/www.europesays.com\/fi\/wp-json\/wp\/v2\/posts"}],"about":[{"href":"https:\/\/www.europesays.com\/fi\/wp-json\/wp\/v2\/types\/post"}],"author":[{"embeddable":true,"href":"https:\/\/www.europesays.com\/fi\/wp-json\/wp\/v2\/users\/2"}],"replies":[{"embeddable":true,"href":"https:\/\/www.europesays.com\/fi\/wp-json\/wp\/v2\/comments?post=117107"}],"version-history":[{"count":0,"href":"https:\/\/www.europesays.com\/fi\/wp-json\/wp\/v2\/posts\/117107\/revisions"}],"wp:featuredmedia":[{"embeddable":true,"href":"https:\/\/www.europesays.com\/fi\/wp-json\/wp\/v2\/media\/117108"}],"wp:attachment":[{"href":"https:\/\/www.europesays.com\/fi\/wp-json\/wp\/v2\/media?parent=117107"}],"wp:term":[{"taxonomy":"category","embeddable":true,"href":"https:\/\/www.europesays.com\/fi\/wp-json\/wp\/v2\/categories?post=117107"},{"taxonomy":"post_tag","embeddable":true,"href":"https:\/\/www.europesays.com\/fi\/wp-json\/wp\/v2\/tags?post=117107"}],"curies":[{"name":"wp","href":"https:\/\/api.w.org\/{rel}","templated":true}]}}