{"id":117117,"date":"2025-12-15T16:06:09","date_gmt":"2025-12-15T16:06:09","guid":{"rendered":"https:\/\/www.europesays.com\/fi\/117117\/"},"modified":"2025-12-15T16:06:09","modified_gmt":"2025-12-15T16:06:09","slug":"suomen-kuvalehti-sanoma-aikoo-maksaa-linda-lampeniukselle-takaisin-rahat-anteeksipyynnosta-peter-nygardille-uutisia-lyhyesti","status":"publish","type":"post","link":"https:\/\/www.europesays.com\/fi\/117117\/","title":{"rendered":"Suomen Kuvalehti: Sanoma aikoo maksaa Linda Lampeniukselle takaisin rahat anteeksipyynn\u00f6st\u00e4 Peter Nyg\u00e5rdille | Uutisia lyhyesti"},"content":{"rendered":"<p class=\"aw-1gybjub aw-5vja16 kEtdKx kmuxyA yle__article__paragraph\">Lampenius joutui vuonna 2001 ostamaan Ilta-Sanomista ilmoituksen, jotta miljon\u00e4\u00e4ri Peter Nyg\u00e5rd lakkaisi vaatimasta korvausta kunnianloukkauksesta. <\/p>\n<p><img decoding=\"async\" alt=\"Linda Lampenius esiintyi Linnan juhlien jatkoilla.\" src=\"https:\/\/www.europesays.com\/fi\/wp-content\/uploads\/2025\/12\/39-15657096934a669d4a43.jpeg\" class=\"aw-1l9m598 hKVVvP\"\/><\/p>\n<p>Avaa kuvien katselu<\/p>\n<p>Linda Lampenius esiintym\u00e4ss\u00e4 Linnan juhlien jatkoilla 6. joulukuuta. Kuva: Jussi Eskola \/ Yle<\/p>\n<p class=\"aw-1gybjub aw-1p7kakr kEtdKx cEmitX yle__article__paragraph\">Sanoma Media Finland aikoo palauttaa viulisti Linda Lampeniukselle takaisin hinnan lehti-ilmoituksesta, jonka t\u00e4m\u00e4 joutui maksamaan yli 20 vuotta sitten, <a class=\"aw-iao6s4 iHOxEa yle__article__link\" href=\"https:\/\/suomenkuvalehti.fi\/kotimaa\/mediayhtio-sanoma-aikoo-maksaa-linda-lampeniukselle-takaisin-rahat-anteeksipyynnosta-peter-nygardille\/?shared=1343238-4332e077-500\" role=\"link\" rel=\"nofollow noopener\" target=\"_blank\">kertoo Suomen Kuvalehti<\/a>.<\/p>\n<p class=\"aw-1gybjub aw-1p7kakr kEtdKx cEmitX yle__article__paragraph\">Lampenius joutui vuonna 2001 ostamaan Ilta-Sanomista ilmoituksen ja antamaan lehdelle haastattelun, jotta miljon\u00e4\u00e4ri <strong class=\"aw-ak79eh KyCXm yle__article__strong\">Peter Nyg\u00e5rd<\/strong> lakkaisi vaatimasta korvausta kunnianloukkauksesta.<\/p>\n<p class=\"aw-1gybjub aw-1p7kakr kEtdKx cEmitX yle__article__paragraph\">Lampenius kertoi vuonna 1997 tavanneensa Nyg\u00e5rdin Kalifornian-matkalla. Lampenius sanoi 7 p\u00e4iv\u00e4\u00e4 -lehdelle, ett\u00e4 Nyg\u00e5rd oli n\u00e4ytt\u00e4nyt t\u00e4lle huvilaltaan otettuja kuvia alastomista naisista ja ettei kenenk\u00e4\u00e4n pit\u00e4isi l\u00e4hett\u00e4\u00e4 suomalaistytt\u00f6j\u00e4 sinne.<\/p>\n<p class=\"aw-1gybjub aw-1p7kakr kEtdKx cEmitX yle__article__paragraph\">Matkan toteuttamiseen osallistui Ilta-Sanomien toimittaja <strong class=\"aw-ak79eh KyCXm yle__article__strong\">Rita Tainola<\/strong>.<\/p>\n<p class=\"aw-1gybjub aw-1p7kakr kEtdKx cEmitX yle__article__paragraph\">Lampenius osti Ilta-Sanomista koko sivun ilmoituksen ja antoi Tainolalle haastattelun anteeksipyynt\u00f6n\u00e4 Nyg\u00e5rdille.<\/p>\n<p class=\"aw-1gybjub aw-1p7kakr kEtdKx cEmitX yle__article__paragraph\">Suomen Kuvalehti kertoo, ett\u00e4 sen ajan lehtitietojen mukaan lehti-ilmoitus maksoi 35\u00a0000 markkaa, mik\u00e4 olisi nykyrahassa l\u00e4hes 9\u00a0000 euroa.<\/p>\n<p class=\"aw-1gybjub aw-1p7kakr kEtdKx cEmitX yle__article__paragraph\">Vuonna 2024 Nyg\u00e5rd <a class=\"aw-iao6s4 iHOxEa yle__article__link\" href=\"https:\/\/yle.fi\/a\/74-20110454\" role=\"link\" rel=\"nofollow noopener\" target=\"_blank\">sai Kanadassa vankeustuomion<\/a> useista seksuaalirikoksista.<\/p>\n<p class=\"aw-1gybjub aw-1p7kakr kEtdKx cEmitX yle__article__paragraph\">Sanoma Media Finlandin toimitusjohtaja <strong class=\"aw-ak79eh KyCXm yle__article__strong\">Pia Kalsta<\/strong> sanoo Suomen Kuvalehdelle, ett\u00e4 rahojen palauttamisesta pit\u00e4\u00e4 viel\u00e4 keskustella Lampeniuksen kanssa.<\/p>\n","protected":false},"excerpt":{"rendered":"Lampenius joutui vuonna 2001 ostamaan Ilta-Sanomista ilmoituksen, jotta miljon\u00e4\u00e4ri Peter Nyg\u00e5rd lakkaisi vaatimasta korvausta kunnianloukkauksesta. Avaa kuvien katselu&hellip;\n","protected":false},"author":2,"featured_media":109990,"comment_status":"","ping_status":"","sticky":false,"template":"","format":"standard","meta":{"footnotes":""},"categories":[130],"tags":[137,33,31,30,71,5707,1077,20480,32,109],"class_list":{"0":"post-117117","1":"post","2":"type-post","3":"status-publish","4":"format-standard","5":"has-post-thumbnail","7":"category-viihde","8":"tag-entertainment","9":"tag-fi","10":"tag-finland","11":"tag-finnish","12":"tag-kotimaa","13":"tag-linda-lampenius","14":"tag-media","15":"tag-peter-nygard","16":"tag-suomi","17":"tag-viihde"},"share_on_mastodon":{"url":"https:\/\/pubeurope.com\/@fi\/115724444206378925","error":""},"_links":{"self":[{"href":"https:\/\/www.europesays.com\/fi\/wp-json\/wp\/v2\/posts\/117117","targetHints":{"allow":["GET"]}}],"collection":[{"href":"https:\/\/www.europesays.com\/fi\/wp-json\/wp\/v2\/posts"}],"about":[{"href":"https:\/\/www.europesays.com\/fi\/wp-json\/wp\/v2\/types\/post"}],"author":[{"embeddable":true,"href":"https:\/\/www.europesays.com\/fi\/wp-json\/wp\/v2\/users\/2"}],"replies":[{"embeddable":true,"href":"https:\/\/www.europesays.com\/fi\/wp-json\/wp\/v2\/comments?post=117117"}],"version-history":[{"count":0,"href":"https:\/\/www.europesays.com\/fi\/wp-json\/wp\/v2\/posts\/117117\/revisions"}],"wp:featuredmedia":[{"embeddable":true,"href":"https:\/\/www.europesays.com\/fi\/wp-json\/wp\/v2\/media\/109990"}],"wp:attachment":[{"href":"https:\/\/www.europesays.com\/fi\/wp-json\/wp\/v2\/media?parent=117117"}],"wp:term":[{"taxonomy":"category","embeddable":true,"href":"https:\/\/www.europesays.com\/fi\/wp-json\/wp\/v2\/categories?post=117117"},{"taxonomy":"post_tag","embeddable":true,"href":"https:\/\/www.europesays.com\/fi\/wp-json\/wp\/v2\/tags?post=117117"}],"curies":[{"name":"wp","href":"https:\/\/api.w.org\/{rel}","templated":true}]}}