{"id":117120,"date":"2025-12-15T16:10:07","date_gmt":"2025-12-15T16:10:07","guid":{"rendered":"https:\/\/www.europesays.com\/fi\/117120\/"},"modified":"2025-12-15T16:10:07","modified_gmt":"2025-12-15T16:10:07","slug":"ukraina-yhdysvallat-ja-eurooppa-neuvottelevat-merz-ja-zelenskyi-puhuvat-medialle","status":"publish","type":"post","link":"https:\/\/www.europesays.com\/fi\/117120\/","title":{"rendered":"Ukraina, Yhdysvallat ja Eurooppa neuvottelevat, Merz ja Zelenskyi puhuvat medialle"},"content":{"rendered":"<p>Suora l\u00e4hetys|Ukraina ja Yhdysvallat k\u00e4yv\u00e4t Berliiniss\u00e4 neuvotteluja, joihin my\u00f6s presidentti Alexander Stubb osallistuu.<\/p>\n<p class=\"article-body mb-nof-24 px-nof-16\">Ukrainan rauhanneuvottelut jatkuvat maanantai-iltana Berliiniss\u00e4, Saksassa. Neuvotteluja k\u00e4yd\u00e4\u00e4n Ukrainan ja Yhdysvaltojen v\u00e4lill\u00e4, mutta my\u00f6s Euroopan valtioiden p\u00e4\u00e4miehi\u00e4 osallistuu kokoukseen.<\/p>\n<p class=\"article-body mb-nof-24 px-nof-16\">Kyseess\u00e4 on ensimm\u00e4inen kerta, kun Euroopan maat istuvat Yhdysvaltain kanssa varsinaiseen neuvottelup\u00f6yt\u00e4\u00e4n Ukrainan rauhasta. Ensimm\u00e4inen luvassa kello kuudelta on Ukrainan presidentin <a class=\"article-personlink\" href=\"https:\/\/www.hs.fi\/haku\/?query=Volodymyr%20Zelenskyin\" rel=\"nofollow noopener\" target=\"_blank\">Volodymyr Zelenskyin<\/a> ja Saksan liittokanslerin <a class=\"article-personlink\" href=\"https:\/\/www.hs.fi\/haku\/?query=Friedrich%20Merzin\" rel=\"nofollow noopener\" target=\"_blank\">Friedrich Merzin<\/a> tiedotustilaisuus, jonka j\u00e4lkeen maiden edustajat vet\u00e4ytyv\u00e4t kokoustamaan.<\/p>\n<p class=\"article-body mb-nof-24 px-nof-16\">Paikalla Berliiniss\u00e4 on my\u00f6s presidentti <a class=\"article-personlink\" href=\"https:\/\/www.hs.fi\/haku\/?query=Alexander%20Stubb\" rel=\"nofollow noopener\" target=\"_blank\">Alexander Stubb<\/a>, joka tapasi jo aamup\u00e4iv\u00e4ll\u00e4 Ukrainan presidentti\u00e4 Zelenskyit\u00e4. Stubbin on m\u00e4\u00e4r\u00e4 pit\u00e4\u00e4 tiedotustilaisuus kello 22.45 aikaan illalla kokouksen j\u00e4lkeen.<\/p>\n","protected":false},"excerpt":{"rendered":"Suora l\u00e4hetys|Ukraina ja Yhdysvallat k\u00e4yv\u00e4t Berliiniss\u00e4 neuvotteluja, joihin my\u00f6s presidentti Alexander Stubb osallistuu. Ukrainan rauhanneuvottelut jatkuvat maanantai-iltana Berliiniss\u00e4,&hellip;\n","protected":false},"author":2,"featured_media":117121,"comment_status":"","ping_status":"","sticky":false,"template":"","format":"standard","meta":{"footnotes":""},"categories":[14],"tags":[22,23,26,27,33,31,30,17,46,24,25,28,29,15,18,21,32,19,20,56,16,59,60,61],"class_list":{"0":"post-117120","1":"post","2":"type-post","3":"status-publish","4":"format-standard","5":"has-post-thumbnail","7":"category-ulkomaat","8":"tag-breaking-news","9":"tag-breakingnews","10":"tag-featured-news","11":"tag-featurednews","12":"tag-fi","13":"tag-finland","14":"tag-finnish","15":"tag-headlines","16":"tag-helsingin-sanomat","17":"tag-latest-news","18":"tag-latestnews","19":"tag-main-news","20":"tag-mainnews","21":"tag-news","22":"tag-otsikot","23":"tag-paauutiset","24":"tag-suomi","25":"tag-top-stories","26":"tag-topstories","27":"tag-ulkomaat","28":"tag-uutiset","29":"tag-world","30":"tag-world-news","31":"tag-worldnews"},"share_on_mastodon":{"url":"https:\/\/pubeurope.com\/@fi\/115724459978709065","error":""},"_links":{"self":[{"href":"https:\/\/www.europesays.com\/fi\/wp-json\/wp\/v2\/posts\/117120","targetHints":{"allow":["GET"]}}],"collection":[{"href":"https:\/\/www.europesays.com\/fi\/wp-json\/wp\/v2\/posts"}],"about":[{"href":"https:\/\/www.europesays.com\/fi\/wp-json\/wp\/v2\/types\/post"}],"author":[{"embeddable":true,"href":"https:\/\/www.europesays.com\/fi\/wp-json\/wp\/v2\/users\/2"}],"replies":[{"embeddable":true,"href":"https:\/\/www.europesays.com\/fi\/wp-json\/wp\/v2\/comments?post=117120"}],"version-history":[{"count":0,"href":"https:\/\/www.europesays.com\/fi\/wp-json\/wp\/v2\/posts\/117120\/revisions"}],"wp:featuredmedia":[{"embeddable":true,"href":"https:\/\/www.europesays.com\/fi\/wp-json\/wp\/v2\/media\/117121"}],"wp:attachment":[{"href":"https:\/\/www.europesays.com\/fi\/wp-json\/wp\/v2\/media?parent=117120"}],"wp:term":[{"taxonomy":"category","embeddable":true,"href":"https:\/\/www.europesays.com\/fi\/wp-json\/wp\/v2\/categories?post=117120"},{"taxonomy":"post_tag","embeddable":true,"href":"https:\/\/www.europesays.com\/fi\/wp-json\/wp\/v2\/tags?post=117120"}],"curies":[{"name":"wp","href":"https:\/\/api.w.org\/{rel}","templated":true}]}}