{"id":117122,"date":"2025-12-15T16:11:08","date_gmt":"2025-12-15T16:11:08","guid":{"rendered":"https:\/\/www.europesays.com\/fi\/117122\/"},"modified":"2025-12-15T16:11:08","modified_gmt":"2025-12-15T16:11:08","slug":"vuoden-kulttuuriteko-2025-aanestys-tampereen-kaupunki","status":"publish","type":"post","link":"https:\/\/www.europesays.com\/fi\/117122\/","title":{"rendered":"Vuoden kulttuuriteko 2025 -\u00e4\u00e4nestys [Tampereen kaupunki"},"content":{"rendered":"<p>\n            On aika ehdottaa Vuoden kulttuuriteko -palkinnon saajaksi tekoa, joka on rikastuttanut vuoden 2025 aikana tamperelaista kulttuuriel\u00e4m\u00e4\u00e4. Kuka tahansa voi ehdottaa mielest\u00e4\u00e4n palkitsemisen arvoista kulttuuritekoa 11.1.2026 asti s\u00e4hk\u00f6isell\u00e4 lomakkeella.\n      <\/p>\n<p>Mik\u00e4 syk\u00e4hdytti vuonna 2025? Vaikutuksen tehnyt kulttuuriteko voi olla tuote, palvelu, taideteos, tapahtuma, esitys, organisaatio, yhdistys, henkil\u00f6 tai jotain aivan muuta. Tampereen kaupunki on my\u00f6nt\u00e4nyt Vuoden kulttuuriteko -palkinnon vuosittain vuodesta 2007 l\u00e4htien. Kriteerin\u00e4 on, ett\u00e4 Vuoden kulttuuriteko on olemassaolollaan tai toiminnallaan kehitt\u00e4nyt, rikastuttanut tai monipuolistanut Tampereen kulttuuriel\u00e4m\u00e4\u00e4. Palkintoa ei my\u00f6nnet\u00e4 Tampereen kaupungin omalle toiminnalle. P\u00e4\u00e4t\u00f6ksen vuoden kulttuuriteosta tekee kulttuuri- ja vapaa-aikalautakunta ehdotusten joukosta.<\/p>\n<p>Vuonna 2024 palkinnon sai Tampereen musiikki- ja tapahtumatarjontaa monipuolistanut Vastavirta-Klubi. Muut aiemmat voittajat l\u00f6ytyv\u00e4t palkintoa esittelev\u00e4lt\u00e4 verkkosivulta.<\/p>\n","protected":false},"excerpt":{"rendered":"On aika ehdottaa Vuoden kulttuuriteko -palkinnon saajaksi tekoa, joka on rikastuttanut vuoden 2025 aikana tamperelaista kulttuuriel\u00e4m\u00e4\u00e4. Kuka tahansa&hellip;\n","protected":false},"author":2,"featured_media":2407,"comment_status":"","ping_status":"","sticky":false,"template":"","format":"standard","meta":{"footnotes":""},"categories":[12],"tags":[22,23,26,27,33,31,30,17,24,25,28,29,15,18,21,32,19,20,16],"class_list":{"0":"post-117122","1":"post","2":"type-post","3":"status-publish","4":"format-standard","5":"has-post-thumbnail","7":"category-suomi","8":"tag-breaking-news","9":"tag-breakingnews","10":"tag-featured-news","11":"tag-featurednews","12":"tag-fi","13":"tag-finland","14":"tag-finnish","15":"tag-headlines","16":"tag-latest-news","17":"tag-latestnews","18":"tag-main-news","19":"tag-mainnews","20":"tag-news","21":"tag-otsikot","22":"tag-paauutiset","23":"tag-suomi","24":"tag-top-stories","25":"tag-topstories","26":"tag-uutiset"},"share_on_mastodon":{"url":"https:\/\/pubeurope.com\/@fi\/115724464088621563","error":""},"_links":{"self":[{"href":"https:\/\/www.europesays.com\/fi\/wp-json\/wp\/v2\/posts\/117122","targetHints":{"allow":["GET"]}}],"collection":[{"href":"https:\/\/www.europesays.com\/fi\/wp-json\/wp\/v2\/posts"}],"about":[{"href":"https:\/\/www.europesays.com\/fi\/wp-json\/wp\/v2\/types\/post"}],"author":[{"embeddable":true,"href":"https:\/\/www.europesays.com\/fi\/wp-json\/wp\/v2\/users\/2"}],"replies":[{"embeddable":true,"href":"https:\/\/www.europesays.com\/fi\/wp-json\/wp\/v2\/comments?post=117122"}],"version-history":[{"count":0,"href":"https:\/\/www.europesays.com\/fi\/wp-json\/wp\/v2\/posts\/117122\/revisions"}],"wp:featuredmedia":[{"embeddable":true,"href":"https:\/\/www.europesays.com\/fi\/wp-json\/wp\/v2\/media\/2407"}],"wp:attachment":[{"href":"https:\/\/www.europesays.com\/fi\/wp-json\/wp\/v2\/media?parent=117122"}],"wp:term":[{"taxonomy":"category","embeddable":true,"href":"https:\/\/www.europesays.com\/fi\/wp-json\/wp\/v2\/categories?post=117122"},{"taxonomy":"post_tag","embeddable":true,"href":"https:\/\/www.europesays.com\/fi\/wp-json\/wp\/v2\/tags?post=117122"}],"curies":[{"name":"wp","href":"https:\/\/api.w.org\/{rel}","templated":true}]}}