{"id":117123,"date":"2025-12-15T16:12:10","date_gmt":"2025-12-15T16:12:10","guid":{"rendered":"https:\/\/www.europesays.com\/fi\/117123\/"},"modified":"2025-12-15T16:12:10","modified_gmt":"2025-12-15T16:12:10","slug":"yksi-demari-uhmasi-puolueensa-tahtoa-eduskunnassa","status":"publish","type":"post","link":"https:\/\/www.europesays.com\/fi\/117123\/","title":{"rendered":"Yksi demari uhmasi puolueensa tahtoa eduskunnassa"},"content":{"rendered":"<p>Hiltunen ei saanut Sdp:lt\u00e4 lupaa \u00e4\u00e4nest\u00e4\u00e4 puolueen linjaa vastaan.<\/p>\n<p class=\"article-body mb-nof-24 px-nof-16\">Kansanedustaja <a class=\"article-personlink\" href=\"https:\/\/www.is.fi\/haku\/?query=Pia%20Hiltunen\" rel=\"nofollow noopener\" target=\"_blank\">Pia Hiltunen<\/a> (sd) \u00e4\u00e4nesti eduskunnassa puolueensa kantaa vastaan.<\/p>\n<p class=\"article-body mb-nof-24 px-nof-16\">Eduskunnassa \u00e4\u00e4nestettiin maanantaina niin sanotun \u201dpotkulain\u201d sis\u00e4ll\u00f6st\u00e4. Hiltunen \u00e4\u00e4nesti kaikissa seitsem\u00e4ss\u00e4 pyk\u00e4l\u00e4kohdassa toisin kuin Sdp ja tuki hallituksen irtisanomislakia.<\/p>\n<p><img decoding=\"async\" src=\"https:\/\/www.europesays.com\/fi\/wp-content\/uploads\/2025\/12\/1765815129_976_468.jpg\" alt=\"Kansanedustaja Pia Hiltunen on irtisanomislaista toista mielt\u00e4 kuin muut Sdp:n kansanedustajat.\" class=\"_Img_1rerz_1\" style=\"aspect-ratio:1.5\" loading=\"eager\"\/><\/p>\n<p class=\"article-picture-caption\">Kansanedustaja Pia Hiltunen on irtisanomislaista toista mielt\u00e4 kuin muut Sdp:n kansanedustajat. Kuva:\u00a0Petteri Tuohinen \/ HS<\/p>\n<p class=\"article-body mb-nof-24 px-nof-16\">Aiemmin irtisanomisen syyksi on vaadittu painava ja asiallinen syy, jatkossa asiallinen syy riitt\u00e4\u00e4.<\/p>\n<p class=\"article-body mb-nof-24 px-nof-16\">Hallituksen tavoitteena on lis\u00e4t\u00e4 ty\u00f6llisyytt\u00e4 etenkin pieniss\u00e4 ja keskisuurissa yrityksiss\u00e4, mutta ty\u00f6ntekij\u00f6iden mielest\u00e4 lakimuutos johtaa lis\u00e4\u00e4ntyviin irtisanomisiin.<\/p>\n<p class=\"article-body mb-nof-24 px-nof-16\">Sdp:ss\u00e4 ei katseltu hyv\u00e4ll\u00e4 Hiltusen toimintaa.<\/p>\n<p class=\"article-body mb-nof-24 px-nof-16\">Eduskuntaryhm\u00e4n puheenjohtajan <a class=\"article-personlink\" href=\"https:\/\/www.is.fi\/haku\/?query=Tytti%20Tuppuraisen\" rel=\"nofollow noopener\" target=\"_blank\">Tytti Tuppuraisen<\/a> (sd) mukaan Hiltuselle ei my\u00f6nnetty lupaa \u00e4\u00e4nest\u00e4\u00e4 toisin kuin muut demarit. Tuppuraisen mukaan Sdp:n kanta irtisanomislakiin on yksiselitteisesti kielteinen.<\/p>\n<p class=\"article-body mb-nof-24 px-nof-16\">\u2013 Sdp vastustaa yksiselitteisesti irtisanomislakia. Edustaja Hiltunen on omasta n\u00e4k\u00f6kulmastaan n\u00e4hnyt asian toisin ja hakenut ryhm\u00e4lt\u00e4 lupaa k\u00e4ytt\u00e4yty\u00e4 ryhm\u00e4n kannasta poikkeavalla tavalla, Tuppurainen kertoi.<\/p>\n<p class=\"article-body mb-nof-24 px-nof-16\">\u2013 Eduskuntaryhm\u00e4 on sen t\u00e4n\u00e4\u00e4n k\u00e4sitellyt ja lupaa ei my\u00f6nnetty. Edustaja Hiltunen on ensimm\u00e4isen kauden edustajana muuten ottanut erinomaisesti paikkansa ryhm\u00e4ss\u00e4. Katsomme prosessin rauhassa loppuun ja t\u00e4ss\u00e4 edess\u00e4 viel\u00e4 toinen \u00e4\u00e4nestys t\u00e4ll\u00e4 viikolla, Tuppurainen jatkoi.<\/p>\n<p><img decoding=\"async\" src=\"https:\/\/www.europesays.com\/fi\/wp-content\/uploads\/2025\/12\/1765815130_52_468.jpg\" alt=\"Ryhm\u00e4johtaja Typpi Tuppurainen kertoi, ett\u00e4 Pia Hiltunen haki lupaa \u00e4\u00e4nest\u00e4\u00e4 toisin kuin muu puolue mutta lupaa ei my\u00f6nnetty.\" class=\"_Img_1rerz_1\" style=\"aspect-ratio:0.6666666666666666\" loading=\"eager\"\/><\/p>\n<p class=\"article-picture-caption\">Ryhm\u00e4johtaja Typpi Tuppurainen kertoi, ett\u00e4 Pia Hiltunen haki lupaa \u00e4\u00e4nest\u00e4\u00e4 toisin kuin muu puolue mutta lupaa ei my\u00f6nnetty. Kuva:\u00a0Saara Mansikkam\u00e4ki \/ HS<\/p>\n<p class=\"article-body mb-nof-24 px-nof-16\">Irtisanomislain toinen ja varsinainen \u00e4\u00e4nestys on perjantaina.<\/p>\n<p class=\"article-body mb-nof-24 px-nof-16\">Jos ja kun Hiltunen my\u00f6s perjantaina \u00e4\u00e4nest\u00e4\u00e4 vastoin Sdp:n linjaa, edess\u00e4 voi olla rangaistus Hiltuselle.<\/p>\n<p class=\"article-body mb-nof-24 px-nof-16\">Tosin rangaistuksesta p\u00e4\u00e4tt\u00e4minen voi veny\u00e4 helmikuulle, koska torstaina on Sdp:n viimeinen ryhm\u00e4kokous t\u00e4n\u00e4 vuonna ja eduskunta on j\u00e4\u00e4m\u00e4ss\u00e4 helmikuun alkuun asti kest\u00e4v\u00e4lle joulutauolleen perjantaina.<\/p>\n<p class=\"article-body mb-nof-24 px-nof-16\">\u2013 En viel\u00e4 ennakoi edes sanktioita. Odotan, ett\u00e4 edustaja Hiltunen kuulee ryhm\u00e4n selke\u00e4n viestin, poikkeuslupaa ei my\u00f6nnetty. Odotamme, ett\u00e4 h\u00e4n toimisi ryhm\u00e4n kannan mukaisesti, Tuppurainen totesi.<\/p>\n<p class=\"article-body mb-nof-24 px-nof-16\">\u2013 Ryhm\u00e4n ty\u00f6valiokunta kokoontuu tiistaina ja keskustelee asiasta, ja torstain ryhm\u00e4kokouksessa on mahdollisuus asiasta keskustella. Perjantain \u00e4\u00e4nestys panee pisteen t\u00e4lle asialle ja sen j\u00e4lkeen on johtop\u00e4\u00e4t\u00f6sten aika, Tuppurainen lis\u00e4si.<\/p>\n<p class=\"article-body mb-nof-24 px-nof-16\">Pia Hiltunen, 34, on ensimm\u00e4isen kauden kansanedustaja Oulusta ja aiemmin h\u00e4n on toiminut muun muassa luokanopettajana.<\/p>\n","protected":false},"excerpt":{"rendered":"Hiltunen ei saanut Sdp:lt\u00e4 lupaa \u00e4\u00e4nest\u00e4\u00e4 puolueen linjaa vastaan. Kansanedustaja Pia Hiltunen (sd) \u00e4\u00e4nesti eduskunnassa puolueensa kantaa vastaan.&hellip;\n","protected":false},"author":2,"featured_media":117124,"comment_status":"","ping_status":"","sticky":false,"template":"","format":"standard","meta":{"footnotes":""},"categories":[5],"tags":[22,23,26,27,33,31,30,17,34,24,25,28,29,15,18,21,32,19,20,16],"class_list":{"0":"post-117123","1":"post","2":"type-post","3":"status-publish","4":"format-standard","5":"has-post-thumbnail","7":"category-otsikot","8":"tag-breaking-news","9":"tag-breakingnews","10":"tag-featured-news","11":"tag-featurednews","12":"tag-fi","13":"tag-finland","14":"tag-finnish","15":"tag-headlines","16":"tag-ilta-sanomat","17":"tag-latest-news","18":"tag-latestnews","19":"tag-main-news","20":"tag-mainnews","21":"tag-news","22":"tag-otsikot","23":"tag-paauutiset","24":"tag-suomi","25":"tag-top-stories","26":"tag-topstories","27":"tag-uutiset"},"share_on_mastodon":{"url":"https:\/\/pubeurope.com\/@fi\/115724468001794968","error":""},"_links":{"self":[{"href":"https:\/\/www.europesays.com\/fi\/wp-json\/wp\/v2\/posts\/117123","targetHints":{"allow":["GET"]}}],"collection":[{"href":"https:\/\/www.europesays.com\/fi\/wp-json\/wp\/v2\/posts"}],"about":[{"href":"https:\/\/www.europesays.com\/fi\/wp-json\/wp\/v2\/types\/post"}],"author":[{"embeddable":true,"href":"https:\/\/www.europesays.com\/fi\/wp-json\/wp\/v2\/users\/2"}],"replies":[{"embeddable":true,"href":"https:\/\/www.europesays.com\/fi\/wp-json\/wp\/v2\/comments?post=117123"}],"version-history":[{"count":0,"href":"https:\/\/www.europesays.com\/fi\/wp-json\/wp\/v2\/posts\/117123\/revisions"}],"wp:featuredmedia":[{"embeddable":true,"href":"https:\/\/www.europesays.com\/fi\/wp-json\/wp\/v2\/media\/117124"}],"wp:attachment":[{"href":"https:\/\/www.europesays.com\/fi\/wp-json\/wp\/v2\/media?parent=117123"}],"wp:term":[{"taxonomy":"category","embeddable":true,"href":"https:\/\/www.europesays.com\/fi\/wp-json\/wp\/v2\/categories?post=117123"},{"taxonomy":"post_tag","embeddable":true,"href":"https:\/\/www.europesays.com\/fi\/wp-json\/wp\/v2\/tags?post=117123"}],"curies":[{"name":"wp","href":"https:\/\/api.w.org\/{rel}","templated":true}]}}