{"id":117135,"date":"2025-12-15T16:35:07","date_gmt":"2025-12-15T16:35:07","guid":{"rendered":"https:\/\/www.europesays.com\/fi\/117135\/"},"modified":"2025-12-15T16:35:07","modified_gmt":"2025-12-15T16:35:07","slug":"riipisen-viisi-ravintolaa-rukalla-alkoi-kayttaa-woltin-alustaa-meidan-omat-tyontekijat-kuljettavat-ruoat-mokeille","status":"publish","type":"post","link":"https:\/\/www.europesays.com\/fi\/117135\/","title":{"rendered":"Riipisen viisi ravintolaa Rukalla alkoi k\u00e4ytt\u00e4\u00e4 Woltin alustaa\u202f\u2013\u202f&#8221;Meid\u00e4n omat ty\u00f6ntekij\u00e4t kuljettavat ruoat m\u00f6keille&#8221;"},"content":{"rendered":"<p>\n      Kuusamolainen Riipinen Restaurants Oy on aloittanut L\u00e4nsi-Rukan ravintoloillaan yhteisty\u00f6n ruoan kotiinkuljetuspalvelu <a href=\"https:\/\/wolt.com\/fi\/fin\/ruka\" rel=\"nofollow noopener\" target=\"_blank\">Woltin<\/a> kanssa. Viiden L\u00e4nsi-Rukalla sijaitsevan Riipisten oman tai operoiman ravintolan suosituimpia annoksia voi tilata m\u00f6kille Woltin sovelluksen tai verkkosivun kautta kautta.\n    <\/p>\n<p>\n      Yritysten yhteisess\u00e4 tiedotteessa sanotaan, ett\u00e4 t\u00e4m\u00e4 palvelee erityisesti alueen lomailijoita, m\u00f6kkil\u00e4isi\u00e4 ja paikallisia, jotka haluavat nauttia ravintolaruoasta omassa rauhassaan. Ruokatoimituksia on tarjottu joulukuun alusta l\u00e4htien kahdeksan kilometrin s\u00e4teell\u00e4 ravintoloista.\n    <\/p>\n<p class=\"article__paragraph\">\n      \u2013\u202fMeill\u00e4 on Woltin kanssa self delivery -yhteisty\u00f6sopimus. Se tarkoittaa, ett\u00e4 tilaukset tulevat Woltin alustan kautta meille ravintoloihin, ja meid\u00e4n omat ty\u00f6ntekij\u00e4t kuljettavat ruoat m\u00f6keille autolla. Autoon tulee Woltin tarrat, kertoo ravintoloitsija Henrik Riipinen.\n    <\/p>\n<p class=\"article__paragraph\">\n      \u2013\u202fWolt alustana helpottaa meid\u00e4n kuljetusten koordinointia. Toisaalta se on my\u00f6s helppo kanava tilata ruokaa.\n    <\/p>\n<p class=\"article__paragraph\">\n      T\u00e4ll\u00e4 hetkell\u00e4 kuljetuksissa on arkip\u00e4ivisin yksi ty\u00f6ntekij\u00e4 ja viikonloppuisin kaksi. Viime talvena Riipiset kokeilivat Rukalla kotiinkuljetusta taksilla.\n    <\/p>\n<p class=\"article__paragraph\">\n      Ruka-Kuusamon matkailuyhdistyksess\u00e4, jossa Riipisten ravintoyrityskin on vahva toimija, iloitaan Woltin saapumisesta tunturiin.\n    <\/p>\n<p class=\"article__paragraph\">\n      \u2013\u202fWolt tuo tunturiin kaupunkiymp\u00e4rist\u00f6st\u00e4 tutun ruokal\u00e4hettipalvelun ja tarjoaa helpon v\u00e4yl\u00e4n Rukan kyl\u00e4n ravintoloiden annosten herkutteluun rennosti loman majoituksesta k\u00e4sin, yhdistyksen toimitusjohtaja Janne-Juhani Haarma kommentoi tiedotteessa.\n    <\/p>\n<p class=\"article__paragraph\">\n      My\u00f6s esimerkiksi ravintola <a href=\"https:\/\/talonpoyta.fi\/lounas-kotiin-tai-tyopaikalle\/\" rel=\"nofollow noopener\" target=\"_blank\">Talonp\u00f6yt\u00e4 markkinoi<\/a> omaa, itse j\u00e4rjest\u00e4m\u00e4\u00e4ns\u00e4 ruoan kotiinkuljetusta Rukan alueen m\u00f6keille.\n    <\/p>\n<p class=\"article__paragraph\">\n      Juttua muokattu kauttaaltaan ja otsikkoa muutettu 15.12.2025 klo 18.24.\n    <\/p>\n","protected":false},"excerpt":{"rendered":"Kuusamolainen Riipinen Restaurants Oy on aloittanut L\u00e4nsi-Rukan ravintoloillaan yhteisty\u00f6n ruoan kotiinkuljetuspalvelu Woltin kanssa. Viiden L\u00e4nsi-Rukalla sijaitsevan Riipisten oman&hellip;\n","protected":false},"author":2,"featured_media":117119,"comment_status":"","ping_status":"","sticky":false,"template":"","format":"standard","meta":{"footnotes":""},"categories":[76],"tags":[79,77,33,31,30,32,78],"class_list":{"0":"post-117135","1":"post","2":"type-post","3":"status-publish","4":"format-standard","5":"has-post-thumbnail","7":"category-talous","8":"tag-business","9":"tag-economy","10":"tag-fi","11":"tag-finland","12":"tag-finnish","13":"tag-suomi","14":"tag-talous"},"share_on_mastodon":{"url":"https:\/\/pubeurope.com\/@fi\/115724558250871354","error":""},"_links":{"self":[{"href":"https:\/\/www.europesays.com\/fi\/wp-json\/wp\/v2\/posts\/117135","targetHints":{"allow":["GET"]}}],"collection":[{"href":"https:\/\/www.europesays.com\/fi\/wp-json\/wp\/v2\/posts"}],"about":[{"href":"https:\/\/www.europesays.com\/fi\/wp-json\/wp\/v2\/types\/post"}],"author":[{"embeddable":true,"href":"https:\/\/www.europesays.com\/fi\/wp-json\/wp\/v2\/users\/2"}],"replies":[{"embeddable":true,"href":"https:\/\/www.europesays.com\/fi\/wp-json\/wp\/v2\/comments?post=117135"}],"version-history":[{"count":0,"href":"https:\/\/www.europesays.com\/fi\/wp-json\/wp\/v2\/posts\/117135\/revisions"}],"wp:featuredmedia":[{"embeddable":true,"href":"https:\/\/www.europesays.com\/fi\/wp-json\/wp\/v2\/media\/117119"}],"wp:attachment":[{"href":"https:\/\/www.europesays.com\/fi\/wp-json\/wp\/v2\/media?parent=117135"}],"wp:term":[{"taxonomy":"category","embeddable":true,"href":"https:\/\/www.europesays.com\/fi\/wp-json\/wp\/v2\/categories?post=117135"},{"taxonomy":"post_tag","embeddable":true,"href":"https:\/\/www.europesays.com\/fi\/wp-json\/wp\/v2\/tags?post=117135"}],"curies":[{"name":"wp","href":"https:\/\/api.w.org\/{rel}","templated":true}]}}