{"id":117150,"date":"2025-12-15T17:01:08","date_gmt":"2025-12-15T17:01:08","guid":{"rendered":"https:\/\/www.europesays.com\/fi\/117150\/"},"modified":"2025-12-15T17:01:08","modified_gmt":"2025-12-15T17:01:08","slug":"salo-ei-jarjesta-kansanaanestysta-lansiradasta","status":"publish","type":"post","link":"https:\/\/www.europesays.com\/fi\/117150\/","title":{"rendered":"Salo ei j\u00e4rjest\u00e4 kansan\u00e4\u00e4nestyst\u00e4 L\u00e4nsiradasta"},"content":{"rendered":"<p>Salo ei j\u00e4rjest\u00e4 neuvoa antavaa kansan\u00e4\u00e4nestyst\u00e4 L\u00e4nsiradasta.<\/p>\n<p>Kaupunginvaltuusto p\u00e4\u00e4tti asiasta maanantaina \u00e4\u00e4nin 32-19.<\/p>\n<p>Kaupunginhallitus esitti valtuustolle, ettei neuvoa antavaa kansan\u00e4\u00e4nestyst\u00e4 j\u00e4rjestet\u00e4.<\/p>\n<p><strong>Sari Pesonen<\/strong> (vihr.) esitti kansan\u00e4\u00e4nestyksen j\u00e4rjest\u00e4mist\u00e4. Esitys sai useita kannattajia.<\/p>\n<p>Kuntalaisaloitteen k\u00e4sittely valtuustossa osoittautui vaikeaksi esteellisyyksien takia. <strong>Jerina Wallius<\/strong> (vihr.) ja <strong>Asko M\u00e4\u00e4tt\u00e4nen<\/strong> (kesk.) pyysiv\u00e4t valtuustoa p\u00e4\u00e4tt\u00e4m\u00e4\u00e4n, ovatko he esteellisi\u00e4 p\u00e4\u00e4tt\u00e4m\u00e4\u00e4n asiasta.<\/p>\n<p>Yksimielisyytt\u00e4 ei l\u00f6ytynyt, joten asiasta piti \u00e4\u00e4nest\u00e4\u00e4. Asko M\u00e4\u00e4tt\u00e4nen todettiin j\u00e4\u00e4viksi \u00e4\u00e4nin 32-14 (5 tyhj\u00e4\u00e4). Jerina Wallius todettiin j\u00e4\u00e4viksi \u00e4\u00e4nin 34-13 (4 tyhj\u00e4\u00e4).<\/p>\n<p><strong>Osmo Friberg<\/strong> (ps.), <strong>Annika Viitanen Friberg<\/strong> (kok.), <strong>Janne V\u00e4ist\u00f6<\/strong> (kok.) ja <strong>Timo L\u00e4hteenm\u00e4ki<\/strong> (vas.) ilmoittautuivat oma-aloitteisesti esteellisiksi.<\/p>\n<p>Esteellisyyksien k\u00e4sitteleminen vei yli puoli tuntia aikaa ja vaati yhden neuvottelutauon.<\/p>\n<p>Jerina Walliuksen alulle paneman kuntalaisaloitteen neuvoa antavasta kansan\u00e4\u00e4nestyksest\u00e4 allekirjoitti 2006 salolaista.<\/p>\n<p>Aloitteessa esitettiin, ett\u00e4 Salo irtautuu L\u00e4nsiradasta ja j\u00e4rjest\u00e4 neuvoa antavan kansan\u00e4\u00e4nestyksen.<\/p>\n","protected":false},"excerpt":{"rendered":"Salo ei j\u00e4rjest\u00e4 neuvoa antavaa kansan\u00e4\u00e4nestyst\u00e4 L\u00e4nsiradasta. Kaupunginvaltuusto p\u00e4\u00e4tti asiasta maanantaina \u00e4\u00e4nin 32-19. Kaupunginhallitus esitti valtuustolle, ettei neuvoa&hellip;\n","protected":false},"author":2,"featured_media":117151,"comment_status":"","ping_status":"","sticky":false,"template":"","format":"standard","meta":{"footnotes":""},"categories":[76],"tags":[79,77,33,31,30,32,78],"class_list":{"0":"post-117150","1":"post","2":"type-post","3":"status-publish","4":"format-standard","5":"has-post-thumbnail","7":"category-talous","8":"tag-business","9":"tag-economy","10":"tag-fi","11":"tag-finland","12":"tag-finnish","13":"tag-suomi","14":"tag-talous"},"share_on_mastodon":{"url":"https:\/\/pubeurope.com\/@fi\/115724660461656083","error":""},"_links":{"self":[{"href":"https:\/\/www.europesays.com\/fi\/wp-json\/wp\/v2\/posts\/117150","targetHints":{"allow":["GET"]}}],"collection":[{"href":"https:\/\/www.europesays.com\/fi\/wp-json\/wp\/v2\/posts"}],"about":[{"href":"https:\/\/www.europesays.com\/fi\/wp-json\/wp\/v2\/types\/post"}],"author":[{"embeddable":true,"href":"https:\/\/www.europesays.com\/fi\/wp-json\/wp\/v2\/users\/2"}],"replies":[{"embeddable":true,"href":"https:\/\/www.europesays.com\/fi\/wp-json\/wp\/v2\/comments?post=117150"}],"version-history":[{"count":0,"href":"https:\/\/www.europesays.com\/fi\/wp-json\/wp\/v2\/posts\/117150\/revisions"}],"wp:featuredmedia":[{"embeddable":true,"href":"https:\/\/www.europesays.com\/fi\/wp-json\/wp\/v2\/media\/117151"}],"wp:attachment":[{"href":"https:\/\/www.europesays.com\/fi\/wp-json\/wp\/v2\/media?parent=117150"}],"wp:term":[{"taxonomy":"category","embeddable":true,"href":"https:\/\/www.europesays.com\/fi\/wp-json\/wp\/v2\/categories?post=117150"},{"taxonomy":"post_tag","embeddable":true,"href":"https:\/\/www.europesays.com\/fi\/wp-json\/wp\/v2\/tags?post=117150"}],"curies":[{"name":"wp","href":"https:\/\/api.w.org\/{rel}","templated":true}]}}