{"id":117156,"date":"2025-12-15T17:04:12","date_gmt":"2025-12-15T17:04:12","guid":{"rendered":"https:\/\/www.europesays.com\/fi\/117156\/"},"modified":"2025-12-15T17:04:12","modified_gmt":"2025-12-15T17:04:12","slug":"peltolammin-vanhan-koulun-tilalle-asumista-mahdollistava-asemakaava-hyvaksyttiin-tampereen-kaupunki","status":"publish","type":"post","link":"https:\/\/www.europesays.com\/fi\/117156\/","title":{"rendered":"Peltolammin vanhan koulun tilalle asumista mahdollistava asemakaava hyv\u00e4ksyttiin [Tampereen kaupunki"},"content":{"rendered":"<p>Uudella asemakaavalla tavoitellaan monipuolisia asumismuotoja nykyisen asutuksen lomaan virkistys- ja luontoarvoja kunnioittaen. Alue sijaitsee Peltolammin kaupunginosassa noin 5 kilometri\u00e4 Tampereen keskustasta etel\u00e4\u00e4n osoitteessa S\u00e4\u00e4st\u00e4j\u00e4nkatu 16.<\/p>\n<p>Koulun rakennukset on tarkoitus purkaa ja rakentaa tilalle omakotitaloja ja asuntoja puurakenteisissa pienkerros-, rivi- ja paritaloissa sek\u00e4 omakotitaloissa. Palveluasuminen esimerkiksi ik\u00e4ihmisille on mahdollista. Kaava-alueen keskiosassa on 18 pient\u00e4 kaupunkiomakotitonttia, jotka ovat kooltaan 325\u2013375 neli\u00f6metri\u00e4. Alueen it\u00e4osassa on tontti asuinpientaloille, jotka toteutuvat luontevimmin paritaloina. Uudet asuinkorttelit rakentuvat kaksikerroksisina. Kokonaiskerrosala on 8040 kerrosneli\u00f6metri\u00e4, mik\u00e4 vastaa noin 160\u2013170 asukasta.<br \/>\u00a0<\/p>\n<p>Kulttuuriymp\u00e4rist\u00f6\u00e4 ja viheralueita<br \/>\u00a0<\/p>\n<p>Peltolammi on maakunnallisesti merkitt\u00e4v\u00e4 rakennettu kulttuuriymp\u00e4rist\u00f6 ja -maisema. Asemakaava turvaa maiseman keskeiset elementit. Asemakaavoitettu viherpinta-ala kasvaa ja korttelialueen pinta-ala sek\u00e4 rakennusoikeus pienenev\u00e4t. Rukkam\u00e4entien varren niitty ja kentt\u00e4 s\u00e4ilyv\u00e4t avoimina.\u00a0Mets\u00e4iset rinteet s\u00e4ilyv\u00e4t rakentamattomina. Kaava-alueen pohjoisosassa oleva ns. Rukkam\u00e4en jalopuumetsikk\u00f6 on merkitty asemakaavaan luonnonsuojelualueeksi.<\/p>\n<p>Kaavaprosessin aikana viranomaisten lausuntojen pohjalta kaavaehdotuksen selostukseen t\u00e4ydennettiin rakennettuun kulttuuriymp\u00e4rist\u00f6\u00f6n ja kaupunkikuvaan kohdistuvia vaikutuksia, l\u00e4ht\u00f6tietoja, historiaa sek\u00e4 maakuntakaavan ja yleiskaavan tavoitteita. Kaavaan lis\u00e4ttiin yleism\u00e4\u00e4r\u00e4ys parvekkeiden lasituksesta melun ohjearvojen ylittyess\u00e4.\u00a0<\/p>\n<p>Kaupungin vihersuunnittelun lausunnon pohjalta asuinkortteleiden etel\u00e4puolen puistomainen l\u00e4hivirkistysalueen osa muutettiin puistoalueeksi ja sille annettiin nimi Kotovainio. Asemakaavaan tehtiin my\u00f6s muita pieni\u00e4 teknisi\u00e4 tarkistuksia.<\/p>\n<p>\u00a0<\/p>\n","protected":false},"excerpt":{"rendered":"Uudella asemakaavalla tavoitellaan monipuolisia asumismuotoja nykyisen asutuksen lomaan virkistys- ja luontoarvoja kunnioittaen. Alue sijaitsee Peltolammin kaupunginosassa noin 5&hellip;\n","protected":false},"author":2,"featured_media":117157,"comment_status":"","ping_status":"","sticky":false,"template":"","format":"standard","meta":{"footnotes":""},"categories":[5],"tags":[22,23,26,27,33,31,30,17,24,25,28,29,15,18,21,32,19,20,16],"class_list":{"0":"post-117156","1":"post","2":"type-post","3":"status-publish","4":"format-standard","5":"has-post-thumbnail","7":"category-otsikot","8":"tag-breaking-news","9":"tag-breakingnews","10":"tag-featured-news","11":"tag-featurednews","12":"tag-fi","13":"tag-finland","14":"tag-finnish","15":"tag-headlines","16":"tag-latest-news","17":"tag-latestnews","18":"tag-main-news","19":"tag-mainnews","20":"tag-news","21":"tag-otsikot","22":"tag-paauutiset","23":"tag-suomi","24":"tag-top-stories","25":"tag-topstories","26":"tag-uutiset"},"share_on_mastodon":{"url":"https:\/\/pubeurope.com\/@fi\/115724672235198988","error":""},"_links":{"self":[{"href":"https:\/\/www.europesays.com\/fi\/wp-json\/wp\/v2\/posts\/117156","targetHints":{"allow":["GET"]}}],"collection":[{"href":"https:\/\/www.europesays.com\/fi\/wp-json\/wp\/v2\/posts"}],"about":[{"href":"https:\/\/www.europesays.com\/fi\/wp-json\/wp\/v2\/types\/post"}],"author":[{"embeddable":true,"href":"https:\/\/www.europesays.com\/fi\/wp-json\/wp\/v2\/users\/2"}],"replies":[{"embeddable":true,"href":"https:\/\/www.europesays.com\/fi\/wp-json\/wp\/v2\/comments?post=117156"}],"version-history":[{"count":0,"href":"https:\/\/www.europesays.com\/fi\/wp-json\/wp\/v2\/posts\/117156\/revisions"}],"wp:featuredmedia":[{"embeddable":true,"href":"https:\/\/www.europesays.com\/fi\/wp-json\/wp\/v2\/media\/117157"}],"wp:attachment":[{"href":"https:\/\/www.europesays.com\/fi\/wp-json\/wp\/v2\/media?parent=117156"}],"wp:term":[{"taxonomy":"category","embeddable":true,"href":"https:\/\/www.europesays.com\/fi\/wp-json\/wp\/v2\/categories?post=117156"},{"taxonomy":"post_tag","embeddable":true,"href":"https:\/\/www.europesays.com\/fi\/wp-json\/wp\/v2\/tags?post=117156"}],"curies":[{"name":"wp","href":"https:\/\/api.w.org\/{rel}","templated":true}]}}