{"id":117158,"date":"2025-12-15T17:16:10","date_gmt":"2025-12-15T17:16:10","guid":{"rendered":"https:\/\/www.europesays.com\/fi\/117158\/"},"modified":"2025-12-15T17:16:10","modified_gmt":"2025-12-15T17:16:10","slug":"brittitahti-paljasti-veljeni-on-lapseni-isa","status":"publish","type":"post","link":"https:\/\/www.europesays.com\/fi\/117158\/","title":{"rendered":"Brittit\u00e4hti paljasti: Veljeni on lapseni is\u00e4"},"content":{"rendered":"<p>Mary Portas kertoo veljens\u00e4 tehneen h\u00e4nelle palveluksen. <\/p>\n<p><img decoding=\"async\" class=\"image image-show image-preview\" src=\"https:\/\/www.europesays.com\/fi\/wp-content\/uploads\/2025\/12\/8c887aaa4e4a449a11882adb320d13ca07dd81a125316e5003bcac3e634b09f5.jpg\" alt=\"\"\/><img decoding=\"async\" class=\"image image-show\" src=\"https:\/\/www.europesays.com\/fi\/wp-content\/uploads\/2025\/12\/1765818970_854_8c887aaa4e4a449a11882adb320d13ca07dd81a125316e5003bcac3e634b09f5.jpg\" alt=\"\"\/><\/p>\n<p>Mary Portas on tunnettu liikenainen Britanniassa.  AOP<\/p>\n<p class=\"paragraph\">65-vuotias <strong>Mary Portas<\/strong> on useista televisio-ohjelmista tuttu liikenainen. H\u00e4n on erikoistunut v\u00e4hitt\u00e4iskauppaan.<\/p>\n<p class=\"paragraph\">Portas h\u00e4tk\u00e4hdytti Britanniassa kertomalla Great Company -podcastissa, ett\u00e4 h\u00e4nen oma veljens\u00e4 on Portasin lapsen biologinen is\u00e4.<\/p>\n<p class=\"paragraph\">Portas kertoi veljens\u00e4 Lawrencen toimineen siitti\u00f6iden luovuttajana. Vauvaa kantoi h\u00e4nen silloinen vaimonsa <strong>Melanie Rickey<\/strong>.<\/p>\n<p class=\"paragraph\">\u2013 Halusin varmistaa, ett\u00e4 lapsi olisi jollain tavalla sukua ja h\u00e4nell\u00e4 olisi biologinen yhteys muihin lapsiini, Portas sanoi.<\/p>\n<p class=\"paragraph\">Portas sanoi my\u00f6s, ettei h\u00e4nen veljens\u00e4 halunnut \u201derityisesti\u201d saada omia lapsia.<\/p>\n<p class=\"paragraph\">Portas t\u00e4smensi, ett\u00e4 h\u00e4nen lapsensa Horatio sai alkunsa spermanluovutuksella.<\/p>\n<p class=\"paragraph\">\u2013 Lawrence sanoi spermanluovutuspaikassa, ett\u00e4 \u201dhomma selv\u00e4, siskoseni\u201d.<\/p>\n<p class=\"paragraph\">\u2013 Se oli h\u00e4nen lahjansa minulle, ja se oli suurin lahja.<\/p>\n<p class=\"paragraph\">Portas sanoo 13-vuotiaan Horation ja Lawrencen olevan paljon tekemisiss\u00e4 kesken\u00e4\u00e4n.<\/p>\n<p class=\"paragraph\">\u2013 He puhuvat usein jalkapallosta, miten tyls\u00e4\u00e4!<\/p>\n<p class=\"paragraph\">65-vuotias Portas tunnetaan erityisesti ohjelmasta Mary, Queen of Shops.<\/p>\n<p class=\"paragraph\">Portasin paljastus on her\u00e4tt\u00e4nyt runsaasti kommentointia.<\/p>\n<p class=\"paragraph\">\u2013 En ymm\u00e4rr\u00e4, oli monien kommentti.<\/p>\n<p class=\"paragraph\">\u2013 Mielest\u00e4ni on kaunista, ett\u00e4 h\u00e4nell\u00e4 ja veljell\u00e4\u00e4n on tuollainen suhde, toinen yleinen kommentti kuuluu.<\/p>\n<p class=\"paragraph\">L\u00e4hde: <a href=\"https:\/\/www.independent.co.uk\/tv\/lifestyle\/mary-portas-brother-son-biological-father-b2883937.html\" rel=\"noopener nofollow\" target=\"_blank\">Independent<\/a>, <a href=\"https:\/\/www.expressen.se\/noje\/tv-profilen-min-bror--ar-pappa-till-mitt-barn\/\" rel=\"noopener nofollow\" target=\"_blank\">Expressen<\/a><\/p>\n","protected":false},"excerpt":{"rendered":"Mary Portas kertoo veljens\u00e4 tehneen h\u00e4nelle palveluksen. Mary Portas on tunnettu liikenainen Britanniassa. AOP 65-vuotias Mary Portas on&hellip;\n","protected":false},"author":2,"featured_media":117159,"comment_status":"","ping_status":"","sticky":false,"template":"","format":"standard","meta":{"footnotes":""},"categories":[136],"tags":[35,407,137,33,31,30,101,408,99,100,98,32,102,109],"class_list":{"0":"post-117158","1":"post","2":"type-post","3":"status-publish","4":"format-standard","5":"has-post-thumbnail","7":"category-julkkikset","8":"tag-24h","9":"tag-celebrities","10":"tag-entertainment","11":"tag-fi","12":"tag-finland","13":"tag-finnish","14":"tag-ihmissuhteet","15":"tag-julkkikset","16":"tag-lapset","17":"tag-lapset-ja-nuoret","18":"tag-perhe","19":"tag-suomi","20":"tag-vanhemmat","21":"tag-viihde"},"share_on_mastodon":{"url":"https:\/\/pubeurope.com\/@fi\/115724719626074181","error":""},"_links":{"self":[{"href":"https:\/\/www.europesays.com\/fi\/wp-json\/wp\/v2\/posts\/117158","targetHints":{"allow":["GET"]}}],"collection":[{"href":"https:\/\/www.europesays.com\/fi\/wp-json\/wp\/v2\/posts"}],"about":[{"href":"https:\/\/www.europesays.com\/fi\/wp-json\/wp\/v2\/types\/post"}],"author":[{"embeddable":true,"href":"https:\/\/www.europesays.com\/fi\/wp-json\/wp\/v2\/users\/2"}],"replies":[{"embeddable":true,"href":"https:\/\/www.europesays.com\/fi\/wp-json\/wp\/v2\/comments?post=117158"}],"version-history":[{"count":0,"href":"https:\/\/www.europesays.com\/fi\/wp-json\/wp\/v2\/posts\/117158\/revisions"}],"wp:featuredmedia":[{"embeddable":true,"href":"https:\/\/www.europesays.com\/fi\/wp-json\/wp\/v2\/media\/117159"}],"wp:attachment":[{"href":"https:\/\/www.europesays.com\/fi\/wp-json\/wp\/v2\/media?parent=117158"}],"wp:term":[{"taxonomy":"category","embeddable":true,"href":"https:\/\/www.europesays.com\/fi\/wp-json\/wp\/v2\/categories?post=117158"},{"taxonomy":"post_tag","embeddable":true,"href":"https:\/\/www.europesays.com\/fi\/wp-json\/wp\/v2\/tags?post=117158"}],"curies":[{"name":"wp","href":"https:\/\/api.w.org\/{rel}","templated":true}]}}