{"id":117179,"date":"2025-12-15T17:54:09","date_gmt":"2025-12-15T17:54:09","guid":{"rendered":"https:\/\/www.europesays.com\/fi\/117179\/"},"modified":"2025-12-15T17:54:09","modified_gmt":"2025-12-15T17:54:09","slug":"britannian-tiedustelupalvelun-uusi-johtaja-venajan-uhka-jatkuu-uutissuomalainen","status":"publish","type":"post","link":"https:\/\/www.europesays.com\/fi\/117179\/","title":{"rendered":"Britannian tiedustelupalvelun uusi johtaja: Ven\u00e4j\u00e4n uhka jatkuu | Uutissuomalainen"},"content":{"rendered":"<p>Britannian ulkomaan tiedustelupalvelu MI6:n uusi johtaja Blaise Metreweli aikoo t\u00e4m\u00e4np\u00e4iv\u00e4isess\u00e4 puheessaan varoittaa laajentumista tavoittelevan Ven\u00e4j\u00e4n jatkuvasta uhkasta. Asiasta kertoo Britannian ulkoministeri\u00f6.<\/p>\n<p>Metreweli nimitettiin MI6:n johtoon kes\u00e4kuussa. H\u00e4n on ensimm\u00e4inen virkaan nimitetty nainen. Metrewelin on m\u00e4\u00e4r\u00e4 pit\u00e4\u00e4 ensimm\u00e4inen julkinen puheensa tiedustelupalvelun p\u00e4\u00e4majalla my\u00f6hemmin t\u00e4n\u00e4\u00e4n.<\/p>\n<p>Ministeri\u00f6n julkaisemien otteiden mukaan Metrewelin puhe k\u00e4sittelee Ven\u00e4j\u00e4n aiheuttamaa kaaosta ja sit\u00e4, kuinka sen jatkumiseen on varauduttava kunnes maan presidentti Vladimir Putin pakotetaan muuttamaan toimintaansa.<\/p>\n<p>Metrewelin on m\u00e4\u00e4r\u00e4 puhua my\u00f6s globaalien uhkien yh\u00e4 monimutkaisemmasta luonteesta kyberh\u00e4iri\u00f6iden, hybridisodank\u00e4ynnin, terrorismin ja tiedon manipuloinnin my\u00f6t\u00e4.<\/p>\n<p>MI6:n johtaja on tiedustelupalvelun ainoa julkisesti nimetty j\u00e4sen. Johtaja raportoi suoraan Britannian ulkoministerille.<\/p>\n","protected":false},"excerpt":{"rendered":"Britannian ulkomaan tiedustelupalvelu MI6:n uusi johtaja Blaise Metreweli aikoo t\u00e4m\u00e4np\u00e4iv\u00e4isess\u00e4 puheessaan varoittaa laajentumista tavoittelevan Ven\u00e4j\u00e4n jatkuvasta uhkasta. Asiasta&hellip;\n","protected":false},"author":2,"featured_media":117180,"comment_status":"","ping_status":"","sticky":false,"template":"","format":"standard","meta":{"footnotes":""},"categories":[14],"tags":[22,23,26,27,33,31,30,17,24,25,28,29,15,18,21,142,637,144,32,19,20,546,56,4385,16,4645,2257,59,60,61],"class_list":{"0":"post-117179","1":"post","2":"type-post","3":"status-publish","4":"format-standard","5":"has-post-thumbnail","7":"category-ulkomaat","8":"tag-breaking-news","9":"tag-breakingnews","10":"tag-featured-news","11":"tag-featurednews","12":"tag-fi","13":"tag-finland","14":"tag-finnish","15":"tag-headlines","16":"tag-latest-news","17":"tag-latestnews","18":"tag-main-news","19":"tag-mainnews","20":"tag-news","21":"tag-otsikot","22":"tag-paauutiset","23":"tag-poliitikot","24":"tag-politiikka","25":"tag-presidentti","26":"tag-suomi","27":"tag-top-stories","28":"tag-topstories","29":"tag-turvallisuus","30":"tag-ulkomaat","31":"tag-ulkopolitiikka-ja-kansainvalinen-politiikka","32":"tag-uutiset","33":"tag-viranomaiset","34":"tag-vladimir-putin","35":"tag-world","36":"tag-world-news","37":"tag-worldnews"},"share_on_mastodon":{"url":"https:\/\/pubeurope.com\/@fi\/115724868913400767","error":""},"_links":{"self":[{"href":"https:\/\/www.europesays.com\/fi\/wp-json\/wp\/v2\/posts\/117179","targetHints":{"allow":["GET"]}}],"collection":[{"href":"https:\/\/www.europesays.com\/fi\/wp-json\/wp\/v2\/posts"}],"about":[{"href":"https:\/\/www.europesays.com\/fi\/wp-json\/wp\/v2\/types\/post"}],"author":[{"embeddable":true,"href":"https:\/\/www.europesays.com\/fi\/wp-json\/wp\/v2\/users\/2"}],"replies":[{"embeddable":true,"href":"https:\/\/www.europesays.com\/fi\/wp-json\/wp\/v2\/comments?post=117179"}],"version-history":[{"count":0,"href":"https:\/\/www.europesays.com\/fi\/wp-json\/wp\/v2\/posts\/117179\/revisions"}],"wp:featuredmedia":[{"embeddable":true,"href":"https:\/\/www.europesays.com\/fi\/wp-json\/wp\/v2\/media\/117180"}],"wp:attachment":[{"href":"https:\/\/www.europesays.com\/fi\/wp-json\/wp\/v2\/media?parent=117179"}],"wp:term":[{"taxonomy":"category","embeddable":true,"href":"https:\/\/www.europesays.com\/fi\/wp-json\/wp\/v2\/categories?post=117179"},{"taxonomy":"post_tag","embeddable":true,"href":"https:\/\/www.europesays.com\/fi\/wp-json\/wp\/v2\/tags?post=117179"}],"curies":[{"name":"wp","href":"https:\/\/api.w.org\/{rel}","templated":true}]}}