{"id":117185,"date":"2025-12-15T18:09:11","date_gmt":"2025-12-15T18:09:11","guid":{"rendered":"https:\/\/www.europesays.com\/fi\/117185\/"},"modified":"2025-12-15T18:09:11","modified_gmt":"2025-12-15T18:09:11","slug":"kemissa-toimiva-monitaiteellinen-yhdistys-sai-koneen-saatiolta-110-000-euroa-mahtava-uutinen-iloitsee-puheenjohtaja-lappi","status":"publish","type":"post","link":"https:\/\/www.europesays.com\/fi\/117185\/","title":{"rendered":"Kemiss\u00e4 toimiva monitaiteellinen yhdistys sai Koneen S\u00e4\u00e4ti\u00f6lt\u00e4 110\u00a0000 euroa \u2013 \u201dMahtava uutinen\u201d, iloitsee puheenjohtaja | Lappi"},"content":{"rendered":"<p class=\"aw-1gybjub aw-5vja16 kEtdKx kmuxyA yle__article__paragraph\">Eri alojen taiteilijoiden yhdess\u00e4 perustaman Me\u00e4n Periferia -yhdistyksen toiminta jatkuu ainakin seuraavat kaksi vuotta apurahan turvin. <\/p>\n<p><img decoding=\"async\" alt=\"Etualalla kuvassa pitk\u00e4hiuksinen, vihre\u00e4piatainen nuori nainen, jonka taustalla vaaleamman vihre\u00e4\u00e4n paitaan pukeutunut nainen.\" src=\"https:\/\/www.europesays.com\/fi\/wp-content\/uploads\/2025\/12\/39-156449369318e68c6d2f.jpeg\" class=\"aw-1l9m598 hKVVvP\"\/><\/p>\n<p>Avaa kuvien katselu<\/p>\n<p>Puheenjohtaja Iines Jakovlev yhdistyksen toimitilassa Nahkurinkadun ja Meripuistokadun kulmauksessa. Taustalla toiminnassa aktiivisesti mukana oleva Ingeborg Eunmann. Kuva: Kati Siponmaa \/ Yle<\/p>\n<p class=\"aw-1gybjub aw-1p7kakr kEtdKx cEmitX yle__article__paragraph\">Biomuotoilija <strong class=\"aw-ak79eh KyCXm yle__article__strong\">Iines Jakovlevin<\/strong>, taidegraafikko <strong class=\"aw-ak79eh KyCXm yle__article__strong\">Marjo Pitkon<\/strong> ja valokuvaaja <strong class=\"aw-ak79eh KyCXm yle__article__strong\">Esa Ylij\u00e4\u00e4sk\u00f6n<\/strong> perustama Me\u00e4n Periferia -yhdistys sai Koneen S\u00e4\u00e4ti\u00f6lt\u00e4 melkoisen joululahjan.<\/p>\n<p class=\"aw-1gybjub aw-1p7kakr kEtdKx cEmitX yle__article__paragraph\">\u2013 Aivan mahtavia uutisia, hihkuu puheenjohtaja Iines Jakovlev.<\/p>\n<p class=\"aw-1gybjub aw-1p7kakr kEtdKx cEmitX yle__article__paragraph\">Yhdistys sai Koneen S\u00e4\u00e4ti\u00f6lt\u00e4 110\u00a0000 euron apurahan kahdelle vuodelle toiminnan kehitt\u00e4miseen ja jatkamiseen.<\/p>\n<p class=\"aw-1gybjub aw-1p7kakr kEtdKx cEmitX yle__article__paragraph\">Turvattu tulevaisuus kahdeksi vuodeksi eteenp\u00e4in ei ole kulttuurihankkeelle ihan pikkujuttu, varsinkin kun se sijaitsee pohjoisessa Suomessa.<\/p>\n<p class=\"aw-1gybjub aw-1p7kakr kEtdKx cEmitX yle__article__paragraph\">\u2013 P\u00e4\u00e4asiassahan avustukset menev\u00e4t Etel\u00e4-Suomeen. Olemme hakemuksessa ja meid\u00e4n toiminnassakin painottaneet, ett\u00e4 t\u00e4m\u00e4 sijainti on voimavara. Joten on todella merkityksellist\u00e4, ett\u00e4 S\u00e4\u00e4ti\u00f6 on sen n\u00e4hnyt ja uskoo meihin.<\/p>\n<p>Taiteen talo taipuu moneen<\/p>\n<p class=\"aw-1gybjub aw-1p7kakr kEtdKx cEmitX yle__article__paragraph\">Me\u00e4n Periferia sai toimintansa k\u00e4yntiin Taiteen edist\u00e4miskeskuksen avustuksella. Pilottihankkeen rahoitus ulottuu ensi kev\u00e4\u00e4seen. Alkuvuodesta perustettu yhdistys avasi marraskuussa Kemin keskustaan n\u00e4yttely- ja ty\u00f6skentelytilat.<\/p>\n<p class=\"aw-1gybjub aw-1p7kakr kEtdKx cEmitX yle__article__paragraph\">Iines Jakovlev kertoo, ett\u00e4 S\u00e4\u00e4ti\u00f6n tuella he pystyv\u00e4t nyt vakiinnuttamaan toimintaansa ja kehitt\u00e4m\u00e4\u00e4n my\u00f6s tilojaan.<\/p>\n<p class=\"aw-1gybjub aw-1p7kakr kEtdKx cEmitX yle__article__paragraph\">\u2013 Meill\u00e4 on tulossa alakertaan ty\u00f6skentelytiloja taiteilijoille ja muille kulttuurialan toimijoille.<\/p>\n<p class=\"aw-1gybjub aw-1p7kakr kEtdKx cEmitX yle__article__paragraph\">Jakovlev miettii, ett\u00e4 alunperin huonekaluliikkeeksi rakennettu iso talo mahdollistaisi my\u00f6s taiteilijaresidenssitoiminnan tai kulttuurikahvilan perustamisen.<\/p>\n<p><img decoding=\"async\" alt=\"Keltainen kivitalo seisoo katujen kulmauksessa. Suurista n\u00e4yteikkunoista kajastaa l\u00e4mmin valo lumipyryn sakeuttamalle kadulle.\" src=\"https:\/\/www.europesays.com\/fi\/wp-content\/uploads\/2025\/12\/39-15645576931a026b2e09.jpeg\" loading=\"lazy\" class=\"aw-1l9m598 hKVVvP\"\/><\/p>\n<p>Avaa kuvien katselu<\/p>\n<p>Me\u00e4n Periferia &#8211; yhdistyksen tilat ovat vanhassa huonekaluliikkeess\u00e4 Kemiss\u00e4. Kuva: Kati Siponmaa \/ Yle<\/p>\n<p class=\"aw-1gybjub aw-1p7kakr kEtdKx cEmitX yle__article__paragraph\">Me\u00e4n Periferian perustajakolmikkoon liittyiv\u00e4t aivan yhdistyksen alkuvaiheessa kuvataiteilijat <strong class=\"aw-ak79eh KyCXm yle__article__strong\">Auli Kaarina J\u00e4rvel\u00e4<\/strong> ja <strong class=\"aw-ak79eh KyCXm yle__article__strong\">Ingeborg Eunmann.<\/strong> Yhdistys on sittemmin jatkanut kasvuaan ja kasvu onkin yksi pitk\u00e4n linjan tavoitteista.<\/p>\n<p class=\"aw-1gybjub aw-1p7kakr kEtdKx cEmitX yle__article__paragraph\">\u2013 Haluamme mukaan paikallisia taiteilijoita ja muita kulttuurin toimijoita, esimerkiksi esitt\u00e4vi\u00e4 taiteilijoita, keramiikkoja tai vaikka muotisuunnittelijoita. Saataisiin monitaiteellisuus oikein kukoistamaan t\u00e4\u00e4ll\u00e4 Meri-Lapissa, Jakovlev suunnittelee.<\/p>\n<p class=\"aw-1gybjub aw-1p7kakr kEtdKx cEmitX yle__article__paragraph\">Koneen S\u00e4\u00e4ti\u00f6 on itsen\u00e4inen ja riippumaton organisaatio, joka tukee tiedett\u00e4 ja taidetta. T\u00e4n\u00e4 vuonna se my\u00f6nsi apurahoja, palkintoja ja lahjoituksia yhteens\u00e4 yli 66 miljoonalla eurolla.<\/p>\n","protected":false},"excerpt":{"rendered":"Eri alojen taiteilijoiden yhdess\u00e4 perustaman Me\u00e4n Periferia -yhdistyksen toiminta jatkuu ainakin seuraavat kaksi vuotta apurahan turvin. Avaa kuvien&hellip;\n","protected":false},"author":2,"featured_media":117186,"comment_status":"","ping_status":"","sticky":false,"template":"","format":"standard","meta":{"footnotes":""},"categories":[135],"tags":[389,387,388,390,137,33,31,30,21353,1013,667,1397,17766,32,394,397,393,391,392,109],"class_list":{"0":"post-117185","1":"post","2":"type-post","3":"status-publish","4":"format-standard","5":"has-post-thumbnail","7":"category-taiteet-ja-suunnittelu","8":"tag-arts","9":"tag-arts-and-design","10":"tag-artsanddesign","11":"tag-design","12":"tag-entertainment","13":"tag-fi","14":"tag-finland","15":"tag-finnish","16":"tag-kulttuurit-kulttuurimuodot","17":"tag-kuvataide","18":"tag-lappi","19":"tag-meri-lappi","20":"tag-saatiot-ja-apurahat","21":"tag-suomi","22":"tag-suunnittelu","23":"tag-taide","24":"tag-taiteet","25":"tag-taiteet-ja-suunnittelu","26":"tag-taiteetsuunnittelu","27":"tag-viihde"},"share_on_mastodon":{"url":"https:\/\/pubeurope.com\/@fi\/115724928053985119","error":""},"_links":{"self":[{"href":"https:\/\/www.europesays.com\/fi\/wp-json\/wp\/v2\/posts\/117185","targetHints":{"allow":["GET"]}}],"collection":[{"href":"https:\/\/www.europesays.com\/fi\/wp-json\/wp\/v2\/posts"}],"about":[{"href":"https:\/\/www.europesays.com\/fi\/wp-json\/wp\/v2\/types\/post"}],"author":[{"embeddable":true,"href":"https:\/\/www.europesays.com\/fi\/wp-json\/wp\/v2\/users\/2"}],"replies":[{"embeddable":true,"href":"https:\/\/www.europesays.com\/fi\/wp-json\/wp\/v2\/comments?post=117185"}],"version-history":[{"count":0,"href":"https:\/\/www.europesays.com\/fi\/wp-json\/wp\/v2\/posts\/117185\/revisions"}],"wp:featuredmedia":[{"embeddable":true,"href":"https:\/\/www.europesays.com\/fi\/wp-json\/wp\/v2\/media\/117186"}],"wp:attachment":[{"href":"https:\/\/www.europesays.com\/fi\/wp-json\/wp\/v2\/media?parent=117185"}],"wp:term":[{"taxonomy":"category","embeddable":true,"href":"https:\/\/www.europesays.com\/fi\/wp-json\/wp\/v2\/categories?post=117185"},{"taxonomy":"post_tag","embeddable":true,"href":"https:\/\/www.europesays.com\/fi\/wp-json\/wp\/v2\/tags?post=117185"}],"curies":[{"name":"wp","href":"https:\/\/api.w.org\/{rel}","templated":true}]}}