{"id":117193,"date":"2025-12-15T18:19:08","date_gmt":"2025-12-15T18:19:08","guid":{"rendered":"https:\/\/www.europesays.com\/fi\/117193\/"},"modified":"2025-12-15T18:19:08","modified_gmt":"2025-12-15T18:19:08","slug":"kaupunginhallitus-kuusitoista-nuorta-nuorisovaltuustoon-kaupunginjohtajalle-autoetu","status":"publish","type":"post","link":"https:\/\/www.europesays.com\/fi\/117193\/","title":{"rendered":"Kaupunginhallitus: kuusitoista nuorta nuorisovaltuustoon, kaupunginjohtajalle autoetu"},"content":{"rendered":"<p>Riihim\u00e4en kaupunginhallitus p\u00e4\u00e4tti maanantaina 15. joulukuuta muun muassa kaupunginjohtajan autoedusta, osallistumisesta Sitran rahoittamaan DEFINEn laajentamishankkeeseen ja nuorisovaltuuston kokoonpanosta.<\/p>\n<p>Kaupunginhallituksen p\u00e4\u00e4t\u00f6ksen mukaan nuorisovaltuustossa on toimikaudella 2026\u20132027 kuusitoista nuorta. Valtuustoon valittiin Mikael Aalto, Oona Jormalainen, Roosa Koivukangas, Miia Laakso, Sifa Mashimango, Kamila Pachuta, Leevi Palmunen, Pyry Parikka, Oona Perkki\u00f6, Jonne Purhonen, Juho Rintakoski, Miikke Salmela, Riina Tervatuli, Leo T\u00f6lm\u00e4l\u00e4, Elsi Vehvil\u00e4inen ja Terhi Vuorinen.<\/p>\n<p>Valtuustoon olisi voitu valita enimmill\u00e4\u00e4n 20 nuorta. Ehdokkaita oli kuitenkin vain 16, joten vaaleja ei tarvittu. Nuorisovaltuuston teht\u00e4v\u00e4n\u00e4 on edist\u00e4\u00e4 muun muassa nuorten osallistumis-, vaikuttamis- ja toimintamahdollisuuksia sek\u00e4 antaa lausuntoja ja tehd\u00e4 aloitteita nuoria koskevissa asioissa.<\/p>\n<p>Hallinto-oikeuden p\u00e4\u00e4t\u00f6kseen ei haeta muutosta<\/p>\n<p>Kaupunginhallitus ei hae muutosta H\u00e4meenlinnan hallinto-oikeuden palveluverkkoa p\u00e4\u00e4t\u00f6kseen. Hallitus merkitsi p\u00e4\u00e4t\u00f6ksen tiedoksi ja l\u00e4hett\u00e4\u00e4 sen tiedoksi my\u00f6s kaupunginvaltuustolle.<\/p>\n<p>H\u00e4meenlinnan hallinto-oikeus kumosi p\u00e4\u00e4t\u00f6ksell\u00e4\u00e4n Riihim\u00e4en kaupunginvaltuuston palveluverkkoa koskevan p\u00e4\u00e4t\u00f6ksen Peltosaaren koulun toiminnan p\u00e4\u00e4ttymiseen liittyvien ratkaisujen osalta. Hallinto-oikeus toteaa p\u00e4\u00e4t\u00f6ksess\u00e4\u00e4n, ett\u00e4 valtuuston p\u00e4\u00e4t\u00f6s olla osoittamatta en\u00e4\u00e4 tiloja Peltosaaren koululle on tosiasiassa merkinnyt Peltosaaren koulun lakkauttamista.<\/p>\n<p>Sitran hankkeeseen 650\u00a0000 euron omarahoitus<\/p>\n<p>Kaupunginhallituksen p\u00e4\u00e4t\u00f6ksen mukaan kaupunki osallistuu Sitran rahoittamaan DEFINEn laajentamishankkeeseen 650\u00a0000 euron omarahoitusosuudella. Hankkeen tavoitteena on rakentaa Riihim\u00e4elt\u00e4 ja Kanta-H\u00e4meest\u00e4 alkunsa saaneesta DEFINEst\u00e4 kansallinen, monitoimijainen puolustus- ja turvallisuusalan innovaatioekosysteemi, joka yhdist\u00e4\u00e4 kaupungit, yritykset, korkeakoulut ja viranomaiset.<\/p>\n<p>Omarahoitusosuus katetaan kokonaisuudessaan teknologia ja innovaatiot -vastuualueen budjetista talousarvion raameissa. Kaupunginhallitus p\u00e4\u00e4tti jo syyskuussa 2025 rahoituksen my\u00f6nt\u00e4misest\u00e4 hankkeelle. Tuolloin omarahoitusosuus oli ajateltu katettavan sek\u00e4 palkoista ett\u00e4 yritysten tukirahastosta. T\u00e4m\u00e4 malli ei kelvannut kuitenkaan Sitralle.<\/p>\n<p>Kaupunginjohtajalle autoetu<\/p>\n<p>Kaupunginhallitus p\u00e4\u00e4tti ottaa k\u00e4ytt\u00f6\u00f6n autoedun osana kaupunginjohtaja Jouni Ehon johtajasopimuksen mukaista palkkausta. Kaupunginjohtajalle hankitaan s\u00e4hk\u00f6auto leasing-sopimuksella (vuokrasopimuksella).<\/p>\n<p>Ajoneuvon ohjeellinen verotusarvo eli niin sanottu vapaa autoetu on noin 920 euroa kuukaudessa. Alustavan arvion mukaan autoetu on kaupungille ty\u00f6nantajana v\u00e4hint\u00e4\u00e4n kustannusneutraali. Ajoneuvon verotusarvon sis\u00e4ltyminen nykyiseen palkkaan sek\u00e4 poistuvat matkakustannukset tekev\u00e4t autoedusta kustannusneutraalin. Autoedun k\u00e4ytt\u00f6\u00f6notto ei korota kaupunginjohtajan palkkaa.<\/p>\n<p>T\u00e4m\u00e4 kokous oli kaupunginhallituksen vuoden 2025 viimeinen kokous.<\/p>\n<p>Lis\u00e4tiedot<\/p>\n<p><a href=\"https:\/\/kunta2.riihimaki.fi\/ktwebscr\/epj_asil_tweb.htm?bid=8841\" rel=\"nofollow noopener\" target=\"_blank\">Kaupunginhallituksen kokouksen 15. joulukuuta 2025 esityslista (kunta2.riihimaki.fi)<\/a><\/p>\n<p><a href=\"https:\/\/www.riihimaki.fi\/tiedotteet\/hameenlinnan-hallinto-oikeudelta-paatos-kunnallisvalitukseen-palveluverkkopaatoksesta\/\" rel=\"nofollow noopener\" target=\"_blank\">Lue aiempi uutisemme (3.12.2025): H\u00e4meenlinnan hallinto-oikeudelta p\u00e4\u00e4t\u00f6s kunnallisvalitukseen palveluverkkop\u00e4\u00e4t\u00f6ksest\u00e4<\/a><\/p>\n<p><a href=\"https:\/\/www.riihimaki.fi\/tiedotteet\/definen-toiminta-laajenee-valtakunnalliseksi-kaupunginhallitukselta-vihreaa-valoa-sitran-rahoittamalle-hankkeelle\/\" rel=\"nofollow noopener\" target=\"_blank\">Lue aiempi uutisemme (29.9.2025): DEFINEn toiminta laajenee valtakunnalliseksi \u2013 kaupunginhallitukselta vihre\u00e4\u00e4 valoa Sitran rahoittamalle hankkeelle<\/a><\/p>\n<p><a href=\"https:\/\/www.riihimaki.fi\/tiedotteet\/kaupunginhallitus-kasittelee-29-5-toimitilaohjelmaa-kaupunginmuseon-siirtoa-ja-asunto-osakkeen-ostoa\/\" rel=\"nofollow noopener\" target=\"_blank\">Lue aiempi uutisemme (25.5.2023): Kaupunginhallitus k\u00e4sittelee 29.5. toimitilaohjelmaa, kaupunginmuseon siirtoa ja asunto-osakkeen ostoa<\/a><\/p>\n","protected":false},"excerpt":{"rendered":"Riihim\u00e4en kaupunginhallitus p\u00e4\u00e4tti maanantaina 15. joulukuuta muun muassa kaupunginjohtajan autoedusta, osallistumisesta Sitran rahoittamaan DEFINEn laajentamishankkeeseen ja nuorisovaltuuston kokoonpanosta.&hellip;\n","protected":false},"author":2,"featured_media":113932,"comment_status":"","ping_status":"","sticky":false,"template":"","format":"standard","meta":{"footnotes":""},"categories":[76],"tags":[79,77,33,31,30,32,78],"class_list":{"0":"post-117193","1":"post","2":"type-post","3":"status-publish","4":"format-standard","5":"has-post-thumbnail","7":"category-talous","8":"tag-business","9":"tag-economy","10":"tag-fi","11":"tag-finland","12":"tag-finnish","13":"tag-suomi","14":"tag-talous"},"share_on_mastodon":{"url":"https:\/\/pubeurope.com\/@fi\/115724967342084916","error":""},"_links":{"self":[{"href":"https:\/\/www.europesays.com\/fi\/wp-json\/wp\/v2\/posts\/117193","targetHints":{"allow":["GET"]}}],"collection":[{"href":"https:\/\/www.europesays.com\/fi\/wp-json\/wp\/v2\/posts"}],"about":[{"href":"https:\/\/www.europesays.com\/fi\/wp-json\/wp\/v2\/types\/post"}],"author":[{"embeddable":true,"href":"https:\/\/www.europesays.com\/fi\/wp-json\/wp\/v2\/users\/2"}],"replies":[{"embeddable":true,"href":"https:\/\/www.europesays.com\/fi\/wp-json\/wp\/v2\/comments?post=117193"}],"version-history":[{"count":0,"href":"https:\/\/www.europesays.com\/fi\/wp-json\/wp\/v2\/posts\/117193\/revisions"}],"wp:featuredmedia":[{"embeddable":true,"href":"https:\/\/www.europesays.com\/fi\/wp-json\/wp\/v2\/media\/113932"}],"wp:attachment":[{"href":"https:\/\/www.europesays.com\/fi\/wp-json\/wp\/v2\/media?parent=117193"}],"wp:term":[{"taxonomy":"category","embeddable":true,"href":"https:\/\/www.europesays.com\/fi\/wp-json\/wp\/v2\/categories?post=117193"},{"taxonomy":"post_tag","embeddable":true,"href":"https:\/\/www.europesays.com\/fi\/wp-json\/wp\/v2\/tags?post=117193"}],"curies":[{"name":"wp","href":"https:\/\/api.w.org\/{rel}","templated":true}]}}