{"id":117204,"date":"2025-12-15T18:37:11","date_gmt":"2025-12-15T18:37:11","guid":{"rendered":"https:\/\/www.europesays.com\/fi\/117204\/"},"modified":"2025-12-15T18:37:11","modified_gmt":"2025-12-15T18:37:11","slug":"mari-perankoski-paljastaa-pelottavat-hetket-amazing-race-suomi-ohjelmassa","status":"publish","type":"post","link":"https:\/\/www.europesays.com\/fi\/117204\/","title":{"rendered":"Mari Perankoski paljastaa pelottavat hetket Amazing Race Suomi -ohjelmassa"},"content":{"rendered":"<p>\n            Mari Perankoski koki kovia Sri Lankassa.<br \/>\n            Sanoma\n        <\/p>\n<p class=\"subtitle \">Mari Hynynen ja Joel Volanen kokivat niin turvattoman hetken, ett\u00e4 kisa oli v\u00e4h\u00e4ll\u00e4 keskeyty\u00e4.<\/p>\n<p class=\"article-content article-content-width !bg-background\">Amazing Race Suomi -ohjelman parhaillaan esitett\u00e4v\u00e4ll\u00e4 kaudella poikansa  kanssa kisaava \u00a0on avautunut pelottavasta kokemuksesta Sri Lankassa kuvatun jakson aikana.<\/p>\n<p class=\"font-weight-bold m-font-weight-bold article-content article-content-width !bg-background\">Video: Mari Hynynen kertoo, voisiko Jouni Hynynen olla mukana kisassa.<\/p>\n<p class=\"article-content article-content-width !bg-background\">Viime lauantaina Nelosella esitetyss\u00e4 jaksossa n\u00e4htiin, miten Mari ja Joel joutuivat j\u00e4nnitt\u00e4m\u00e4\u00e4n taksimatkojensa etenemist\u00e4.<\/p>\n<p class=\"article-content article-content-width !bg-background\">Ensin Mari huolestui, kun heid\u00e4n kuljettajansa ei ajanut samaan paikkaan kuin osa muita pareja kuljettaneista taksikuskeista. Mari yritti turhaan opastaa kuljettajaa seuraamaan toisia takseja. Lopulta kuitenkin paljastui, ett\u00e4 muut olivat ajaneet v\u00e4\u00e4rin ja Marin ja Joelin kuski oikein.<\/p>\n<p class=\"article-content article-content-width !bg-background\">\u2013\u00a0S\u00e4 jotenkin aina luotat toisiin pareihin enemm\u00e4n kuin mihink\u00e4\u00e4n muuhun, Joel p\u00e4ivitteli.<\/p>\n<p class=\"article-content article-content-width !bg-background\">\u2013\u00a0Se on minun heikkouteni, Mari my\u00f6nsi ohjelmassa.<\/p>\n<p>        <a itemprop=\"url\" href=\"https:\/\/www.seiska.fi\/katso\/ulostekohu-amazing-racessa-nyt-kommentoi-tuotanto\/2018374\" rel=\"nofollow noopener\" target=\"_blank\"><\/p>\n<p>\nUlostekohu Amazing Racessa\n<\/p>\n<p class=\"section-date\">\n        <strong class=\"article-section\" data-section=\"katso\"><br \/>\n            katso<br \/>\n        <\/strong><br \/>\n        12.12. 05:15\n    <\/p>\n<p>Ulostekohu Amazing Racessa \u2013 nyt kommentoi tuotanto\n    <\/p>\n<p itemprop=\"description\" class=\"subtitle \">\n    Amazing Race Suomi -ohjelman vastaava tuottaja Petra Martikainen kommentoi asiaa Katsolle.\n<\/p>\n<p>        <\/a><\/p>\n<p>Pelottava taksimatka<\/p>\n<p class=\"article-content article-content-width !bg-background\">My\u00f6hemmin samana p\u00e4iv\u00e4n\u00e4 uusi taksimatka sai kuitenkin niin outoja piirteit\u00e4, ett\u00e4 huolestumiselle oli syyt\u00e4. Taksikuski ajoi t\u00e4ysin v\u00e4\u00e4r\u00e4\u00e4n paikkaan, eiv\u00e4tk\u00e4 Mari ja Joel pystyneet kommunikoimaan kuskin kanssa.<\/p>\n<p class=\"article-content article-content-width !bg-background\">Mari on avautunut tapahtumista <a href=\"https:\/\/www.instagram.com\/p\/DSN1xrGjQrk\/?igsh=MWE2NGxyMXJ0ZTBiOA==\" target=\"_blank\" rel=\"nofollow noopener\">Instagram-p\u00e4ivityksess\u00e4<\/a> ohjelman esitt\u00e4misen j\u00e4lkeen.<\/p>\n<p class=\"article-content article-content-width !bg-background\">Mari kirjoittaa, ettei saanut poikansa Joelin kanssa yhteytt\u00e4 taksikuskiinsa.<\/p>\n<p class=\"article-content article-content-width !bg-background\">\u2013\u00a0Moneen paikkaan olen lapseni vienyt. Ihan kahdestaan Intiatkin kierretty. Ja t\u00e4h\u00e4n asti Amazing Race Suomessa Joel oli aina se rauhallisin. Mutta t\u00e4m\u00e4 oli hulluin hetki, turvattomin tunti ikin\u00e4 Jopille. Minullekin ahdistava, mutta hirvitt\u00e4v\u00e4, kun n\u00e4en, ett\u00e4 rauhallinen Jopi panikoituu.<\/p>\n<p class=\"article-content article-content-width !bg-background\">\u2013\u00a0Kuski ei puhu, ei osaa kirjoittaa, ei suostu pys\u00e4htym\u00e4\u00e4n. (H\u00e4nell\u00e4 l\u00e4mp\u00f6\/hengitysvaje). Autossa ei en\u00e4\u00e4 siin\u00e4 vaiheessa vett\u00e4 (piti olla 30 min; ei tunti 30 min) ja ollaan kohta tunti matkattu v\u00e4\u00e4r\u00e4\u00e4n suuntaa. Mutta mies ei pys\u00e4hdy.<\/p>\n<p class=\"article-content article-content-width !bg-background\">Joel kuvaili kokemusta jo ohjelman jaksossa minikidnappaukseksi.<\/p>\n<p>                <img loading=\"lazy\" decoding=\"async\" src=\"https:\/\/www.europesays.com\/fi\/wp-content\/uploads\/2025\/12\/2009475.webp\" width=\"576\" height=\"322\" title=\"Mari ja Joel iloisemmissa tunnelmissa kisan aiemmassa kohteessa.\" alt=\"Mari Perankoski ja Joel Volanen poseeraavat.\" \/>            <\/p>\n<p>\n            Mari ja Joel iloisemmissa tunnelmissa kisan aiemmassa kohteessa.<br \/>\n            Sanoma\n        <\/p>\n<p>        <a itemprop=\"url\" href=\"https:\/\/www.seiska.fi\/katso\/shokkipaljastus-amazing-race-podcastissa-nina-tapiolla-epailtiin-sydankohtausta\/2020156\" rel=\"nofollow noopener\" target=\"_blank\"><\/p>\n<p>\nPodcast:\n<\/p>\n<p class=\"section-date\">\n        <strong class=\"article-section\" data-section=\"katso\"><br \/>\n            katso<br \/>\n        <\/strong><br \/>\n        14.12. 06:15\n    <\/p>\n<p>Shokkipaljastus Amazing Race -podcastissa: Nina Tapiolla ep\u00e4iltiin syd\u00e4nkohtausta\n    <\/p>\n<p itemprop=\"description\" class=\"subtitle \">\n    Nina Tapion terveydentila heikkeni Amazing Race Suomi -ohjelmassa.\n<\/p>\n<p>        <\/a><\/p>\n<p>Kisan keskeytt\u00e4minen l\u00e4hell\u00e4<\/p>\n<p class=\"article-content article-content-width !bg-background\">\u2013\u00a0Alkoi olla jo huoli kuskin kunnosta, ett\u00e4 ei tuo en\u00e4\u00e4 puhu eik\u00e4 tajua mitt\u00e4\u00e4n, mit\u00e4 h\u00e4nelle yritt\u00e4\u00e4 sanoa. Olin hyvin zenil\u00e4isesti siihen asti, kunnes Joel huutaa, ett\u00e4 nyt on pakko p\u00e4\u00e4st\u00e4 ulos!, Mari kirjoittaa Insta-p\u00e4ivityksess\u00e4\u00e4n.<\/p>\n<p class=\"article-content article-content-width !bg-background\">Marin mukaan tilanne oli niin huolestuttava, ett\u00e4 koko kisan keskeytt\u00e4minenkin oli l\u00e4hell\u00e4.<\/p>\n<p class=\"article-content article-content-width !bg-background\">\u2013\u00a0Meid\u00e4n kisa meinas j\u00e4\u00e4d\u00e4 t\u00e4h\u00e4n. Huutamalla molemmat kurkku suorana pys\u00e4ytettiin kuski. Pidettiin 10 minuutin palaveri pientareella ja sain houkuteltua Joelin takasin kyytiin, Mari kirjoittaa p\u00e4ivityksess\u00e4\u00e4n.<\/p>\n<p class=\"article-content article-content-width !bg-background\">\u2013\u00a0Mulla tulee kuset housuun. Nyt kyytiin, Mari parahti ohjelmassa.<\/p>\n<p class=\"article-content article-content-width !bg-background\">Jakso oli parille poikkeuksellisen raju kokemus, sill\u00e4 siihen sis\u00e4ltyi my\u00f6s Joelin kesken lantateht\u00e4v\u00e4n k\u00e4teens\u00e4 saama haava ja v\u00e4\u00e4rin opetettu tanssikoreografia. Lopulta Mari ja Joel olivat tippumassa kisasta, mutta pelastuivat saatuaan aikahyvityksen tanssinopettajan mokan vuoksi.<\/p>\n<p class=\"article-content article-content-width !bg-background\">Amazing Race Suomi lauantaisin kello 19.30 Nelosella. Uusia jaksoja julkaistaan ennen tv-esityst\u00e4 Ruutu+:ssa.<\/p>\n<p>        <a itemprop=\"url\" href=\"https:\/\/www.seiska.fi\/katso\/historiallinen-kaanne-amazing-race-suomessa\/2019720\" rel=\"nofollow noopener\" target=\"_blank\"><\/p>\n<p>\nAmazing Race Suomi\n<\/p>\n<p class=\"section-date\">\n        <strong class=\"article-section\" data-section=\"katso\"><br \/>\n            katso<br \/>\n        <\/strong><br \/>\n        13.12. 21:00\n    <\/p>\n<p>Historiallinen k\u00e4\u00e4nne Amazing Race Suomessa\n    <\/p>\n<p itemprop=\"description\" class=\"subtitle \">\n    Yksi pari joutui j\u00e4tt\u00e4m\u00e4\u00e4n j\u00e4lleen Amazing Race Suomi -ohjelman kesken.\n<\/p>\n<p>        <\/a><\/p>\n<p>        <a itemprop=\"url\" href=\"https:\/\/www.seiska.fi\/katso\/maria-guzeninan-kaytos-ihmetyttaa-amazing-racessa\/2019166\" rel=\"nofollow noopener\" target=\"_blank\"><\/p>\n<p>\nAmazing Race Suomi\n<\/p>\n<p class=\"section-date\">\n        <strong class=\"article-section\" data-section=\"katso\"><br \/>\n            katso<br \/>\n        <\/strong><br \/>\n        13.12. 06:15\n    <\/p>\n<p>Maria Guzeninan k\u00e4yt\u00f6s ihmetytt\u00e4\u00e4 Amazing Racessa\n    <\/p>\n<p itemprop=\"description\" class=\"subtitle \">\n    Joidenkin kilpailijoiden v\u00e4lill\u00e4 on aistittavissa j\u00e4nnitteit\u00e4 Amazing Race Suomessa.\n<\/p>\n<p>        <\/a><\/p>\n<p><script async src=\"\/\/www.instagram.com\/embed.js\"><\/script><\/p>\n","protected":false},"excerpt":{"rendered":"Mari Perankoski koki kovia Sri Lankassa. Sanoma Mari Hynynen ja Joel Volanen kokivat niin turvattoman hetken, ett\u00e4 kisa&hellip;\n","protected":false},"author":2,"featured_media":117205,"comment_status":"","ping_status":"","sticky":false,"template":"","format":"standard","meta":{"footnotes":""},"categories":[133],"tags":[3177,137,33,31,30,16090,8473,8472,1758,2158,19893,32,21354,206,156,109],"class_list":{"0":"post-117204","1":"post","2":"type-post","3":"status-publish","4":"format-standard","5":"has-post-thumbnail","7":"category-televisiot","8":"tag-amazing-race-suomi","9":"tag-entertainment","10":"tag-fi","11":"tag-finland","12":"tag-finnish","13":"tag-joel-volanen","14":"tag-mari-hynynen","15":"tag-mari-perankoski","16":"tag-nelonen","17":"tag-ruutu","18":"tag-sri-lanka","19":"tag-suomi","20":"tag-taksimatka","21":"tag-televisiot","22":"tag-tv","23":"tag-viihde"},"share_on_mastodon":{"url":"https:\/\/pubeurope.com\/@fi\/115725038134844236","error":""},"_links":{"self":[{"href":"https:\/\/www.europesays.com\/fi\/wp-json\/wp\/v2\/posts\/117204","targetHints":{"allow":["GET"]}}],"collection":[{"href":"https:\/\/www.europesays.com\/fi\/wp-json\/wp\/v2\/posts"}],"about":[{"href":"https:\/\/www.europesays.com\/fi\/wp-json\/wp\/v2\/types\/post"}],"author":[{"embeddable":true,"href":"https:\/\/www.europesays.com\/fi\/wp-json\/wp\/v2\/users\/2"}],"replies":[{"embeddable":true,"href":"https:\/\/www.europesays.com\/fi\/wp-json\/wp\/v2\/comments?post=117204"}],"version-history":[{"count":0,"href":"https:\/\/www.europesays.com\/fi\/wp-json\/wp\/v2\/posts\/117204\/revisions"}],"wp:featuredmedia":[{"embeddable":true,"href":"https:\/\/www.europesays.com\/fi\/wp-json\/wp\/v2\/media\/117205"}],"wp:attachment":[{"href":"https:\/\/www.europesays.com\/fi\/wp-json\/wp\/v2\/media?parent=117204"}],"wp:term":[{"taxonomy":"category","embeddable":true,"href":"https:\/\/www.europesays.com\/fi\/wp-json\/wp\/v2\/categories?post=117204"},{"taxonomy":"post_tag","embeddable":true,"href":"https:\/\/www.europesays.com\/fi\/wp-json\/wp\/v2\/tags?post=117204"}],"curies":[{"name":"wp","href":"https:\/\/api.w.org\/{rel}","templated":true}]}}