{"id":11721,"date":"2025-08-21T02:48:18","date_gmt":"2025-08-21T02:48:18","guid":{"rendered":"https:\/\/www.europesays.com\/fi\/11721\/"},"modified":"2025-08-21T02:48:18","modified_gmt":"2025-08-21T02:48:18","slug":"intia-ja-kiina-jatkavat-valiensa-lammittelya-palauttavat-suorat-lentoyhteydet-uutisia-lyhyesti","status":"publish","type":"post","link":"https:\/\/www.europesays.com\/fi\/11721\/","title":{"rendered":"Intia ja Kiina jatkavat v\u00e4liens\u00e4 l\u00e4mmittely\u00e4 \u2013 palauttavat suorat lentoyhteydet | Uutisia lyhyesti"},"content":{"rendered":"<p class=\"sc-jYczwO sc-dNFkOE bUKqJd eiHPxO yle__article__paragraph\">Intia on Yhdysvaltain pitk\u00e4aikainen liittolainen, jota on pidetty vastavoimana Kiinan vaikutusvallalle Aasiassa.<\/p>\n<p>19.8. 19:57\u2022P\u00e4ivitetty 19.8. 21:04<\/p>\n<p class=\"sc-jYczwO sc-ciCoXh bUKqJd cIOueB yle__article__paragraph\">Intia ja Kiina ovat jatkaneet v\u00e4liens\u00e4 l\u00e4mmittely\u00e4. Intian p\u00e4\u00e4ministeri <strong class=\"sc-eEHciv gtNhAX yle__article__strong\">Narendra Modi<\/strong> tapasi Kiinan ulkoministerin <strong class=\"sc-eEHciv gtNhAX yle__article__strong\">Wang Yin<\/strong> tiistaina.<\/p>\n<p class=\"sc-jYczwO sc-ciCoXh bUKqJd cIOueB yle__article__paragraph\">Modi ylisti tapaamisen j\u00e4lkeen vakaata edistyst\u00e4 maiden kahdenv\u00e4lisiss\u00e4 suhteissa. Kiinan ulkoministeri\u00f6 puolestaan kuvasi maiden astuneen vakaan kehityksen tielle.<\/p>\n<p class=\"sc-jYczwO sc-ciCoXh bUKqJd cIOueB yle__article__paragraph\">Intian ulkoministeri\u00f6st\u00e4 kerrottiin tiistaina useita konkreettisia toimia, joista maat ovat sopineet.<\/p>\n<p class=\"sc-jYczwO sc-ciCoXh bUKqJd cIOueB yle__article__paragraph\">Ne palauttavat suorat lentoyhteydet Manner-Kiinan ja Intian v\u00e4lill\u00e4 mahdollisimman pian.<\/p>\n<p class=\"sc-jYczwO sc-ciCoXh bUKqJd cIOueB yle__article__paragraph\">Ne sopivat my\u00f6s, ett\u00e4 turistien, liikematkailijoiden, median ja muiden vierailijoiden viisumeja helpotetaan molempiiin suuntiin.<\/p>\n<p class=\"sc-jYczwO sc-ciCoXh bUKqJd cIOueB yle__article__paragraph\">Lis\u00e4ksi maat pyrkiv\u00e4t lis\u00e4\u00e4m\u00e4\u00e4n kauppa- ja investointivirtoja v\u00e4lill\u00e4\u00e4n ja avaavat rajakaupan uudelleen kolmella kaupank\u00e4yntipisteell\u00e4.<\/p>\n<p>Suhteet romahtivat rajakiistasta<\/p>\n<p class=\"sc-jYczwO sc-ciCoXh bUKqJd cIOueB yle__article__paragraph\">Intian ja Kiinan suhteet romahtivat vuonna 2020, kun maiden turvallisuusjoukot ottivat yhteen rajaseudulla Himalajan vuoristossa. V\u00e4kivaltaisuuksissa kuoli 20 intialaista sotilasta ja nelj\u00e4 kiinalaista sotilasta.<\/p>\n<p class=\"sc-jYczwO sc-ciCoXh bUKqJd cIOueB yle__article__paragraph\">Viime vuonna Intia ja Kiina sopivat rajapartioita koskevasta sopimuksesta ja vetiv\u00e4t lis\u00e4joukkoja pois joiltakin raja-alueilta. Molemmat maat jatkavat rajansa vahvistamista rakentamalla teit\u00e4 ja rautatieverkkoja.<\/p>\n<p>USA n\u00e4hnyt Intian vastavoimana Kiinalle<\/p>\n<p class=\"sc-jYczwO sc-ciCoXh bUKqJd cIOueB yle__article__paragraph\">Intian ja Kiinan suhteet l\u00e4mpenev\u00e4t samaan aikaan, kun Yhdysvaltain presidentti <strong class=\"sc-eEHciv gtNhAX yle__article__strong\">Donald Trump<\/strong> on asettanut jyrkki\u00e4 tuontitulleja Intialle.<\/p>\n<p class=\"sc-jYczwO sc-ciCoXh bUKqJd cIOueB yle__article__paragraph\">Intia on ollut Yhdysvaltain pitk\u00e4aikainen liittolainen, jota on pidetty vastavoimana Kiinan vaikutusvallalle Aasiassa. Intia on osa Quad-turvallisuusallianssia, johon kuuluvat Yhdysvallat, Australia ja Japani.<\/p>\n<p class=\"sc-jYczwO sc-ciCoXh bUKqJd cIOueB yle__article__paragraph\">L\u00e4hteet: AP, Reuters<\/p>\n","protected":false},"excerpt":{"rendered":"Intia on Yhdysvaltain pitk\u00e4aikainen liittolainen, jota on pidetty vastavoimana Kiinan vaikutusvallalle Aasiassa. 19.8. 19:57\u2022P\u00e4ivitetty 19.8. 21:04 Intia ja&hellip;\n","protected":false},"author":2,"featured_media":74,"comment_status":"","ping_status":"","sticky":false,"template":"","format":"standard","meta":{"footnotes":""},"categories":[14],"tags":[4372,22,23,26,27,33,31,30,17,2167,5056,70,510,5055,24,25,28,29,15,18,21,32,19,20,56,16,59,60,61],"class_list":{"0":"post-11721","1":"post","2":"type-post","3":"status-publish","4":"format-standard","5":"has-post-thumbnail","7":"category-ulkomaat","8":"tag-aasia","9":"tag-breaking-news","10":"tag-breakingnews","11":"tag-featured-news","12":"tag-featurednews","13":"tag-fi","14":"tag-finland","15":"tag-finnish","16":"tag-headlines","17":"tag-intia","18":"tag-kahdenvaliset-suhteet","19":"tag-kansainvalinen-politiikka","20":"tag-kiina","21":"tag-lammittely","22":"tag-latest-news","23":"tag-latestnews","24":"tag-main-news","25":"tag-mainnews","26":"tag-news","27":"tag-otsikot","28":"tag-paauutiset","29":"tag-suomi","30":"tag-top-stories","31":"tag-topstories","32":"tag-ulkomaat","33":"tag-uutiset","34":"tag-world","35":"tag-world-news","36":"tag-worldnews"},"share_on_mastodon":{"url":"","error":""},"_links":{"self":[{"href":"https:\/\/www.europesays.com\/fi\/wp-json\/wp\/v2\/posts\/11721","targetHints":{"allow":["GET"]}}],"collection":[{"href":"https:\/\/www.europesays.com\/fi\/wp-json\/wp\/v2\/posts"}],"about":[{"href":"https:\/\/www.europesays.com\/fi\/wp-json\/wp\/v2\/types\/post"}],"author":[{"embeddable":true,"href":"https:\/\/www.europesays.com\/fi\/wp-json\/wp\/v2\/users\/2"}],"replies":[{"embeddable":true,"href":"https:\/\/www.europesays.com\/fi\/wp-json\/wp\/v2\/comments?post=11721"}],"version-history":[{"count":0,"href":"https:\/\/www.europesays.com\/fi\/wp-json\/wp\/v2\/posts\/11721\/revisions"}],"wp:featuredmedia":[{"embeddable":true,"href":"https:\/\/www.europesays.com\/fi\/wp-json\/wp\/v2\/media\/74"}],"wp:attachment":[{"href":"https:\/\/www.europesays.com\/fi\/wp-json\/wp\/v2\/media?parent=11721"}],"wp:term":[{"taxonomy":"category","embeddable":true,"href":"https:\/\/www.europesays.com\/fi\/wp-json\/wp\/v2\/categories?post=11721"},{"taxonomy":"post_tag","embeddable":true,"href":"https:\/\/www.europesays.com\/fi\/wp-json\/wp\/v2\/tags?post=11721"}],"curies":[{"name":"wp","href":"https:\/\/api.w.org\/{rel}","templated":true}]}}