{"id":117210,"date":"2025-12-15T18:45:21","date_gmt":"2025-12-15T18:45:21","guid":{"rendered":"https:\/\/www.europesays.com\/fi\/117210\/"},"modified":"2025-12-15T18:45:21","modified_gmt":"2025-12-15T18:45:21","slug":"nokia-pakotti-pomonsa-jakamaan-tyontekijat-hyviin-ja-huonoihin","status":"publish","type":"post","link":"https:\/\/www.europesays.com\/fi\/117210\/","title":{"rendered":"Nokia pakotti pomonsa jakamaan ty\u00f6ntekij\u00e4t hyviin ja huonoihin"},"content":{"rendered":"<p>Palkitseminen|Nokian eurooppalainen yritysneuvosto arvostelee ankarasti ty\u00f6ntekij\u00f6iden uutta arviointimenetelm\u00e4\u00e4, jossa esihenkil\u00f6t pakotetaan luokittelemaan ty\u00f6ntekij\u00e4t hyviin ja huonoihin.<\/p>\n<p class=\"article-body mb-nof-24 px-nof-16\">Verkkolaitteita valmistava Nokia on ottanut k\u00e4ytt\u00f6\u00f6n ty\u00f6ntekij\u00f6iden luokittelun, joka on aiheuttanut yhti\u00f6ss\u00e4 poikkeuksellisen laajaa ja ankaraa arvostelua.<\/p>\n<p class=\"article-body mb-nof-24 px-nof-16\">Esihenkil\u00f6t joutuvat luokittelemaan ty\u00f6ntekij\u00e4t ennalta m\u00e4\u00e4r\u00e4tyn jakauman mukaisesti huonoihin, keskinkertaisiin ja hyviin.<\/p>\n","protected":false},"excerpt":{"rendered":"Palkitseminen|Nokian eurooppalainen yritysneuvosto arvostelee ankarasti ty\u00f6ntekij\u00f6iden uutta arviointimenetelm\u00e4\u00e4, jossa esihenkil\u00f6t pakotetaan luokittelemaan ty\u00f6ntekij\u00e4t hyviin ja huonoihin. Verkkolaitteita valmistava&hellip;\n","protected":false},"author":2,"featured_media":117211,"comment_status":"","ping_status":"","sticky":false,"template":"","format":"standard","meta":{"footnotes":""},"categories":[76],"tags":[79,77,33,31,30,46,32,78],"class_list":{"0":"post-117210","1":"post","2":"type-post","3":"status-publish","4":"format-standard","5":"has-post-thumbnail","7":"category-talous","8":"tag-business","9":"tag-economy","10":"tag-fi","11":"tag-finland","12":"tag-finnish","13":"tag-helsingin-sanomat","14":"tag-suomi","15":"tag-talous"},"share_on_mastodon":{"url":"https:\/\/pubeurope.com\/@fi\/115725069480162548","error":""},"_links":{"self":[{"href":"https:\/\/www.europesays.com\/fi\/wp-json\/wp\/v2\/posts\/117210","targetHints":{"allow":["GET"]}}],"collection":[{"href":"https:\/\/www.europesays.com\/fi\/wp-json\/wp\/v2\/posts"}],"about":[{"href":"https:\/\/www.europesays.com\/fi\/wp-json\/wp\/v2\/types\/post"}],"author":[{"embeddable":true,"href":"https:\/\/www.europesays.com\/fi\/wp-json\/wp\/v2\/users\/2"}],"replies":[{"embeddable":true,"href":"https:\/\/www.europesays.com\/fi\/wp-json\/wp\/v2\/comments?post=117210"}],"version-history":[{"count":0,"href":"https:\/\/www.europesays.com\/fi\/wp-json\/wp\/v2\/posts\/117210\/revisions"}],"wp:featuredmedia":[{"embeddable":true,"href":"https:\/\/www.europesays.com\/fi\/wp-json\/wp\/v2\/media\/117211"}],"wp:attachment":[{"href":"https:\/\/www.europesays.com\/fi\/wp-json\/wp\/v2\/media?parent=117210"}],"wp:term":[{"taxonomy":"category","embeddable":true,"href":"https:\/\/www.europesays.com\/fi\/wp-json\/wp\/v2\/categories?post=117210"},{"taxonomy":"post_tag","embeddable":true,"href":"https:\/\/www.europesays.com\/fi\/wp-json\/wp\/v2\/tags?post=117210"}],"curies":[{"name":"wp","href":"https:\/\/api.w.org\/{rel}","templated":true}]}}