{"id":117218,"date":"2025-12-15T18:52:08","date_gmt":"2025-12-15T18:52:08","guid":{"rendered":"https:\/\/www.europesays.com\/fi\/117218\/"},"modified":"2025-12-15T18:52:08","modified_gmt":"2025-12-15T18:52:08","slug":"kivisella-laavaplaneetalla-on-todennakoisesti-kaasukeha-ymparillaan","status":"publish","type":"post","link":"https:\/\/www.europesays.com\/fi\/117218\/","title":{"rendered":"Kivisell\u00e4 laavaplaneetalla on todenn\u00e4k\u00f6isesti kaasukeh\u00e4 ymp\u00e4rill\u00e4\u00e4n"},"content":{"rendered":"<p>T\u00e4htitieteilij\u00e4t kertovat l\u00f6yt\u00e4neens\u00e4 t\u00e4h\u00e4n menness\u00e4 vahvimmat todisteet vieraassa aurinkokunnassa sijaitsevan kivisen planeetan kaasukeh\u00e4st\u00e4.&#13;<\/p>\n<p class=\"bodytext\">Superkuumasta TOI-561 b -planeetasta tehdyt havainnot viittaavat siihen, ett\u00e4 t\u00e4ll\u00e4 kaukaisella kappaleella on magmameri sek\u00e4 tiivis, l\u00e4mp\u00f6\u00e4 kuljettava kaasukeh\u00e4.\n<\/p>\n<p>\u201dMik\u00e4 todella erottaa t\u00e4m\u00e4n planeetan muista, on sen poikkeuksellisen alhainen tiheys\u201d, uskoo <strong>Johanna Teske <\/strong>Carnegie Science -instituutista.\n<\/p>\n<p>Tutkijoiden mukaan todenn\u00e4k\u00f6inen syy alhaiselle tiheydelle on kaasukeh\u00e4, jonka takia planeetta n\u00e4ytt\u00e4\u00e4 kookkaammalta kuin se todellisuudessa on.\n<\/p>\n<p>Testatakseen t\u00e4t\u00e4 teoriaa, tutkijat mittasivat planeetan y\u00f6- ja p\u00e4iv\u00e4puolen l\u00e4mp\u00f6tiloja. Tulosten perusteella l\u00e4mp\u00f6\u00e4 kulkeutuu p\u00e4iv\u00e4puolelta y\u00f6puolelle niin paljon, ett\u00e4 se on mahdollista vain jos planeetalla on kaasukeh\u00e4.\n<\/p>\n<p>TOI-561 b:n et\u00e4isyys emot\u00e4hdest\u00e4\u00e4n on sadasosa Auringon ja Maan v\u00e4lisest\u00e4 et\u00e4isyydest\u00e4. Planeetan vuosi kest\u00e4\u00e4kin alle 11 tuntia.\n<\/p>\n<p>L\u00e4heisyyden takia planeetta on vuorovesilukkiutunut eli se k\u00e4\u00e4nt\u00e4\u00e4 aina saman puolen kohti emot\u00e4hte\u00e4\u00e4n. Siksi planeetan toisella puolella vallitsee ikuinen p\u00e4iv\u00e4 ja toisella puolella ikuinen y\u00f6.\n<\/p>\n<p>Nyt tehty l\u00f6yt\u00f6 haastaa vallitsevan k\u00e4sityksen, jonka mukaan l\u00e4hell\u00e4 emot\u00e4hte\u00e4\u00e4n olevat kiviplaneetat eiv\u00e4t voisi s\u00e4ilytt\u00e4\u00e4 kaasukeh\u00e4\u00e4 ymp\u00e4rill\u00e4\u00e4n.\n<\/p>\n<p>T\u00e4htij\u00e4rjestelm\u00e4 on arviolta 10 miljardin vuoden ik\u00e4inen ja se sijaitsee suunnilleen 280 valovuoden p\u00e4\u00e4ss\u00e4 maapallolta.\n<\/p>\n<p><a href=\"https:\/\/science.nasa.gov\/missions\/webb\/nasas-webb-detects-thick-atmosphere-around-broiling-lava-world\/\" target=\"_blank\" rel=\"noreferrer nofollow noopener\">Aiheesta lis\u00e4\u00e4 Nasa<\/a> (englanniksi)<\/p>\n","protected":false},"excerpt":{"rendered":"T\u00e4htitieteilij\u00e4t kertovat l\u00f6yt\u00e4neens\u00e4 t\u00e4h\u00e4n menness\u00e4 vahvimmat todisteet vieraassa aurinkokunnassa sijaitsevan kivisen planeetan kaasukeh\u00e4st\u00e4.&#13; Superkuumasta TOI-561 b -planeetasta tehdyt&hellip;\n","protected":false},"author":2,"featured_media":117219,"comment_status":"","ping_status":"","sticky":false,"template":"","format":"standard","meta":{"footnotes":""},"categories":[114],"tags":[453,33,31,30,118,452,32,119],"class_list":{"0":"post-117218","1":"post","2":"type-post","3":"status-publish","4":"format-standard","5":"has-post-thumbnail","7":"category-avaruus","8":"tag-avaruus","9":"tag-fi","10":"tag-finland","11":"tag-finnish","12":"tag-science","13":"tag-space","14":"tag-suomi","15":"tag-tiede"},"share_on_mastodon":{"url":"https:\/\/pubeurope.com\/@fi\/115725096903918472","error":""},"_links":{"self":[{"href":"https:\/\/www.europesays.com\/fi\/wp-json\/wp\/v2\/posts\/117218","targetHints":{"allow":["GET"]}}],"collection":[{"href":"https:\/\/www.europesays.com\/fi\/wp-json\/wp\/v2\/posts"}],"about":[{"href":"https:\/\/www.europesays.com\/fi\/wp-json\/wp\/v2\/types\/post"}],"author":[{"embeddable":true,"href":"https:\/\/www.europesays.com\/fi\/wp-json\/wp\/v2\/users\/2"}],"replies":[{"embeddable":true,"href":"https:\/\/www.europesays.com\/fi\/wp-json\/wp\/v2\/comments?post=117218"}],"version-history":[{"count":0,"href":"https:\/\/www.europesays.com\/fi\/wp-json\/wp\/v2\/posts\/117218\/revisions"}],"wp:featuredmedia":[{"embeddable":true,"href":"https:\/\/www.europesays.com\/fi\/wp-json\/wp\/v2\/media\/117219"}],"wp:attachment":[{"href":"https:\/\/www.europesays.com\/fi\/wp-json\/wp\/v2\/media?parent=117218"}],"wp:term":[{"taxonomy":"category","embeddable":true,"href":"https:\/\/www.europesays.com\/fi\/wp-json\/wp\/v2\/categories?post=117218"},{"taxonomy":"post_tag","embeddable":true,"href":"https:\/\/www.europesays.com\/fi\/wp-json\/wp\/v2\/tags?post=117218"}],"curies":[{"name":"wp","href":"https:\/\/api.w.org\/{rel}","templated":true}]}}