{"id":117220,"date":"2025-12-15T19:00:08","date_gmt":"2025-12-15T19:00:08","guid":{"rendered":"https:\/\/www.europesays.com\/fi\/117220\/"},"modified":"2025-12-15T19:00:08","modified_gmt":"2025-12-15T19:00:08","slug":"sarah-dzafce-palkkasi-tunnetun-juristin","status":"publish","type":"post","link":"https:\/\/www.europesays.com\/fi\/117220\/","title":{"rendered":"Sarah Dzafce palkkasi tunnetun juristin"},"content":{"rendered":"<p>Sarah Dzafce on palkannut itselleen juristin.<\/p>\n<p><img decoding=\"async\" class=\"image image-show image-preview\" src=\"https:\/\/www.europesays.com\/fi\/wp-content\/uploads\/2025\/12\/0f4077337f69b3271f69b98e20f286e0a34c90cdf70bb81a620393808458bea3.jpg\" alt=\"\"\/><img decoding=\"async\" class=\"image image-show\" src=\"https:\/\/www.europesays.com\/fi\/wp-content\/uploads\/2025\/12\/1765825208_169_0f4077337f69b3271f69b98e20f286e0a34c90cdf70bb81a620393808458bea3.jpg\" alt=\"\"\/><\/p>\n<p>Sarah Dzafce menetti Miss Suomen kruununsa rasismikohun seurauksena viime torstaina. Maarit Pohjanpalo<\/p>\n<p class=\"paragraph\">Oikeustieteen tohtori <strong>Kari Uoti<\/strong> jakoi t\u00e4n\u00e4\u00e4n Instagramissa yhteiskuvan, jossa on h\u00e4nen itsens\u00e4 lis\u00e4ksi viime p\u00e4ivin\u00e4 paljon esill\u00e4 ollut kohumissi <strong>Sarah Dzafce<\/strong>.<\/p>\n<p class=\"paragraph\">Kuvassa lukee \u201duusi asiakas\u201d.<\/p>\n<p class=\"paragraph\">Iltalehti tavoitti Uotin, joka ei voinut tarkemmin kertoa, miksi Dzafce on h\u00e4nen uusi asiakkaansa.<\/p>\n<p class=\"paragraph\">Uoti kommentoi asiaa yleisell\u00e4 tasolla.<\/p>\n<p class=\"paragraph\">\u2013 Sanotaan n\u00e4in, ett\u00e4 jos joku k\u00e4\u00e4ntyy minun puoleeni, h\u00e4nell\u00e4 on jokin murhe tai oikeudellinen ongelma,  johon h\u00e4n tarvitsee juristin apua. Min\u00e4 kun en anna esimerkiksi laulutunteja, Uoti hym\u00e4ht\u00e4\u00e4.<\/p>\n<p>Kari Uoti kertoi uudesta asiakkaastaan sosiaalisessa mediassa.  PASI LIESIMAA<\/p>\n<p class=\"paragraph\">Kohumissi Sarah Dzafce<a href=\"https:\/\/www.iltalehti.fi\/viihdeuutiset\/74544663-917d-4925-9571-6b3ed83caaf9\" rel=\"nofollow noopener\" target=\"_blank\"> joutui viime viikolla<\/a> luopumaan Miss Suomi -tittelist\u00e4\u00e4n. P\u00e4\u00e4t\u00f6ksen teki Miss Suomi -organisaatio sen j\u00e4lkeen, kun Dzafcest\u00e4 levisi kuva, jossa h\u00e4n venytt\u00e4\u00e4 silmi\u00e4\u00e4n.<\/p>\n<p class=\"paragraph\">Uoti kirjoitti Dzafcen tilanteesta eilen Linkediniin. H\u00e4n muistutti, ettei Dzafce ole ty\u00f6suhteessa missiorganisaatioon, vaan jonkinlaisessa sopimussuhteessa.<\/p>\n<p class=\"paragraph\">Uoti kirjoittaa my\u00f6s, ettei Dzafcen kuva ole peruste purkaa sopimus.<\/p>\n<p class=\"paragraph\">\u2013 No miksi sitten purettiin? Jaa-a, sen tiet\u00e4v\u00e4t vain h\u00e4mmentynyt nuori nainen ja &#8221;missiorganisaatio&#8221;, joka k\u00e4velytti ja sanoitti missin tarinan medialle, Uoti <a href=\"https:\/\/www.linkedin.com\/feed\/update\/urn:li:activity:7406015996945448960\/\" rel=\"noopener nofollow\" target=\"_blank\">kirjoittaa Linkediin<\/a>.<\/p>\n<p class=\"paragraph\">Uotin lakiasiaintoimisto Kari Uoti Oy kertoo nettisivuillaan ydinosaamisensa liittyv\u00e4n riitojen ratkaisuun, oikeudenk\u00e4ynteihin riita- ja rikosasioissa niin tuomioistuimissa kuin v\u00e4limiesmenettelyss\u00e4kin.<\/p>\n","protected":false},"excerpt":{"rendered":"Sarah Dzafce on palkannut itselleen juristin. Sarah Dzafce menetti Miss Suomen kruununsa rasismikohun seurauksena viime torstaina. Maarit Pohjanpalo&hellip;\n","protected":false},"author":2,"featured_media":117221,"comment_status":"","ping_status":"","sticky":false,"template":"","format":"standard","meta":{"footnotes":""},"categories":[136],"tags":[35,407,137,33,31,30,876,408,53,720,103,32,78,860,109],"class_list":{"0":"post-117220","1":"post","2":"type-post","3":"status-publish","4":"format-standard","5":"has-post-thumbnail","7":"category-julkkikset","8":"tag-24h","9":"tag-celebrities","10":"tag-entertainment","11":"tag-fi","12":"tag-finland","13":"tag-finnish","14":"tag-fyysinen-kauneus","15":"tag-julkkikset","16":"tag-laki-oikeus-ja-rikos","17":"tag-liiketoiminta-ja-rahoitus","18":"tag-sosiaalikysymykset","19":"tag-suomi","20":"tag-talous","21":"tag-tyoelama","22":"tag-viihde"},"share_on_mastodon":{"url":"https:\/\/pubeurope.com\/@fi\/115725128553767739","error":""},"_links":{"self":[{"href":"https:\/\/www.europesays.com\/fi\/wp-json\/wp\/v2\/posts\/117220","targetHints":{"allow":["GET"]}}],"collection":[{"href":"https:\/\/www.europesays.com\/fi\/wp-json\/wp\/v2\/posts"}],"about":[{"href":"https:\/\/www.europesays.com\/fi\/wp-json\/wp\/v2\/types\/post"}],"author":[{"embeddable":true,"href":"https:\/\/www.europesays.com\/fi\/wp-json\/wp\/v2\/users\/2"}],"replies":[{"embeddable":true,"href":"https:\/\/www.europesays.com\/fi\/wp-json\/wp\/v2\/comments?post=117220"}],"version-history":[{"count":0,"href":"https:\/\/www.europesays.com\/fi\/wp-json\/wp\/v2\/posts\/117220\/revisions"}],"wp:featuredmedia":[{"embeddable":true,"href":"https:\/\/www.europesays.com\/fi\/wp-json\/wp\/v2\/media\/117221"}],"wp:attachment":[{"href":"https:\/\/www.europesays.com\/fi\/wp-json\/wp\/v2\/media?parent=117220"}],"wp:term":[{"taxonomy":"category","embeddable":true,"href":"https:\/\/www.europesays.com\/fi\/wp-json\/wp\/v2\/categories?post=117220"},{"taxonomy":"post_tag","embeddable":true,"href":"https:\/\/www.europesays.com\/fi\/wp-json\/wp\/v2\/tags?post=117220"}],"curies":[{"name":"wp","href":"https:\/\/api.w.org\/{rel}","templated":true}]}}