{"id":117230,"date":"2025-12-15T19:12:12","date_gmt":"2025-12-15T19:12:12","guid":{"rendered":"https:\/\/www.europesays.com\/fi\/117230\/"},"modified":"2025-12-15T19:12:12","modified_gmt":"2025-12-15T19:12:12","slug":"britannian-tiedustelupalvelun-uusi-johtaja-venajan-uhka-jatkuu-uutissuomalainen-2","status":"publish","type":"post","link":"https:\/\/www.europesays.com\/fi\/117230\/","title":{"rendered":"Britannian tiedustelupalvelun uusi johtaja: Ven\u00e4j\u00e4n uhka jatkuu | Uutissuomalainen"},"content":{"rendered":"<p>Britannian ulkomaan tiedustelupalvelu MI6:n uusi johtaja Blaise Metreweli varoittaa laajentumista tavoittelevan Ven\u00e4j\u00e4n jatkuvasta uhkasta. <\/p>\n<p>Kes\u00e4kuussa teht\u00e4v\u00e4\u00e4ns\u00e4 nimitetty Metreweli kehotti maanantaina ensimm\u00e4isess\u00e4 julkisessa <a href=\"https:\/\/www.gov.uk\/government\/speeches\/speech-by-blaise-metreweli-chief-of-sis-15-december-2025\" rel=\"nofollow noopener\" target=\"_blank\">puheessaan<\/a> MI6:n johtajana varautumaan Ven\u00e4j\u00e4n aiheuttamaan kaaokseen ja sen jatkumiseen, kunnes maan presidentti Vladimir Putin pakotetaan muuttamaan toimintaansa.<\/p>\n<p>Metreweli puhui my\u00f6s globaalien uhkien yh\u00e4 monimutkaisemmasta luonteesta kyberh\u00e4iri\u00f6iden, hybridisodank\u00e4ynnin, terrorismin ja tiedon manipuloinnin aikakaudella.<\/p>\n<p>Metreweli on ensimm\u00e4inen MI6:n johtoon nimitetty nainen. MI6:n johtaja on tiedustelupalvelun ainoa julkisesti nimetty j\u00e4sen. Johtaja raportoi suoraan Britannian ulkoministerille.<\/p>\n","protected":false},"excerpt":{"rendered":"Britannian ulkomaan tiedustelupalvelu MI6:n uusi johtaja Blaise Metreweli varoittaa laajentumista tavoittelevan Ven\u00e4j\u00e4n jatkuvasta uhkasta. Kes\u00e4kuussa teht\u00e4v\u00e4\u00e4ns\u00e4 nimitetty Metreweli&hellip;\n","protected":false},"author":2,"featured_media":117231,"comment_status":"","ping_status":"","sticky":false,"template":"","format":"standard","meta":{"footnotes":""},"categories":[14],"tags":[22,23,26,27,33,31,30,17,24,25,28,29,15,18,21,142,637,144,32,19,20,546,56,4385,16,4645,2257,59,60,61],"class_list":{"0":"post-117230","1":"post","2":"type-post","3":"status-publish","4":"format-standard","5":"has-post-thumbnail","7":"category-ulkomaat","8":"tag-breaking-news","9":"tag-breakingnews","10":"tag-featured-news","11":"tag-featurednews","12":"tag-fi","13":"tag-finland","14":"tag-finnish","15":"tag-headlines","16":"tag-latest-news","17":"tag-latestnews","18":"tag-main-news","19":"tag-mainnews","20":"tag-news","21":"tag-otsikot","22":"tag-paauutiset","23":"tag-poliitikot","24":"tag-politiikka","25":"tag-presidentti","26":"tag-suomi","27":"tag-top-stories","28":"tag-topstories","29":"tag-turvallisuus","30":"tag-ulkomaat","31":"tag-ulkopolitiikka-ja-kansainvalinen-politiikka","32":"tag-uutiset","33":"tag-viranomaiset","34":"tag-vladimir-putin","35":"tag-world","36":"tag-world-news","37":"tag-worldnews"},"share_on_mastodon":{"url":"https:\/\/pubeurope.com\/@fi\/115725175837364667","error":""},"_links":{"self":[{"href":"https:\/\/www.europesays.com\/fi\/wp-json\/wp\/v2\/posts\/117230","targetHints":{"allow":["GET"]}}],"collection":[{"href":"https:\/\/www.europesays.com\/fi\/wp-json\/wp\/v2\/posts"}],"about":[{"href":"https:\/\/www.europesays.com\/fi\/wp-json\/wp\/v2\/types\/post"}],"author":[{"embeddable":true,"href":"https:\/\/www.europesays.com\/fi\/wp-json\/wp\/v2\/users\/2"}],"replies":[{"embeddable":true,"href":"https:\/\/www.europesays.com\/fi\/wp-json\/wp\/v2\/comments?post=117230"}],"version-history":[{"count":0,"href":"https:\/\/www.europesays.com\/fi\/wp-json\/wp\/v2\/posts\/117230\/revisions"}],"wp:featuredmedia":[{"embeddable":true,"href":"https:\/\/www.europesays.com\/fi\/wp-json\/wp\/v2\/media\/117231"}],"wp:attachment":[{"href":"https:\/\/www.europesays.com\/fi\/wp-json\/wp\/v2\/media?parent=117230"}],"wp:term":[{"taxonomy":"category","embeddable":true,"href":"https:\/\/www.europesays.com\/fi\/wp-json\/wp\/v2\/categories?post=117230"},{"taxonomy":"post_tag","embeddable":true,"href":"https:\/\/www.europesays.com\/fi\/wp-json\/wp\/v2\/tags?post=117230"}],"curies":[{"name":"wp","href":"https:\/\/api.w.org\/{rel}","templated":true}]}}