{"id":117238,"date":"2025-12-15T19:32:08","date_gmt":"2025-12-15T19:32:08","guid":{"rendered":"https:\/\/www.europesays.com\/fi\/117238\/"},"modified":"2025-12-15T19:32:08","modified_gmt":"2025-12-15T19:32:08","slug":"vakavaa-tautia-sipoossa-kymmenia-altistunut","status":"publish","type":"post","link":"https:\/\/www.europesays.com\/fi\/117238\/","title":{"rendered":"Vakavaa tautia Sipoossa \u2013 Kymmeni\u00e4 altistunut"},"content":{"rendered":"<p>Altistuneita on It\u00e4-Uudenmaan hyvinvointialueen alueella kymmeni\u00e4.<\/p>\n<p><img decoding=\"async\" class=\"image image-show image-preview\" src=\"https:\/\/www.europesays.com\/fi\/wp-content\/uploads\/2025\/12\/2de52fa47ab23d8da1aa73e01a73563ec6e61d1aedc0c2b82785c1882d24909f.jpg\" alt=\"\"\/><img decoding=\"async\" class=\"image image-show\" src=\"https:\/\/www.europesays.com\/fi\/wp-content\/uploads\/2025\/12\/1765827128_669_2de52fa47ab23d8da1aa73e01a73563ec6e61d1aedc0c2b82785c1882d24909f.jpg\" alt=\"\"\/><\/p>\n<p>Tuberkuloosin voi huomata keuhkor\u00f6ntgenkuvassa havaittavasta varjostumasta.  Mostphotos<\/p>\n<p class=\"paragraph\">Sipoossa asuvalla aikuisella on varmistettu tuberkuloositartunta, kertoo It\u00e4-Uudenmaan hyvinvointialue tiedotteessaan.<\/p>\n<p class=\"paragraph\">Tiedotteen mukaan tartunta ei aiheuta laajaa altistumisvaaraa. Altistuneita on hyvinvointialueen alueella kuitenkin kymmeni\u00e4.<\/p>\n<p class=\"paragraph\">\u2013 Kaikkiin altistuneisiin ollaan yhteydess\u00e4 l\u00e4hiviikkojen aikana. Altistuneet ohjataan jatkotutkimuksiin, tiedotteessa kerrotaan.<\/p>\n<p class=\"paragraph\">Tuberkuloosi on bakteerin aiheuttama tartuntatauti, jonka tartuntavaara satunnaisissa kontakteissa on hyvin pieni. Suurin riski saada tartunta on sairastuneen kanssa yhdess\u00e4 asuvilla perheenj\u00e4senill\u00e4.<\/p>\n<p class=\"paragraph\">It\u00e4-Uudenmaan hyvinvointialueen tartuntataudeista vastaava l\u00e4\u00e4k\u00e4ri <strong>Jeff Westerlund<\/strong> kertoo, ett\u00e4 tuberkuloosi tarttuu ilmateitse sairastuneen henkil\u00f6n yskiess\u00e4, aivastaessa tai puhuessa.<\/p>\n<p class=\"paragraph\">\u2013 Tauti ei tartu k\u00e4sien tai pintojen v\u00e4lityksell\u00e4, Westerlund toteaa tiedotteessa.<\/p>\n<p class=\"paragraph\">\u2013 Kun tuberkuloosille altistuu, on hengitt\u00e4nyt sis\u00e4\u00e4n tuberkuloosibakteereja. Tartunnan saaneen elimist\u00f6 joko tappaa bakteerit, ne j\u00e4\u00e4v\u00e4t uinumaan tai bakteerit alkavat lis\u00e4\u00e4nty\u00e4 keuhkoissa. Tuberkuloosille altistunut ei voi tartuttaa tautia eteenp\u00e4in, ellei h\u00e4nelle itselleen kehity keuhkotuberkuloosia, Westerlund jatkaa.<\/p>\n<p class=\"paragraph\">Tuberkuloosia voidaan ep\u00e4ill\u00e4 erityisesti, jos henkil\u00f6 on sairastanut tuberkuloosin tai altistunut aiemmin, jos h\u00e4n on yli 75-vuotias tai oleskellut pitk\u00e4\u00e4n maassa, jossa tuberkuloosia esiintyy paljon.<\/p>\n<p class=\"paragraph\">Suomessa lapsia ei p\u00e4\u00e4s\u00e4\u00e4nt\u00f6isesti en\u00e4\u00e4 rokoteta tuberkuloosia vastaan, koska taudin ilmaantuvuus on v\u00e4h\u00e4ist\u00e4. Rokotus annetaan vain riskiryhm\u00e4\u00e4n kuuluville lapsille ja se suojaa vain taudin vakavia muotoja vastaan.<\/p>\n","protected":false},"excerpt":{"rendered":"Altistuneita on It\u00e4-Uudenmaan hyvinvointialueen alueella kymmeni\u00e4. Tuberkuloosin voi huomata keuhkor\u00f6ntgenkuvassa havaittavasta varjostumasta. Mostphotos Sipoossa asuvalla aikuisella on varmistettu&hellip;\n","protected":false},"author":2,"featured_media":117239,"comment_status":"","ping_status":"","sticky":false,"template":"","format":"standard","meta":{"footnotes":""},"categories":[165],"tags":[35,33,31,30,166,766,764,32,767,765,167,769],"class_list":{"0":"post-117238","1":"post","2":"type-post","3":"status-publish","4":"format-standard","5":"has-post-thumbnail","7":"category-terveys","8":"tag-24h","9":"tag-fi","10":"tag-finland","11":"tag-finnish","12":"tag-health","13":"tag-koronavirus","14":"tag-sairaudet","15":"tag-suomi","16":"tag-tartuntataudit","17":"tag-taudit-ja-hairiot","18":"tag-terveys","19":"tag-virussairaudet"},"share_on_mastodon":{"url":"https:\/\/pubeurope.com\/@fi\/115725254698698091","error":""},"_links":{"self":[{"href":"https:\/\/www.europesays.com\/fi\/wp-json\/wp\/v2\/posts\/117238","targetHints":{"allow":["GET"]}}],"collection":[{"href":"https:\/\/www.europesays.com\/fi\/wp-json\/wp\/v2\/posts"}],"about":[{"href":"https:\/\/www.europesays.com\/fi\/wp-json\/wp\/v2\/types\/post"}],"author":[{"embeddable":true,"href":"https:\/\/www.europesays.com\/fi\/wp-json\/wp\/v2\/users\/2"}],"replies":[{"embeddable":true,"href":"https:\/\/www.europesays.com\/fi\/wp-json\/wp\/v2\/comments?post=117238"}],"version-history":[{"count":0,"href":"https:\/\/www.europesays.com\/fi\/wp-json\/wp\/v2\/posts\/117238\/revisions"}],"wp:featuredmedia":[{"embeddable":true,"href":"https:\/\/www.europesays.com\/fi\/wp-json\/wp\/v2\/media\/117239"}],"wp:attachment":[{"href":"https:\/\/www.europesays.com\/fi\/wp-json\/wp\/v2\/media?parent=117238"}],"wp:term":[{"taxonomy":"category","embeddable":true,"href":"https:\/\/www.europesays.com\/fi\/wp-json\/wp\/v2\/categories?post=117238"},{"taxonomy":"post_tag","embeddable":true,"href":"https:\/\/www.europesays.com\/fi\/wp-json\/wp\/v2\/tags?post=117238"}],"curies":[{"name":"wp","href":"https:\/\/api.w.org\/{rel}","templated":true}]}}