{"id":117254,"date":"2025-12-15T19:51:09","date_gmt":"2025-12-15T19:51:09","guid":{"rendered":"https:\/\/www.europesays.com\/fi\/117254\/"},"modified":"2025-12-15T19:51:09","modified_gmt":"2025-12-15T19:51:09","slug":"jyvaskylan-normaalikoulun-oppilaat-ovat-tyytyvaisia-koulun-kannykkasaantoihin-totaalikielto-ei-toimisi-keski-suomi","status":"publish","type":"post","link":"https:\/\/www.europesays.com\/fi\/117254\/","title":{"rendered":"Jyv\u00e4skyl\u00e4n normaalikoulun oppilaat ovat tyytyv\u00e4isi\u00e4 koulun k\u00e4nnykk\u00e4s\u00e4\u00e4nt\u00f6ihin \u2013\u2009totaalikielto ei toimisi | Keski-Suomi"},"content":{"rendered":"<p>Normaalikoulun k\u00e4nnyk\u00e4n k\u00e4ytt\u00f6\u00e4 koskevat s\u00e4\u00e4nn\u00f6t ovat l\u00f6yhemm\u00e4t kuin kaupungin kouluissa.<\/p>\n<p>Jyv\u00e4skyl\u00e4n normaalikoulun yhdeks\u00e4sluokkalaiset <strong>Oona Viinikainen<\/strong> ja <strong>Lumi Juuti<\/strong> ovat tyytyv\u00e4isi\u00e4 koulunsa k\u00e4nnykk\u00e4s\u00e4\u00e4nt\u00f6ihin. Koulun johtokunta p\u00e4\u00e4tti kokouksessaan, ett\u00e4 toisin kuin kaupungin kouluissa, normaalikoulun yl\u00e4koululaiset saavat jatkossakin k\u00e4ytt\u00e4\u00e4 k\u00e4nnykk\u00e4\u00e4 v\u00e4litunneilla. Oppituntien aikana ja ruokailuissa puhelinten k\u00e4ytt\u00f6 on kielletty.<\/p>\n<p>\u2013\u2009Mielest\u00e4ni on tosi hyv\u00e4 ja perusteltu ratkaisu, ett\u00e4 muuten kuin v\u00e4litunneilla ei saa k\u00e4ytt\u00e4\u00e4 k\u00e4nnyk\u00f6it\u00e4, Viinikainen toteaa.<\/p>\n<p>Viinikainen on normaalikoulun yl\u00e4koulun oppilaskunnan hallituksen puheenjohtaja ja my\u00f6s Juuti on hallituksessa. Kaksikko oli mukana kokouksessa, jossa k\u00e4nnyk\u00f6iden k\u00e4ytt\u00f6s\u00e4\u00e4nn\u00f6ist\u00e4 p\u00e4\u00e4tettiin.<\/p>\n<p>\u2013\u2009Oppilaita kuunneltiin mielest\u00e4ni yll\u00e4tt\u00e4v\u00e4n paljon. Saimme kokouksessa paljon puheenvuoroja, ja tosi moni opettaja oli kanssamme samaa mielt\u00e4, Juuti kertoo.<\/p>\n","protected":false},"excerpt":{"rendered":"Normaalikoulun k\u00e4nnyk\u00e4n k\u00e4ytt\u00f6\u00e4 koskevat s\u00e4\u00e4nn\u00f6t ovat l\u00f6yhemm\u00e4t kuin kaupungin kouluissa. Jyv\u00e4skyl\u00e4n normaalikoulun yhdeks\u00e4sluokkalaiset Oona Viinikainen ja Lumi Juuti&hellip;\n","protected":false},"author":2,"featured_media":117255,"comment_status":"","ping_status":"","sticky":false,"template":"","format":"standard","meta":{"footnotes":""},"categories":[85],"tags":[33,31,30,425,615,96,757,100,631,419,418,632,32,91,92],"class_list":{"0":"post-117254","1":"post","2":"type-post","3":"status-publish","4":"format-standard","5":"has-post-thumbnail","7":"category-mobiili","8":"tag-fi","9":"tag-finland","10":"tag-finnish","11":"tag-jyvaskyla","12":"tag-koulut","13":"tag-koulutus","14":"tag-koulutus-ja-kasvatus","15":"tag-lapset-ja-nuoret","16":"tag-matkapuhelimet-ja-mobiililaitteet","17":"tag-mobiili","18":"tag-mobile","19":"tag-puhelin","20":"tag-suomi","21":"tag-technology","22":"tag-teknologia"},"share_on_mastodon":{"url":"https:\/\/pubeurope.com\/@fi\/115725329017174004","error":""},"_links":{"self":[{"href":"https:\/\/www.europesays.com\/fi\/wp-json\/wp\/v2\/posts\/117254","targetHints":{"allow":["GET"]}}],"collection":[{"href":"https:\/\/www.europesays.com\/fi\/wp-json\/wp\/v2\/posts"}],"about":[{"href":"https:\/\/www.europesays.com\/fi\/wp-json\/wp\/v2\/types\/post"}],"author":[{"embeddable":true,"href":"https:\/\/www.europesays.com\/fi\/wp-json\/wp\/v2\/users\/2"}],"replies":[{"embeddable":true,"href":"https:\/\/www.europesays.com\/fi\/wp-json\/wp\/v2\/comments?post=117254"}],"version-history":[{"count":0,"href":"https:\/\/www.europesays.com\/fi\/wp-json\/wp\/v2\/posts\/117254\/revisions"}],"wp:featuredmedia":[{"embeddable":true,"href":"https:\/\/www.europesays.com\/fi\/wp-json\/wp\/v2\/media\/117255"}],"wp:attachment":[{"href":"https:\/\/www.europesays.com\/fi\/wp-json\/wp\/v2\/media?parent=117254"}],"wp:term":[{"taxonomy":"category","embeddable":true,"href":"https:\/\/www.europesays.com\/fi\/wp-json\/wp\/v2\/categories?post=117254"},{"taxonomy":"post_tag","embeddable":true,"href":"https:\/\/www.europesays.com\/fi\/wp-json\/wp\/v2\/tags?post=117254"}],"curies":[{"name":"wp","href":"https:\/\/api.w.org\/{rel}","templated":true}]}}