{"id":117258,"date":"2025-12-15T19:59:10","date_gmt":"2025-12-15T19:59:10","guid":{"rendered":"https:\/\/www.europesays.com\/fi\/117258\/"},"modified":"2025-12-15T19:59:10","modified_gmt":"2025-12-15T19:59:10","slug":"ruotsalaishyokkaaja-ei-osallistunut-palaveriin-paavalmentaja-reagoi-valittomasti","status":"publish","type":"post","link":"https:\/\/www.europesays.com\/fi\/117258\/","title":{"rendered":"Ruotsalaishy\u00f6kk\u00e4\u00e4j\u00e4 ei osallistunut palaveriin \u2013 P\u00e4\u00e4valmentaja reagoi v\u00e4litt\u00f6m\u00e4sti"},"content":{"rendered":"<p>Mika Zibanejad ei pelaa tiistain vastaisena y\u00f6n\u00e4.<\/p>\n<p><img decoding=\"async\" class=\"image image-show image-preview\" src=\"https:\/\/www.europesays.com\/fi\/wp-content\/uploads\/2025\/12\/02747618c40e6b2c0f854f5cf678bc1cf25b8d005e73c8b0c564619fed2d93b7.jpg\" alt=\"\"\/><img decoding=\"async\" class=\"image image-show\" src=\"https:\/\/www.europesays.com\/fi\/wp-content\/uploads\/2025\/12\/1765828750_461_02747618c40e6b2c0f854f5cf678bc1cf25b8d005e73c8b0c564619fed2d93b7.jpg\" alt=\"\"\/><\/p>\n<p>Mika Zibanejad joutuu miettim\u00e4\u00e4n temppuaan. AOP<\/p>\n<p class=\"paragraph\">New York Rangersin ykk\u00f6ssentteri <strong>Mika Zibanejad<\/strong> on kurinpidollisista syist\u00e4 sivussa joukkueensa kokoonpanosta tiistain vastaisena y\u00f6n\u00e4 Suomen aikaa.<\/p>\n<p class=\"paragraph\">Seuran p\u00e4\u00e4valmentaja <strong>Mike Sullivan<\/strong> kertoi toimittajajoukolle, ett\u00e4 ruotsalaishy\u00f6kk\u00e4\u00e4j\u00e4 ei osallistunut Rangersin palaveriin, mink\u00e4 takia t\u00e4m\u00e4 huilaa seuraavan ottelun.<\/p>\n<p class=\"paragraph\">Asiasta kertoi Rangersia tarkasti seuraava toimittaja <strong>Vince Z. Mercogliano<\/strong>.<\/p>\n<p class=\"paragraph\">\u2013 H\u00e4nest\u00e4 tuntuu kamalalta. H\u00e4n on rehellinen persoona. H\u00e4n on hieno ihminen, ja h\u00e4n kantaa vastuun teostaan, Sullivan <a href=\"https:\/\/x.com\/vzmercogliano\/status\/2000615104799494389?s=20\" rel=\"noopener nofollow\">kertoi<\/a> toimittajalle.<\/p>\n<p class=\"paragraph\">Zibanejadin tehot j\u00e4iv\u00e4t alkukaudella piippuun, mutta h\u00e4n on petrannut kauden edetess\u00e4.<\/p>\n<p class=\"paragraph\">Ruotsalainen on joukkueensa kolmanneksi paras pistemies. H\u00e4n on nakuttanut 26 tehopistett\u00e4 33 ottelussa. H\u00e4nt\u00e4 enemm\u00e4n on tehneet ven\u00e4l\u00e4ist\u00e4hti <strong>Artemi Panarin<\/strong> ja tehopuolustaja <strong>Adam Fox<\/strong>.<\/p>\n<p class=\"paragraph\">Rangers on kahden pisteen p\u00e4\u00e4ss\u00e4 pudotuspeliviivasta, joten avainpelaajien l\u00e4sn\u00e4olo olisi joukkueelle t\u00e4rke\u00e4\u00e4.<\/p>\n","protected":false},"excerpt":{"rendered":"Mika Zibanejad ei pelaa tiistain vastaisena y\u00f6n\u00e4. Mika Zibanejad joutuu miettim\u00e4\u00e4n temppuaan. AOP New York Rangersin ykk\u00f6ssentteri Mika&hellip;\n","protected":false},"author":2,"featured_media":117259,"comment_status":"","ping_status":"","sticky":false,"template":"","format":"standard","meta":{"footnotes":""},"categories":[158],"tags":[35,1274,33,31,30,1143,41,1146,159,32,1145,160],"class_list":{"0":"post-117258","1":"post","2":"type-post","3":"status-publish","4":"format-standard","5":"has-post-thumbnail","7":"category-urheilu","8":"tag-24h","9":"tag-ammattiurheilu","10":"tag-fi","11":"tag-finland","12":"tag-finnish","13":"tag-jaakiekko","14":"tag-liikunta-ja-urheilu","15":"tag-miesten-jaakiekko","16":"tag-sports","17":"tag-suomi","18":"tag-talviurheilu","19":"tag-urheilu"},"share_on_mastodon":{"url":"https:\/\/pubeurope.com\/@fi\/115725361236064111","error":""},"_links":{"self":[{"href":"https:\/\/www.europesays.com\/fi\/wp-json\/wp\/v2\/posts\/117258","targetHints":{"allow":["GET"]}}],"collection":[{"href":"https:\/\/www.europesays.com\/fi\/wp-json\/wp\/v2\/posts"}],"about":[{"href":"https:\/\/www.europesays.com\/fi\/wp-json\/wp\/v2\/types\/post"}],"author":[{"embeddable":true,"href":"https:\/\/www.europesays.com\/fi\/wp-json\/wp\/v2\/users\/2"}],"replies":[{"embeddable":true,"href":"https:\/\/www.europesays.com\/fi\/wp-json\/wp\/v2\/comments?post=117258"}],"version-history":[{"count":0,"href":"https:\/\/www.europesays.com\/fi\/wp-json\/wp\/v2\/posts\/117258\/revisions"}],"wp:featuredmedia":[{"embeddable":true,"href":"https:\/\/www.europesays.com\/fi\/wp-json\/wp\/v2\/media\/117259"}],"wp:attachment":[{"href":"https:\/\/www.europesays.com\/fi\/wp-json\/wp\/v2\/media?parent=117258"}],"wp:term":[{"taxonomy":"category","embeddable":true,"href":"https:\/\/www.europesays.com\/fi\/wp-json\/wp\/v2\/categories?post=117258"},{"taxonomy":"post_tag","embeddable":true,"href":"https:\/\/www.europesays.com\/fi\/wp-json\/wp\/v2\/tags?post=117258"}],"curies":[{"name":"wp","href":"https:\/\/api.w.org\/{rel}","templated":true}]}}