{"id":117279,"date":"2025-12-15T20:27:09","date_gmt":"2025-12-15T20:27:09","guid":{"rendered":"https:\/\/www.europesays.com\/fi\/117279\/"},"modified":"2025-12-15T20:27:09","modified_gmt":"2025-12-15T20:27:09","slug":"solisti-jattaa-suomalaisen-huippuyhtyeen-olemme-surullisia-hanen-lahdostaan","status":"publish","type":"post","link":"https:\/\/www.europesays.com\/fi\/117279\/","title":{"rendered":"Solisti j\u00e4tt\u00e4\u00e4 suomalaisen huippuyhtyeen: \u201dOlemme surullisia h\u00e4nen l\u00e4hd\u00f6st\u00e4\u00e4n\u201d"},"content":{"rendered":"<p>Noora Louhimo j\u00e4tt\u00e4\u00e4 Battle Beastin. <\/p>\n<p><img decoding=\"async\" class=\"image image-show image-preview\" src=\"https:\/\/www.europesays.com\/fi\/wp-content\/uploads\/2025\/12\/33fe7b30e50a39ca128317e629d40fea83946822cb7f78e79d134a2842d725e8.jpg\" alt=\"\"\/><img decoding=\"async\" class=\"image image-show\" src=\"https:\/\/www.europesays.com\/fi\/wp-content\/uploads\/2025\/12\/1765830429_312_33fe7b30e50a39ca128317e629d40fea83946822cb7f78e79d134a2842d725e8.jpg\" alt=\"\"\/><\/p>\n<p>Battle Beast keikalla M\u00fcncheniss\u00e4 viime lokakuussa.  AOP<\/p>\n<p class=\"paragraph\">Battle Beastin solisti <a href=\"https:\/\/www.iltalehti.fi\/henkilot\/Noora Louhimo\" class=\"article-link-person-page\" rel=\"nofollow noopener\" target=\"_blank\">Noora Louhimo<\/a> j\u00e4tt\u00e4\u00e4 yhtyeen. Louhimo oli yhtyeess\u00e4 13 vuotta.<\/p>\n<p class=\"paragraph\">Tiedotteen mukaan Louhimo haluaa keskitty\u00e4 soolouraansa.<\/p>\n<p class=\"paragraph\">\u2013 13 vuoden ajan sain kasvaa, oppia, kehitty\u00e4 ja tutkia Battle Beastin kanssa sit\u00e4, kuka olen muusikkona ja ihmisen\u00e4. Nyt syd\u00e4meni kaipaa lis\u00e4\u00e4 seikkailuja ja lent\u00e4mist\u00e4 omilla siivill\u00e4ni kohti unelmiani, joita voin tavoitella vain, jos annan niille t\u00e4yden huomioni, Louhimo sanoo yhtyeen Facebook-sivuilla.<\/p>\n<p class=\"paragraph\">\u2013 Vaikka olemme surullisia h\u00e4nen l\u00e4hd\u00f6st\u00e4\u00e4n, tuemme t\u00e4ysin h\u00e4nen p\u00e4\u00e4t\u00f6st\u00e4\u00e4n tavoitella uusia luovia polkuja, jotain mit\u00e4 h\u00e4n ei ole pystynyt tutkimaan t\u00e4ydest\u00e4 syd\u00e4mest\u00e4\u00e4n Battle Beastin vaativan aikataulun vuoksi, yhtyeen muut<a href=\"https:\/\/www.facebook.com\/reel\/897812922924038\" rel=\"noopener nofollow\" target=\"_blank\"> j\u00e4senet kirjoittavat.<\/a><\/p>\n<p class=\"paragraph\">Yhtye julkistaa uuden solistinsa huomenna.<\/p>\n<p class=\"paragraph\">Ulkomaillakin suosittu Battle Beast on ehdolla Emma-gaalassa Vuoden metallialbumi -kategoriassa.<\/p>\n","protected":false},"excerpt":{"rendered":"Noora Louhimo j\u00e4tt\u00e4\u00e4 Battle Beastin. Battle Beast keikalla M\u00fcncheniss\u00e4 viime lokakuussa. AOP Battle Beastin solisti Noora Louhimo j\u00e4tt\u00e4\u00e4&hellip;\n","protected":false},"author":2,"featured_media":117280,"comment_status":"","ping_status":"","sticky":false,"template":"","format":"standard","meta":{"footnotes":""},"categories":[130],"tags":[35,138,137,33,31,30,763,47,32,397,484,487,109],"class_list":{"0":"post-117279","1":"post","2":"type-post","3":"status-publish","4":"format-standard","5":"has-post-thumbnail","7":"category-viihde","8":"tag-24h","9":"tag-audio","10":"tag-entertainment","11":"tag-fi","12":"tag-finland","13":"tag-finnish","14":"tag-kulttuuri-ja-viihde","15":"tag-musiikki","16":"tag-suomi","17":"tag-taide","18":"tag-taiteellinen-ilmaisu-ja-mediat","19":"tag-teknologia-yleista","20":"tag-viihde"},"share_on_mastodon":{"url":"https:\/\/pubeurope.com\/@fi\/115725470641380532","error":""},"_links":{"self":[{"href":"https:\/\/www.europesays.com\/fi\/wp-json\/wp\/v2\/posts\/117279","targetHints":{"allow":["GET"]}}],"collection":[{"href":"https:\/\/www.europesays.com\/fi\/wp-json\/wp\/v2\/posts"}],"about":[{"href":"https:\/\/www.europesays.com\/fi\/wp-json\/wp\/v2\/types\/post"}],"author":[{"embeddable":true,"href":"https:\/\/www.europesays.com\/fi\/wp-json\/wp\/v2\/users\/2"}],"replies":[{"embeddable":true,"href":"https:\/\/www.europesays.com\/fi\/wp-json\/wp\/v2\/comments?post=117279"}],"version-history":[{"count":0,"href":"https:\/\/www.europesays.com\/fi\/wp-json\/wp\/v2\/posts\/117279\/revisions"}],"wp:featuredmedia":[{"embeddable":true,"href":"https:\/\/www.europesays.com\/fi\/wp-json\/wp\/v2\/media\/117280"}],"wp:attachment":[{"href":"https:\/\/www.europesays.com\/fi\/wp-json\/wp\/v2\/media?parent=117279"}],"wp:term":[{"taxonomy":"category","embeddable":true,"href":"https:\/\/www.europesays.com\/fi\/wp-json\/wp\/v2\/categories?post=117279"},{"taxonomy":"post_tag","embeddable":true,"href":"https:\/\/www.europesays.com\/fi\/wp-json\/wp\/v2\/tags?post=117279"}],"curies":[{"name":"wp","href":"https:\/\/api.w.org\/{rel}","templated":true}]}}