{"id":117281,"date":"2025-12-15T20:30:13","date_gmt":"2025-12-15T20:30:13","guid":{"rendered":"https:\/\/www.europesays.com\/fi\/117281\/"},"modified":"2025-12-15T20:30:13","modified_gmt":"2025-12-15T20:30:13","slug":"no-selvasti-on-tullut-kesa-nyt-talven-keskelle","status":"publish","type":"post","link":"https:\/\/www.europesays.com\/fi\/117281\/","title":{"rendered":"no selv\u00e4sti on tullut kes\u00e4 nyt talven keskelle"},"content":{"rendered":"<p class=\"single__excerpt\">Harvemmin sit\u00e4 n\u00e4kee kahta loistoristeilij\u00e4\u00e4 parkkeerattuna Helsinkiin keskell\u00e4 pimeint\u00e4 talvea. <\/p>\n<p>Elet\u00e4\u00e4n vuoden pimeimpi\u00e4 p\u00e4ivi\u00e4. Helsingiss\u00e4kin p\u00e4iv\u00e4n pituus on alle kuusi tuntia, ja viikonlopun talvinen aavistus on j\u00e4lleen vaihtunut l\u00e4hes kaiken valon imev\u00e4\u00e4n sumuiseen vesisateeseen. Ja on muuten my\u00f6h\u00e4inen ilta. <\/p>\n<p><img decoding=\"async\" src=\"https:\/\/www.europesays.com\/fi\/wp-content\/uploads\/2025\/12\/laivat_AidaPrima_Borealis_Helsinki_joulukuu_2025_2-BH-1328x747.jpeg\" alt=\"\" class=\"wp-image-200244\"\/>Borealis saapui Hernesaaren LHC-laituriin hieman ennen kymment\u00e4 maanantai-iltana. AidaPrima odotti sit\u00e4 LHD-laiturissa. Yht\u00e4 aikaa laivat ehtiv\u00e4t olla Helsingiss\u00e4 noin viiden tunnin ajan maanantain ja tiistain v\u00e4lisen\u00e4 y\u00f6n\u00e4. <\/p>\n<p>Vaan urheita risteilyvieraita olosuhteet eiv\u00e4t tunnu haittaavan. Per\u00e4ti kaksi tukevan kokoista risteilyalusta on kiinnittyneen\u00e4 Hernesaaren risteilylaituriin, ja niiden yhteenlaskettu matkustajakapasiteetti on 4 700 henke\u00e4. <\/p>\n<p>Normaalisti t\u00e4llaista tapahtuu vain kes\u00e4sesonkina, silloinkin ainoastaan vilkkaimpina p\u00e4ivin\u00e4. <\/p>\n<p class=\"ad-spot__text ad-spot__text--before-content\">Mainos (teksti jatkuu alla)<\/p>\n<p class=\"ad-spot__text ad-spot__text--after-content\">Mainos p\u00e4\u00e4ttyy<\/p>\n<p>Nykyinen lippulaiva<\/p>\n<p>Saksalaisen Aida Cruisesin innovatiivinen lippulaiva AidaPrima vaihtoi L\u00e4hi-id\u00e4n levottomuudet Pohjolan kaamokseen, kuten Moottori jo aiemmin kertoi. Aluksen kuluvalle talvikaudelle aiottu L\u00e4hi-id\u00e4n risteilyohjelmisto peruttiin turvallisuussyist\u00e4, ja tilalle otettiin t\u00e4m\u00e4n luokan alukselle sangen ep\u00e4tavallinen talviohjelmisto, johon kuuluu risteilyj\u00e4 It\u00e4merell\u00e4, Norjan vesill\u00e4 sek\u00e4 pist\u00e4ytymisi\u00e4 Kanariansaarilla. T\u00e4nne pohjoiselle It\u00e4merelle AidaPrima on tehnyt nyt kolme jouluteemaista risteily\u00e4, yhden ollessa viel\u00e4 edess\u00e4. <\/p>\n<p><img decoding=\"async\" src=\"https:\/\/www.europesays.com\/fi\/wp-content\/uploads\/2025\/12\/laivat_AidaPrima_Helsinki_joulukuu_2025-BH-1328x747.jpeg\" alt=\"\" class=\"wp-image-200243\"\/><\/p>\n<p>Saksan Kielist\u00e4 l\u00e4hteneell\u00e4 &#8221;suurella joulunajan It\u00e4meren-risteilyll\u00e4\u00e4n&#8221; AidaPrima vierailee Helsingiss\u00e4 maanantaina 15. joulukuuta, ja l\u00e4htee kohti Tukholmaa kolmelta y\u00f6ll\u00e4. <\/p>\n<p>Sama risteily toistetaan viel\u00e4 ensi viikolla niin, ett\u00e4 alus vierailee Helsingiss\u00e4 22. joulukuuta, suunnaten kohti Tukholmaa jouluaaton aaton y\u00f6n\u00e4. Jouluaattona alus vierailee Tukholmassa, ja jouluy\u00f6n sek\u00e4 joulup\u00e4iv\u00e4n risteilyvieraat viett\u00e4v\u00e4t merell\u00e4. <\/p>\n<p><img decoding=\"async\" src=\"https:\/\/www.europesays.com\/fi\/wp-content\/uploads\/2025\/12\/laivat_AidaPrima_Borealis_Helsinki_joulukuu_2025_3-BH-1328x747.jpeg\" alt=\"\" class=\"wp-image-200241\"\/><\/p>\n<p>Entinen lippulaiva<\/p>\n<p>Brittil\u00e4is-norjalaisen Fred. Olsen Cruise Linesin Borealis saapui puolestaan illalla 15. joulukuuta Helsinkiin aivan suunnitellusti. Borealis y\u00f6pyy Helsingiss\u00e4 ja l\u00e4htee kohti K\u00f6\u00f6penhaminaa tiistaina 16. joulukuuta iltap\u00e4iv\u00e4ll\u00e4 kello 16.30. <\/p>\n<p>Kyseess\u00e4 on pitk\u00e4n linjan hollantilaisvarustamo Holland America Linen entinen lippulaiva Rotterdam, jonka Fred. Olsen osti viisi vuotta sitten yhdess\u00e4 entisen Amsterdamin kanssa ja nimesi sen Borealisiksi. Rotterdamiksi nimettyj\u00e4 laivoja mahtuu Holland America Linen 152-vuotiseen historiaan yhteens\u00e4 seitsem\u00e4n kappaletta, ja muuten my\u00f6s nykyinen Rotterdam vieraili Helsingiss\u00e4 kes\u00e4kaudella 2025. Se kuuluu HAL:in Pinnacle-luokkaan ja on selv\u00e4sti t\u00e4t\u00e4 edelt\u00e4j\u00e4\u00e4ns\u00e4 suurempi.<\/p>\n<p><img decoding=\"async\" src=\"https:\/\/www.europesays.com\/fi\/wp-content\/uploads\/2025\/12\/laivat_Fred_Olsen_Cruise_Line_Borealis_Helsinki_joulukuu_2025_1-BH-1328x747.jpeg\" alt=\"\" class=\"wp-image-200242\"\/><\/p>\n<p>Luonnollisesti my\u00f6s Borealisin on pohjoisille vesille tuonut joulusesonki. Alus on t\u00e4\u00e4ll\u00e4 14 vuorokauden &#8221;Fairytale Castles &amp; Old Towns of the Baltic&#8221; -sesonkiristeilyll\u00e4, jossa satulinnoja ja vanhojakaupunkeja ihastellaan Englannin Portsmouthista k\u00e4sin (Saksan) Warnem\u00fcndessa, Riikassa, Tallinnassa, Helsingiss\u00e4 ja K\u00f6\u00f6penhaminassa. <\/p>\n<p>Portsmouthiin palattuaan Borealisin on m\u00e4\u00e4r\u00e4 suunnata Atlantille, Espanjan ja Portugalin saarille, jouluksi ja uudeksivuodeksi. <\/p>\n<p>L\u00e4hteet: Aida Cruises, Fred. Olsen Cruise Lines, Iglucruise.com, Helsingin satama<\/p>\n","protected":false},"excerpt":{"rendered":"Harvemmin sit\u00e4 n\u00e4kee kahta loistoristeilij\u00e4\u00e4 parkkeerattuna Helsinkiin keskell\u00e4 pimeint\u00e4 talvea. Elet\u00e4\u00e4n vuoden pimeimpi\u00e4 p\u00e4ivi\u00e4. Helsingiss\u00e4kin p\u00e4iv\u00e4n pituus on&hellip;\n","protected":false},"author":2,"featured_media":117282,"comment_status":"","ping_status":"","sticky":false,"template":"","format":"standard","meta":{"footnotes":""},"categories":[76],"tags":[79,77,33,31,30,32,78],"class_list":{"0":"post-117281","1":"post","2":"type-post","3":"status-publish","4":"format-standard","5":"has-post-thumbnail","7":"category-talous","8":"tag-business","9":"tag-economy","10":"tag-fi","11":"tag-finland","12":"tag-finnish","13":"tag-suomi","14":"tag-talous"},"share_on_mastodon":{"url":"https:\/\/pubeurope.com\/@fi\/115725482613706040","error":""},"_links":{"self":[{"href":"https:\/\/www.europesays.com\/fi\/wp-json\/wp\/v2\/posts\/117281","targetHints":{"allow":["GET"]}}],"collection":[{"href":"https:\/\/www.europesays.com\/fi\/wp-json\/wp\/v2\/posts"}],"about":[{"href":"https:\/\/www.europesays.com\/fi\/wp-json\/wp\/v2\/types\/post"}],"author":[{"embeddable":true,"href":"https:\/\/www.europesays.com\/fi\/wp-json\/wp\/v2\/users\/2"}],"replies":[{"embeddable":true,"href":"https:\/\/www.europesays.com\/fi\/wp-json\/wp\/v2\/comments?post=117281"}],"version-history":[{"count":0,"href":"https:\/\/www.europesays.com\/fi\/wp-json\/wp\/v2\/posts\/117281\/revisions"}],"wp:featuredmedia":[{"embeddable":true,"href":"https:\/\/www.europesays.com\/fi\/wp-json\/wp\/v2\/media\/117282"}],"wp:attachment":[{"href":"https:\/\/www.europesays.com\/fi\/wp-json\/wp\/v2\/media?parent=117281"}],"wp:term":[{"taxonomy":"category","embeddable":true,"href":"https:\/\/www.europesays.com\/fi\/wp-json\/wp\/v2\/categories?post=117281"},{"taxonomy":"post_tag","embeddable":true,"href":"https:\/\/www.europesays.com\/fi\/wp-json\/wp\/v2\/tags?post=117281"}],"curies":[{"name":"wp","href":"https:\/\/api.w.org\/{rel}","templated":true}]}}