{"id":117289,"date":"2025-12-15T20:38:08","date_gmt":"2025-12-15T20:38:08","guid":{"rendered":"https:\/\/www.europesays.com\/fi\/117289\/"},"modified":"2025-12-15T20:38:08","modified_gmt":"2025-12-15T20:38:08","slug":"oulun-elamysareena-ja-ymparisto-hankkeen-kehitysvaihe-kaynnistyy","status":"publish","type":"post","link":"https:\/\/www.europesays.com\/fi\/117289\/","title":{"rendered":"Oulun el\u00e4mysareena ja ymp\u00e4rist\u00f6 -hankkeen kehitysvaihe k\u00e4ynnistyy"},"content":{"rendered":"<p>Oulun kaupunginhallitus on 15.12. kokouksessaan hyv\u00e4ksynyt sopimuksen, joka k\u00e4ynnist\u00e4\u00e4 Oulun el\u00e4mysareena ja ymp\u00e4rist\u00f6 -hankkeen kehitysvaiheen. Sopimus on merkitt\u00e4v\u00e4 askel kohti uuden el\u00e4mysareenan toteuttamista Ouluun.<\/p>\n<p>Sopimus on solmittu Oulun kaupungin ja hankintakilpailun voittaneen yritysryhmittym\u00e4n Raksila 2.0:n v\u00e4lill\u00e4. Yritysryhmittym\u00e4\u00e4n kuuluvat yritykset ovat SRV Rakennus Oy ja Trevian Asset Management Oy. Sopimus p\u00e4\u00e4tt\u00e4\u00e4 hankintavaiheen ja m\u00e4\u00e4ritt\u00e4\u00e4 kehitysvaiheen ehdot ja periaatteet.<\/p>\n<p>Kehitysvaiheen eteneminen ja kaupungin rooli<\/p>\n<p>Kehitysvaihe alkaa sopimuksen allekirjoittamisesta ja perustuu Raksila 2.0:n tekem\u00e4\u00e4n tarjoukseen. Raksila 2.0 perustaa areenakonsortion, johon Oulun kaupunki liittyy. Konsortion teht\u00e4v\u00e4n\u00e4 on kehitt\u00e4\u00e4 el\u00e4mysareena investointikelpoiseksi.<\/p>\n<p>Kehitysvaihe\u00a0kest\u00e4\u00e4 suunnitelman mukaan vuoden 2027 loppuun asti ja sen p\u00e4\u00e4tteeksi tehd\u00e4\u00e4n erilliset p\u00e4\u00e4t\u00f6kset\u00a0hankkeen toteuttamisesta ja kaupungin taloudellisista sitoumuksista areenaan. Kaupunki sijoittaa hankkeeseen kokonaisuudessaan enint\u00e4\u00e4n 50 miljoonaa euroa\u00a0ja vuokraa lis\u00e4ksi harjoitusj\u00e4\u00e4hallin tiloja areenayhti\u00f6lt\u00e4.<\/p>\n<p>El\u00e4mysareenan\u00a0kehitt\u00e4misen\u00a0lis\u00e4ksi kehitysvaiheessa\u00a0jatketaan koko hankealueen asemakaavoitusta ja valmistellaan sen toteutusta yhteisty\u00f6ss\u00e4 Oulun kaupungin ja Raksila 2.0:n v\u00e4lill\u00e4. Sopimus sis\u00e4lt\u00e4\u00e4 my\u00f6s periaatteet optiotonttien suunnitteluvarauksista hankealueen ulkopuolella.<\/p>\n<p>Hankejohtaja<strong>\u00a0Karri Oikarinen <\/strong>iloitsee siit\u00e4, ett\u00e4 hanke etenee.<\/p>\n<p>\u2013\u00a0Nyt on otettu ensimm\u00e4inen konkreettinen askel, kun hankintavaihe on p\u00e4\u00e4ttynyt, kumppani on valittu ja kehitysvaihe alkaa. Suuri kiitos kaikille tarjouskilpailussa mukana olleille yrityksille, kaupungin asiantuntijoille ja sidosryhmille. T\u00e4st\u00e4 on hyv\u00e4 jatkaa, Oikarinen sanoo.<\/p>\n<p>Kaupunginhallituksen puheenjohtaja <strong>Jarmo J. Husso<\/strong>\u00a0(Kok.) sanoo p\u00e4\u00e4t\u00f6ksen olevan kuin iso paketti kuusen alla.<\/p>\n<p>\u2013\u00a0Avaamista pit\u00e4\u00e4 viel\u00e4 hetki odottaa, lausuu Husso joulutunnelmissa.<\/p>\n","protected":false},"excerpt":{"rendered":"Oulun kaupunginhallitus on 15.12. kokouksessaan hyv\u00e4ksynyt sopimuksen, joka k\u00e4ynnist\u00e4\u00e4 Oulun el\u00e4mysareena ja ymp\u00e4rist\u00f6 -hankkeen kehitysvaiheen. Sopimus on merkitt\u00e4v\u00e4&hellip;\n","protected":false},"author":2,"featured_media":117290,"comment_status":"","ping_status":"","sticky":false,"template":"","format":"standard","meta":{"footnotes":""},"categories":[113],"tags":[446,33,31,30,118,32,119,447],"class_list":{"0":"post-117289","1":"post","2":"type-post","3":"status-publish","4":"format-standard","5":"has-post-thumbnail","7":"category-ymparisto","8":"tag-environment","9":"tag-fi","10":"tag-finland","11":"tag-finnish","12":"tag-science","13":"tag-suomi","14":"tag-tiede","15":"tag-ymparisto"},"share_on_mastodon":{"url":"https:\/\/pubeurope.com\/@fi\/115725513789888263","error":""},"_links":{"self":[{"href":"https:\/\/www.europesays.com\/fi\/wp-json\/wp\/v2\/posts\/117289","targetHints":{"allow":["GET"]}}],"collection":[{"href":"https:\/\/www.europesays.com\/fi\/wp-json\/wp\/v2\/posts"}],"about":[{"href":"https:\/\/www.europesays.com\/fi\/wp-json\/wp\/v2\/types\/post"}],"author":[{"embeddable":true,"href":"https:\/\/www.europesays.com\/fi\/wp-json\/wp\/v2\/users\/2"}],"replies":[{"embeddable":true,"href":"https:\/\/www.europesays.com\/fi\/wp-json\/wp\/v2\/comments?post=117289"}],"version-history":[{"count":0,"href":"https:\/\/www.europesays.com\/fi\/wp-json\/wp\/v2\/posts\/117289\/revisions"}],"wp:featuredmedia":[{"embeddable":true,"href":"https:\/\/www.europesays.com\/fi\/wp-json\/wp\/v2\/media\/117290"}],"wp:attachment":[{"href":"https:\/\/www.europesays.com\/fi\/wp-json\/wp\/v2\/media?parent=117289"}],"wp:term":[{"taxonomy":"category","embeddable":true,"href":"https:\/\/www.europesays.com\/fi\/wp-json\/wp\/v2\/categories?post=117289"},{"taxonomy":"post_tag","embeddable":true,"href":"https:\/\/www.europesays.com\/fi\/wp-json\/wp\/v2\/tags?post=117289"}],"curies":[{"name":"wp","href":"https:\/\/api.w.org\/{rel}","templated":true}]}}