{"id":117298,"date":"2025-12-15T20:52:07","date_gmt":"2025-12-15T20:52:07","guid":{"rendered":"https:\/\/www.europesays.com\/fi\/117298\/"},"modified":"2025-12-15T20:52:07","modified_gmt":"2025-12-15T20:52:07","slug":"jarmo-kekalaiselle-huippupesti-buffalon-seurapomoksi-urheilua-lyhyesti","status":"publish","type":"post","link":"https:\/\/www.europesays.com\/fi\/117298\/","title":{"rendered":"Jarmo Kek\u00e4l\u00e4iselle huippupesti Buffalon seurapomoksi | Urheilua lyhyesti"},"content":{"rendered":"<p class=\"aw-1gybjub aw-5vja16 kEtdKx kmuxyA yle__article__paragraph\">Jarmo Kek\u00e4l\u00e4inen nousee j\u00e4\u00e4kiekon NHL:ss\u00e4 pelaavan Buffalo Sabresin toimitusjohtajaksi.  <\/p>\n<p><img decoding=\"async\" alt=\"Jarmo Kek\u00e4l\u00e4inen puhuu lehdist\u00f6lle tiedotustilaisuudessa.\" src=\"https:\/\/www.europesays.com\/fi\/wp-content\/uploads\/2025\/12\/39-124136165c628e4e73b7.jpeg\" class=\"aw-1l9m598 hKVVvP\"\/><\/p>\n<p>Avaa kuvien katselu<\/p>\n<p>Jarmo Kek\u00e4l\u00e4inen on toiminut GM:n teht\u00e4viss\u00e4 aiemmin jo Columbus Blue Jacketsissa. (Kuva vuodelta 2023). Kuva: Getty Images<\/p>\n<p>21:13\u2022P\u00e4ivitetty 21:56<\/p>\n<p class=\"aw-1gybjub aw-1p7kakr kEtdKx cEmitX yle__article__paragraph\"><strong class=\"aw-ak79eh KyCXm yle__article__strong\">Jarmo Kek\u00e4l\u00e4inen<\/strong> on nimitetty j\u00e4\u00e4kiekon NHL:ss\u00e4 pelaavan Buffalo Sabresin toimitusjohtajaksi. Kek\u00e4l\u00e4inen korvaa GM:n teht\u00e4v\u00e4ss\u00e4 <strong class=\"aw-ak79eh KyCXm yle__article__strong\">Kevyn Adamsin<\/strong>, joka on vapautettu teht\u00e4v\u00e4st\u00e4\u00e4n.<\/p>\n<p class=\"aw-1gybjub aw-1p7kakr kEtdKx cEmitX yle__article__paragraph\">Kek\u00e4l\u00e4inen aloitti ty\u00f6ns\u00e4 Sabresissa jo puoli vuotta sitten. H\u00e4n on toiminut toukokuusta l\u00e4htien vanhempana neuvonantajana ja vakuuttanut t\u00e4n\u00e4 aikana osaamisellaan seurajohdon. Nyt h\u00e4n nousee seuran GM:ksi.<\/p>\n<p class=\"aw-1gybjub aw-1p7kakr kEtdKx cEmitX yle__article__paragraph\">\u2013 Kek\u00e4l\u00e4isen kokemus, ammattitaito ja asenne puhuvat puolestaan. Odotamme innolla, ett\u00e4 h\u00e4n johtaa organisaatiomme seuraavalle tasolle, Buffalo Sabresin omistaja <strong class=\"aw-ak79eh KyCXm yle__article__strong\">Terry Pegula<\/strong> kertoi <a class=\"aw-iao6s4 iHOxEa yle__article__link\" href=\"https:\/\/www.nhl.com\/sabres\/news\/buffalo-sabres-general-manager-jarmo-kekalainen-kevyn-adams\" role=\"link\" rel=\"nofollow noopener\" target=\"_blank\">tiedotteessa.<\/a><\/p>\n<p class=\"aw-1gybjub aw-1p7kakr kEtdKx cEmitX yle__article__paragraph\">Kek\u00e4l\u00e4inen kiitteli saamastaan luottamuksesta.<\/p>\n<p class=\"aw-1gybjub aw-1p7kakr kEtdKx cEmitX yle__article__paragraph\">\u2013 On suuri kunnia tulla nimitetyksi Buffalo Sabresin general manageriksi, Kek\u00e4l\u00e4inen kommentoi.<\/p>\n<p class=\"aw-1gybjub aw-1p7kakr kEtdKx cEmitX yle__article__paragraph\">Buffalo on juuttunut NHL:n h\u00e4nt\u00e4p\u00e4\u00e4h\u00e4n. Sabres on pelannut NHL:n pudotuspeleiss\u00e4 edellisen kerran kev\u00e4\u00e4ll\u00e4 2011.<\/p>\n<p class=\"aw-1gybjub aw-1p7kakr kEtdKx cEmitX yle__article__paragraph\">59-vuotias Kek\u00e4l\u00e4inen ty\u00f6skenteli vastaavassa GM:n teht\u00e4v\u00e4ss\u00e4 aiemmin jo Columbus Blue Jacketsissa. Vuonna 2013 Columbuksessa ty\u00f6ns\u00e4 aloittanut Kek\u00e4l\u00e4inen sai potkut kev\u00e4\u00e4ll\u00e4 2024.<\/p>\n<p class=\"aw-1gybjub aw-1p7kakr kEtdKx cEmitX yle__article__paragraph\">Kek\u00e4l\u00e4isest\u00e4 tuli Columbuksessa NHL:n historian ensimm\u00e4inen eurooppalainen manageri.<\/p>\n","protected":false},"excerpt":{"rendered":"Jarmo Kek\u00e4l\u00e4inen nousee j\u00e4\u00e4kiekon NHL:ss\u00e4 pelaavan Buffalo Sabresin toimitusjohtajaksi. Avaa kuvien katselu Jarmo Kek\u00e4l\u00e4inen on toiminut GM:n teht\u00e4viss\u00e4&hellip;\n","protected":false},"author":2,"featured_media":117299,"comment_status":"","ping_status":"","sticky":false,"template":"","format":"standard","meta":{"footnotes":""},"categories":[158],"tags":[2130,3026,33,31,30,1143,21359,1146,1697,2127,159,32,160],"class_list":{"0":"post-117298","1":"post","2":"type-post","3":"status-publish","4":"format-standard","5":"has-post-thumbnail","7":"category-urheilu","8":"tag-buffalo-sabres","9":"tag-columbus-blue-jackets","10":"tag-fi","11":"tag-finland","12":"tag-finnish","13":"tag-jaakiekko","14":"tag-jarmo-kekalainen","15":"tag-miesten-jaakiekko","16":"tag-nhl","17":"tag-pohjois-amerikan-jaakiekko","18":"tag-sports","19":"tag-suomi","20":"tag-urheilu"},"share_on_mastodon":{"url":"https:\/\/pubeurope.com\/@fi\/115725569018071795","error":""},"_links":{"self":[{"href":"https:\/\/www.europesays.com\/fi\/wp-json\/wp\/v2\/posts\/117298","targetHints":{"allow":["GET"]}}],"collection":[{"href":"https:\/\/www.europesays.com\/fi\/wp-json\/wp\/v2\/posts"}],"about":[{"href":"https:\/\/www.europesays.com\/fi\/wp-json\/wp\/v2\/types\/post"}],"author":[{"embeddable":true,"href":"https:\/\/www.europesays.com\/fi\/wp-json\/wp\/v2\/users\/2"}],"replies":[{"embeddable":true,"href":"https:\/\/www.europesays.com\/fi\/wp-json\/wp\/v2\/comments?post=117298"}],"version-history":[{"count":0,"href":"https:\/\/www.europesays.com\/fi\/wp-json\/wp\/v2\/posts\/117298\/revisions"}],"wp:featuredmedia":[{"embeddable":true,"href":"https:\/\/www.europesays.com\/fi\/wp-json\/wp\/v2\/media\/117299"}],"wp:attachment":[{"href":"https:\/\/www.europesays.com\/fi\/wp-json\/wp\/v2\/media?parent=117298"}],"wp:term":[{"taxonomy":"category","embeddable":true,"href":"https:\/\/www.europesays.com\/fi\/wp-json\/wp\/v2\/categories?post=117298"},{"taxonomy":"post_tag","embeddable":true,"href":"https:\/\/www.europesays.com\/fi\/wp-json\/wp\/v2\/tags?post=117298"}],"curies":[{"name":"wp","href":"https:\/\/api.w.org\/{rel}","templated":true}]}}