{"id":117304,"date":"2025-12-15T20:57:09","date_gmt":"2025-12-15T20:57:09","guid":{"rendered":"https:\/\/www.europesays.com\/fi\/117304\/"},"modified":"2025-12-15T20:57:09","modified_gmt":"2025-12-15T20:57:09","slug":"kysely-paljastaa-vain-tallaisen-rauhan-ukrainan-kansa-hyvaksyy","status":"publish","type":"post","link":"https:\/\/www.europesays.com\/fi\/117304\/","title":{"rendered":"Kysely paljastaa: Vain t\u00e4llaisen rauhan Ukrainan kansa hyv\u00e4ksyy"},"content":{"rendered":"<p class=\"ai-optimize-6 ai-optimize-introduction\">Ukrainalaisten enemmist\u00f6n mielest\u00e4 maassa tulisi pit\u00e4\u00e4 vaalit vasta kun Ven\u00e4j\u00e4n hy\u00f6kk\u00e4yssota on p\u00e4\u00e4ttynyt lopulliseen rauhansopimukseen. Kansan selv\u00e4 enemmist\u00f6 tukisi sellaista rauhaa, jossa rintamalinjat j\u00e4\u00e4dytett\u00e4isiin nykyiselleen, Ukraina saisi turvatakuut ja miehitettyj\u00e4 alueita ei tunnustettaisi osaksi Ven\u00e4j\u00e4\u00e4. Joukkoja ei olla valmiita vet\u00e4m\u00e4\u00e4n pois Ukrainan hallitsemilta alueilta Ven\u00e4j\u00e4n osaksi miehitt\u00e4m\u00e4st\u00e4 Donbasista.<\/p>\n<p class=\"ai-optimize-7\">Asia ilmenee Kiovan kansainv\u00e4lisen sosiologian instituutin KIIS:n <a href=\"https:\/\/kiis.com.ua\/?lang=ukr&amp;cat=reports&amp;id=1569&amp;page=1&amp;fbclid=IwY2xjawOslnhleHRuA2FlbQIxMABicmlkETFLbjI0MWtUdWdtdk5ldm5Fc3J0YwZhcHBfaWQQMjIyMDM5MTc4ODIwMDg5MgABHthfwmpMPOuL4ZMiru70E5Vr06i9WL2kQZQh8Pc1-jSaOYSgnsXr5UKbLIPt_aem__4JXA8G3YmZ-gfYCpf1e-A\" target=\"_blank\" rel=\"noopener nofollow\">mielipidemittauksesta<\/a>. Siit\u00e4 uutisoi <a href=\"https:\/\/www.kyivpost.com\/post\/66236\" target=\"_blank\" rel=\"noopener nofollow\">t\u00e4ss\u00e4<\/a> Kyiv Post.<\/p>\n<p class=\"ai-optimize-9\">Vain yhdeks\u00e4n prosenttia vastaajista kannattaa vaalien j\u00e4rjest\u00e4mist\u00e4 ennen kuin edes tulitaukoa on sovittu. 25 prosenttia vastaajista oli puolestaan sit\u00e4 mielt\u00e4, ett\u00e4 vaalit tulisi j\u00e4rjest\u00e4\u00e4, jos vihollisuudet loppuvat ja Ukraina saa p\u00e4tev\u00e4t turvatakuut.<\/p>\n<p class=\"ai-optimize-11\">57 prosenttia vastaajista oli kuitenkin sill\u00e4 kannalla, ett\u00e4 vaalit voidaan j\u00e4rjest\u00e4\u00e4 vain kun sota on t\u00e4ysin ohi ja rauhansopimus voimassa.<\/p>\n<p class=\"ai-optimize-12\">KIIS:n p\u00e4\u00e4johtaja <strong>Anton<\/strong> <strong>Hrushetski<\/strong> summaa, ettei Ukrainan kansa halua t\u00e4ll\u00e4 hetkell\u00e4 maahan vaaleja ennen kuin vihollisuudet loppuvat. H\u00e4nen mukaansa presidentti\u00a0<strong>Volodymyr Zelenskyin\u00a0<\/strong>tuki on vahvaa eik\u00e4 h\u00e4nen hallintonsa legitimiteetti\u00e4 kyseenalaisteta.<\/p>\n<p class=\"ai-optimize-13\">\u2013 T\u00e4m\u00e4n takia vaatimukset vaaleista Ukrainaan n\u00e4hd\u00e4\u00e4n yleisesti kriittisesti ja yrityksin\u00e4 heikent\u00e4\u00e4 maata, Hrushetski toteaa.<\/p>\n<p class=\"ai-optimize-14\">Kyselyst\u00e4 selvi\u00e4\u00e4 my\u00f6s, millaista rauhaa ukrainalaiset olisivat valmiita tukemaan.<\/p>\n<p class=\"ai-optimize-15\">72 prosenttia vastaajista n\u00e4ytti vihre\u00e4\u00e4 valoa sellaiselle sopimukselle, jossa rintamalinjat j\u00e4isiv\u00e4t nykyiselleen, mutta Ven\u00e4j\u00e4n miehitt\u00e4mi\u00e4 alueita ei tunnustettaisi virallisesti sen alueeseen kuuluviksi. Ukrainan tulisi my\u00f6s saada turvatakuut.<\/p>\n<p class=\"ai-optimize-16\">75 prosenttia vastaajista oli kuitenkin my\u00f6s sit\u00e4 mielt\u00e4, ettei mit\u00e4\u00e4n sellaista rauhansopimusta tule hyv\u00e4ksy\u00e4, jossa Ukrainan joukot pit\u00e4isi vet\u00e4\u00e4 pois It\u00e4-Ukrainan Donbasin alueelta, asevoimien kokoa rajoitettaisiin tai jossa ei ole konkreettisia turvatakuita.<\/p>\n<p class=\"ai-optimize-10\">Kysely tehtiin marraskuun 26. p\u00e4iv\u00e4n ja joulukuun 13. p\u00e4iv\u00e4n v\u00e4lisen\u00e4 aikana haastatteluna, johon vastasi 547 satunnaisesti valittua t\u00e4ysi-ik\u00e4ist\u00e4 ukrainalaista kaikilla Ukrainan hallitsemilta alueilta. Osa vastaajista oli KIIS:n mukaan Ven\u00e4j\u00e4n miehitt\u00e4milt\u00e4 alueilta l\u00e4hteneit\u00e4. KIIS uskoo tulosten edustavan Ukrainan kansan yleist\u00e4 mielipidett\u00e4 niin tarkasti kuin sotatilanteessa on mahdollista. Sama kysely aiotaan toistaa 500 uudella vastaajalla ja sen tulokset julkaistaan l\u00e4hiaikoina.<\/p>\n","protected":false},"excerpt":{"rendered":"Ukrainalaisten enemmist\u00f6n mielest\u00e4 maassa tulisi pit\u00e4\u00e4 vaalit vasta kun Ven\u00e4j\u00e4n hy\u00f6kk\u00e4yssota on p\u00e4\u00e4ttynyt lopulliseen rauhansopimukseen. Kansan selv\u00e4 enemmist\u00f6&hellip;\n","protected":false},"author":2,"featured_media":117305,"comment_status":"","ping_status":"","sticky":false,"template":"","format":"standard","meta":{"footnotes":""},"categories":[14],"tags":[22,23,26,27,33,31,30,17,24,25,28,29,15,18,21,32,19,20,986,56,16,987,59,60,61],"class_list":{"0":"post-117304","1":"post","2":"type-post","3":"status-publish","4":"format-standard","5":"has-post-thumbnail","7":"category-ulkomaat","8":"tag-breaking-news","9":"tag-breakingnews","10":"tag-featured-news","11":"tag-featurednews","12":"tag-fi","13":"tag-finland","14":"tag-finnish","15":"tag-headlines","16":"tag-latest-news","17":"tag-latestnews","18":"tag-main-news","19":"tag-mainnews","20":"tag-news","21":"tag-otsikot","22":"tag-paauutiset","23":"tag-suomi","24":"tag-top-stories","25":"tag-topstories","26":"tag-ukrainan-neuvottelut","27":"tag-ulkomaat","28":"tag-uutiset","29":"tag-venajan-hyokkays","30":"tag-world","31":"tag-world-news","32":"tag-worldnews"},"share_on_mastodon":{"url":"https:\/\/pubeurope.com\/@fi\/115725588717014158","error":""},"_links":{"self":[{"href":"https:\/\/www.europesays.com\/fi\/wp-json\/wp\/v2\/posts\/117304","targetHints":{"allow":["GET"]}}],"collection":[{"href":"https:\/\/www.europesays.com\/fi\/wp-json\/wp\/v2\/posts"}],"about":[{"href":"https:\/\/www.europesays.com\/fi\/wp-json\/wp\/v2\/types\/post"}],"author":[{"embeddable":true,"href":"https:\/\/www.europesays.com\/fi\/wp-json\/wp\/v2\/users\/2"}],"replies":[{"embeddable":true,"href":"https:\/\/www.europesays.com\/fi\/wp-json\/wp\/v2\/comments?post=117304"}],"version-history":[{"count":0,"href":"https:\/\/www.europesays.com\/fi\/wp-json\/wp\/v2\/posts\/117304\/revisions"}],"wp:featuredmedia":[{"embeddable":true,"href":"https:\/\/www.europesays.com\/fi\/wp-json\/wp\/v2\/media\/117305"}],"wp:attachment":[{"href":"https:\/\/www.europesays.com\/fi\/wp-json\/wp\/v2\/media?parent=117304"}],"wp:term":[{"taxonomy":"category","embeddable":true,"href":"https:\/\/www.europesays.com\/fi\/wp-json\/wp\/v2\/categories?post=117304"},{"taxonomy":"post_tag","embeddable":true,"href":"https:\/\/www.europesays.com\/fi\/wp-json\/wp\/v2\/tags?post=117304"}],"curies":[{"name":"wp","href":"https:\/\/api.w.org\/{rel}","templated":true}]}}