{"id":117306,"date":"2025-12-15T20:58:10","date_gmt":"2025-12-15T20:58:10","guid":{"rendered":"https:\/\/www.europesays.com\/fi\/117306\/"},"modified":"2025-12-15T20:58:10","modified_gmt":"2025-12-15T20:58:10","slug":"kaikki-paitsi-rekkakuski-huomasivat-kaantyvan-auton-pariskunnalle-vakavia-vammoja","status":"publish","type":"post","link":"https:\/\/www.europesays.com\/fi\/117306\/","title":{"rendered":"Kaikki paitsi rekkakuski huomasivat k\u00e4\u00e4ntyv\u00e4n auton \u2013 Pariskunnalle vakavia vammoja"},"content":{"rendered":"<p>Kolarin aiheuttanut rekkakuski tuomittiin my\u00f6s kirkkonummelaisen naisen uhkailusta.<\/p>\n<p><img decoding=\"async\" class=\"image image-show image-preview\" src=\"https:\/\/www.europesays.com\/fi\/wp-content\/uploads\/2025\/12\/c28c4152b190dfbcd6a53ff2a06450815693a112b4b8950654258e1a827151a4.jpg\" alt=\"\"\/><img decoding=\"async\" class=\"image image-show\" src=\"https:\/\/www.europesays.com\/fi\/wp-content\/uploads\/2025\/12\/1765832289_276_c28c4152b190dfbcd6a53ff2a06450815693a112b4b8950654258e1a827151a4.jpg\" alt=\"\"\/><\/p>\n<p>Henkil\u00f6auto vaurioitui pahasti takaosastaan, kun rekka t\u00f6rm\u00e4si siihen. Autossa ollut pariskunta loukkaantui. Oikeudenk\u00e4yntiaineisto<\/p>\n<p class=\"paragraph\">Pariskunta sai vakavia vammoja liikenneonnettomuudessa kiirastorstaina 6. huhtikuuta 2023 Siilinj\u00e4rvell\u00e4.<\/p>\n<p class=\"paragraph\">Onnettomuuden aiheuttanut rekkakuski on tuomittu nyt ehdolliseen vankeuteen kolmesta rikoksesta.<\/p>\n<p class=\"paragraph\">Pariskunta odotti autossaan vilkku p\u00e4\u00e4ll\u00e4 k\u00e4\u00e4nty\u00e4kseen vasemmalle. Auto oli ryhmittynyt l\u00e4helle tien keskiviivaa, koska risteyksess\u00e4 ei ole erillist\u00e4 kaistaa vasemmalle k\u00e4\u00e4ntyville.<\/p>\n<p class=\"paragraph\">Auton ollessa pys\u00e4hdyksiss\u00e4 sen ohitti oikealta puolelta muutama samaan suuntaan matkannut auto.<\/p>\n<p class=\"paragraph\">Kun pariskunta p\u00e4\u00e4si k\u00e4\u00e4ntym\u00e4\u00e4n, kuului auton takaosasta pamaus. Nelikymppinen mies t\u00f6rm\u00e4si rekalla henkil\u00f6auton per\u00e4\u00e4n sill\u00e4 seurauksella, ett\u00e4 pariskunnan auto ajautui vastaan tulevan liikenteen kaistan yli tien toiselle puolelle. Rekka j\u00e4i t\u00f6rm\u00e4yksen j\u00e4lkeen risteykseen.<\/p>\n<p class=\"paragraph\">Henkil\u00f6auton kuljettajana olleen miehen rintaranka murtui ja p\u00e4\u00e4h\u00e4n tuli kalloon asti ulottuva, yli kymmenen sentin pituinen haava. Rinnan vamma vaati leikkaushoitoa. Matkustajan puolella etupenkill\u00e4 istuneen naisen kylkiluut murtuivat ja p\u00e4\u00e4h\u00e4n tuli haava, joka oli tikattava.<\/p>\n<p>Pamaus, p\u00f6ly\u00e4 ja romua<\/p>\n<p>My\u00f6s rekka vaurioitui onnettomuudessa. Oikeudenk\u00e4yntiaineisto<\/p>\n<p class=\"paragraph\">Rekkakuski syytti onnettomuudesta henkil\u00f6auton kuljettajaa.<\/p>\n<p class=\"paragraph\">Rekkakuskin mukaan henkil\u00f6auto hidasti vauhtia ilman ett\u00e4 sen kuljettaja laittoi vilkkua ajoissa p\u00e4\u00e4lle. Rekkakuskin mukaan h\u00e4n ei voinut ennakoida tilannetta turvallisesti.<\/p>\n<p class=\"paragraph\">Risteyksen ohi toisesta suunnasta juuri ennen onnettomuutta ajaneen autoilijan mukaan tilanne risteyksess\u00e4 vaikutti normaalilta: henkil\u00f6auto oli pys\u00e4htynyt tai ainakin hiljent\u00e4m\u00e4ss\u00e4 k\u00e4\u00e4ntymist\u00e4 varten.<\/p>\n<p class=\"paragraph\">Risteyksen ohittanut ohiajaja kuuli pamauksen ja n\u00e4ki p\u00f6lypilven sek\u00e4 tielle lent\u00e4v\u00e4\u00e4 romua.<\/p>\n<p class=\"paragraph\">Pohjois-Savon k\u00e4r\u00e4j\u00e4oikeus katsoi, ett\u00e4 henkil\u00f6auton kuljettaja osoitti selv\u00e4sti aikovansa k\u00e4\u00e4nty\u00e4 vasemmalle. T\u00e4m\u00e4n havaitsivat kaikki muut liikenteess\u00e4 olleet paitsi rekkakuski.<\/p>\n<p class=\"paragraph\">Pohjois-Savon k\u00e4r\u00e4j\u00e4oikeus tuomitsi rekkakuskin t\u00f6rke\u00e4st\u00e4 liikenneturvallisuuden vaarantamisesta sek\u00e4 kahdesta t\u00f6rke\u00e4st\u00e4 vammantuottamuksesta.<\/p>\n<p>Tarjosi ruuat ja kimpaantui<\/p>\n<p>Maaliskuussa alkanut uhkailu jatkui kes\u00e4\u00e4n asti. Oikeudenk\u00e4yntiaineisto<\/p>\n<p class=\"paragraph\">Sama mies tuomittiin my\u00f6s Facebookissa tapaamaansa naista kohtaan tehdyst\u00e4 laittomasta uhkauksesta.<\/p>\n<p class=\"paragraph\">Mies vieraili naisen luona Kirkkonummella er\u00e4\u00e4n\u00e4 viikonloppuna maaliskuussa 2023. He k\u00e4viv\u00e4t kolmesti sy\u00f6m\u00e4ss\u00e4 ravintolassa miehen piikkiin. Mies maksoi ruuat, koska naisella ei ollut varaa maksaa aterioinneista.<\/p>\n<p class=\"paragraph\">Viikonlopun j\u00e4lkeen nainen ilmoitti miehelle, ettei ole kiinnostunut h\u00e4nest\u00e4.<\/p>\n<p class=\"paragraph\">Mies kimpaantui. Siit\u00e4 alkoi noin puoli vuotta kest\u00e4nyt uhkaava viestittely. Mies uhkasi katkoa naisen sormet ja uhkasi t\u00e4t\u00e4 ongelmilla, vaikeuksilla ja &#8221;uudenlaisella vastuulla&#8221;, mik\u00e4li h\u00e4n ei maksa ruuista.<\/p>\n<p class=\"paragraph\">Pohjois-Savon k\u00e4r\u00e4j\u00e4oikeus tuomitsi vuonna 1983 syntyneen lepp\u00e4virtalaisen miehen nelj\u00e4ksi kuukaudeksi ehdolliseen vankeuteen.<\/p>\n<p class=\"paragraph\">Tuomio ei ole lainvoimainen.<\/p>\n<p class=\"paragraph\">Mies m\u00e4\u00e4r\u00e4ttiin korvaamaan uhkailemalleen naiselle 800 euroa k\u00e4rsimyksest\u00e4. Kolarin uhrit eiv\u00e4t vaatineet miehelt\u00e4 vahingonkorvauksia.<\/p>\n","protected":false},"excerpt":{"rendered":"Kolarin aiheuttanut rekkakuski tuomittiin my\u00f6s kirkkonummelaisen naisen uhkailusta. Henkil\u00f6auto vaurioitui pahasti takaosastaan, kun rekka t\u00f6rm\u00e4si siihen. Autossa ollut&hellip;\n","protected":false},"author":2,"featured_media":117307,"comment_status":"","ping_status":"","sticky":false,"template":"","format":"standard","meta":{"footnotes":""},"categories":[12],"tags":[35,648,22,23,26,27,33,31,30,17,10542,24,25,121,28,29,82,15,18,21,32,128,19,20,16],"class_list":{"0":"post-117306","1":"post","2":"type-post","3":"status-publish","4":"format-standard","5":"has-post-thumbnail","7":"category-suomi","8":"tag-24h","9":"tag-autot","10":"tag-breaking-news","11":"tag-breakingnews","12":"tag-featured-news","13":"tag-featurednews","14":"tag-fi","15":"tag-finland","16":"tag-finnish","17":"tag-headlines","18":"tag-kuljettajat-tieliikenteessa","19":"tag-latest-news","20":"tag-latestnews","21":"tag-liikenne-ja-kuljetus","22":"tag-main-news","23":"tag-mainnews","24":"tag-moottoriajoneuvot","25":"tag-news","26":"tag-otsikot","27":"tag-paauutiset","28":"tag-suomi","29":"tag-tieliikenne","30":"tag-top-stories","31":"tag-topstories","32":"tag-uutiset"},"share_on_mastodon":{"url":"https:\/\/pubeurope.com\/@fi\/115725592796142786","error":""},"_links":{"self":[{"href":"https:\/\/www.europesays.com\/fi\/wp-json\/wp\/v2\/posts\/117306","targetHints":{"allow":["GET"]}}],"collection":[{"href":"https:\/\/www.europesays.com\/fi\/wp-json\/wp\/v2\/posts"}],"about":[{"href":"https:\/\/www.europesays.com\/fi\/wp-json\/wp\/v2\/types\/post"}],"author":[{"embeddable":true,"href":"https:\/\/www.europesays.com\/fi\/wp-json\/wp\/v2\/users\/2"}],"replies":[{"embeddable":true,"href":"https:\/\/www.europesays.com\/fi\/wp-json\/wp\/v2\/comments?post=117306"}],"version-history":[{"count":0,"href":"https:\/\/www.europesays.com\/fi\/wp-json\/wp\/v2\/posts\/117306\/revisions"}],"wp:featuredmedia":[{"embeddable":true,"href":"https:\/\/www.europesays.com\/fi\/wp-json\/wp\/v2\/media\/117307"}],"wp:attachment":[{"href":"https:\/\/www.europesays.com\/fi\/wp-json\/wp\/v2\/media?parent=117306"}],"wp:term":[{"taxonomy":"category","embeddable":true,"href":"https:\/\/www.europesays.com\/fi\/wp-json\/wp\/v2\/categories?post=117306"},{"taxonomy":"post_tag","embeddable":true,"href":"https:\/\/www.europesays.com\/fi\/wp-json\/wp\/v2\/tags?post=117306"}],"curies":[{"name":"wp","href":"https:\/\/api.w.org\/{rel}","templated":true}]}}