{"id":117327,"date":"2025-12-15T21:37:11","date_gmt":"2025-12-15T21:37:11","guid":{"rendered":"https:\/\/www.europesays.com\/fi\/117327\/"},"modified":"2025-12-15T21:37:11","modified_gmt":"2025-12-15T21:37:11","slug":"sanoma-palauttaa-linda-lampeniukselle-rahat-24-vuotta-vanhasta-pakko-ostosta","status":"publish","type":"post","link":"https:\/\/www.europesays.com\/fi\/117327\/","title":{"rendered":"Sanoma palauttaa Linda Lampeniukselle rahat 24 vuotta vanhasta pakko-ostosta"},"content":{"rendered":"<p>Linda Lampenius saa anteeksipyynt\u00f6ilmoituksestaan rahat takaisin, kertoo Suomen Kuvalehti. <\/p>\n<p><img decoding=\"async\" class=\"image image-show image-preview\" src=\"https:\/\/www.europesays.com\/fi\/wp-content\/uploads\/2025\/10\/47279b71a9728a44845d6a6cb231707a1bfac62474aac6957665a118e9a4dd65.jpg\" alt=\"\"\/><img decoding=\"async\" class=\"image image-show\" src=\"https:\/\/www.europesays.com\/fi\/wp-content\/uploads\/2025\/10\/1761426129_962_47279b71a9728a44845d6a6cb231707a1bfac62474aac6957665a118e9a4dd65.jpg\" alt=\"\"\/><\/p>\n<p>Linda Lampenius saa rahat takaisin Sanomilta.  PASI LIESIMAA<\/p>\n<p class=\"paragraph\">Sanoma Media Finland palauttaa viulisti Linda Lampeniukselle lehti-ilmoituksen hinnan. Asiasta kertoo <a href=\"https:\/\/suomenkuvalehti.fi\/kotimaa\/mediayhtio-sanoma-aikoo-maksaa-linda-lampeniukselle-takaisin-rahat-anteeksipyynnosta-peter-nygardille\/?shared=1343238-4332e077-1\" rel=\"noopener nofollow\" target=\"_blank\">Suomen Kuvalehti<\/a>. Tapaus juontaa juurensa vuoteen 2001, jolloin Lampenius joutui ostamaan kokosivun anteeksipyynt\u00f6ilmoituksen Ilta-Sanomista ja antamaan haastattelun IS:n toimittaja <a href=\"https:\/\/www.iltalehti.fi\/henkilot\/Rita Tainola\" class=\"article-link-person-page\" rel=\"nofollow noopener\" target=\"_blank\">Rita Tainolalle<\/a>.<\/p>\n<p class=\"paragraph\">T\u00e4m\u00e4 sen takia, ettei kanadalainen, suomalaistaustainen miljon\u00e4\u00e4ri <a href=\"https:\/\/www.iltalehti.fi\/henkilot\/Peter Nyg\u00e5rd\" class=\"article-link-person-page\" rel=\"nofollow noopener\" target=\"_blank\">Peter Nyg\u00e5rd<\/a> vaatisi Lampeniukselta en\u00e4\u00e4 60 miljoonan markan korvauksia kunnianloukkauksesta.<\/p>\n<p class=\"paragraph\">Lampenius oli vuonna 1997 ollut Kaliforniassa matkalla, johon my\u00f6s Tainola osallistui. Lampenius kertoi 7 P\u00e4iv\u00e4\u00e4 -lehden haastattelussa tavanneensa tuolla matkalla Nyg\u00e5rdin h\u00e4nen huvilallaan Bahamassa. Nyg\u00e5rd oli esitellyt valokuvia, joissa oli alastomia naisia. Lampenius sanoi haastattelussa, ettei kenenk\u00e4\u00e4n pit\u00e4isi l\u00e4hett\u00e4\u00e4 suomalaistytt\u00f6j\u00e4 sinne.<\/p>\n<p class=\"paragraph\">Ilmoituksessa ja IS:n jutussa Lampenius siis pyysi anteeksi. Lampeniukselle oli aiheutunut nykyrahassa mitattuna satojen tuhansien eurojen asianajokulut.<\/p>\n<p class=\"paragraph\">Suomalaissyntyinen liikemies ja muotisuunnittelija Peter Nyg\u00e5rd <a href=\"https:\/\/www.iltalehti.fi\/viihdeuutiset\/17776aa7-6848-4b30-aa85-dcaf9e6a8e5c\" rel=\"nofollow noopener\" target=\"_blank\">tuomittiin viime vuoden<\/a> syyskuussa 11 vuoden vankeusrangaistukseen nelj\u00e4st\u00e4 seksuaalirikoksesta Kanadassa. Seksuaalirikosten uhreina ovat olleet kolme naista ja yksi 16-vuotias tytt\u00f6.<\/p>\n<p>Peter Nyg\u00e5rd sai pitk\u00e4n tuomion. AOP<\/p>\n<p class=\"paragraph\">Iltalehden entinen kustantaja ja vastaava p\u00e4\u00e4toimittaja <strong><strong>Kari Kivel\u00e4<\/strong><\/strong> toivoi aiemmin t\u00e4n\u00e4 vuonna julkaistuissa muistelmissaan Punkkari ja mediapomo (Otava), ett\u00e4 Sanoma palauttaisi rahat Lampeniukselle.<\/p>\n<p class=\"paragraph\">Lampenius kertoi <a href=\"https:\/\/www.hs.fi\/maailma\/art-2000011694020.html\" rel=\"noopener nofollow\" target=\"_blank\">Helsingin Sanomille<\/a> itkun tulleen kuullessaan asiasta.<\/p>\n<p class=\"paragraph\">\u2013 Se on niin iso asia, ettei sit\u00e4 voi edes selitt\u00e4\u00e4, Lampenius sanoi.<\/p>\n<p class=\"paragraph\">H\u00e4n sanoo ajautuneensa taloudelliseen ja terveydellisiin vaikeuksiin Nyg\u00e5rdin painostuksen johdosta.<\/p>\n<p class=\"paragraph\">L\u00e4hteet: <a href=\"https:\/\/www.hs.fi\/maailma\/art-2000011694020.html\" rel=\"noopener nofollow\" target=\"_blank\">Suomen Kuvalehti<\/a>, <a href=\"https:\/\/www.hs.fi\/maailma\/art-2000011694020.html\" rel=\"noopener nofollow\" target=\"_blank\">Helsingin Sanomat<\/a><\/p>\n","protected":false},"excerpt":{"rendered":"Linda Lampenius saa anteeksipyynt\u00f6ilmoituksestaan rahat takaisin, kertoo Suomen Kuvalehti. Linda Lampenius saa rahat takaisin Sanomilta. PASI LIESIMAA Sanoma&hellip;\n","protected":false},"author":2,"featured_media":72224,"comment_status":"","ping_status":"","sticky":false,"template":"","format":"standard","meta":{"footnotes":""},"categories":[136],"tags":[35,138,407,137,33,31,30,408,32,140,139,4241,109],"class_list":{"0":"post-117327","1":"post","2":"type-post","3":"status-publish","4":"format-standard","5":"has-post-thumbnail","7":"category-julkkikset","8":"tag-24h","9":"tag-audio","10":"tag-celebrities","11":"tag-entertainment","12":"tag-fi","13":"tag-finland","14":"tag-finnish","15":"tag-julkkikset","16":"tag-suomi","17":"tag-tv-ja-elokuvat","18":"tag-tv-ohjelmat","19":"tag-tv-persoonat","20":"tag-viihde"},"share_on_mastodon":{"url":"https:\/\/pubeurope.com\/@fi\/115725745902653557","error":""},"_links":{"self":[{"href":"https:\/\/www.europesays.com\/fi\/wp-json\/wp\/v2\/posts\/117327","targetHints":{"allow":["GET"]}}],"collection":[{"href":"https:\/\/www.europesays.com\/fi\/wp-json\/wp\/v2\/posts"}],"about":[{"href":"https:\/\/www.europesays.com\/fi\/wp-json\/wp\/v2\/types\/post"}],"author":[{"embeddable":true,"href":"https:\/\/www.europesays.com\/fi\/wp-json\/wp\/v2\/users\/2"}],"replies":[{"embeddable":true,"href":"https:\/\/www.europesays.com\/fi\/wp-json\/wp\/v2\/comments?post=117327"}],"version-history":[{"count":0,"href":"https:\/\/www.europesays.com\/fi\/wp-json\/wp\/v2\/posts\/117327\/revisions"}],"wp:featuredmedia":[{"embeddable":true,"href":"https:\/\/www.europesays.com\/fi\/wp-json\/wp\/v2\/media\/72224"}],"wp:attachment":[{"href":"https:\/\/www.europesays.com\/fi\/wp-json\/wp\/v2\/media?parent=117327"}],"wp:term":[{"taxonomy":"category","embeddable":true,"href":"https:\/\/www.europesays.com\/fi\/wp-json\/wp\/v2\/categories?post=117327"},{"taxonomy":"post_tag","embeddable":true,"href":"https:\/\/www.europesays.com\/fi\/wp-json\/wp\/v2\/tags?post=117327"}],"curies":[{"name":"wp","href":"https:\/\/api.w.org\/{rel}","templated":true}]}}