{"id":117335,"date":"2025-12-15T21:48:18","date_gmt":"2025-12-15T21:48:18","guid":{"rendered":"https:\/\/www.europesays.com\/fi\/117335\/"},"modified":"2025-12-15T21:48:18","modified_gmt":"2025-12-15T21:48:18","slug":"hyllykallio-sai-vihdoin-laavun-yhden-yksityiskohdan-viimeistely-oli-pakko-jattaa-ensi-kesaan","status":"publish","type":"post","link":"https:\/\/www.europesays.com\/fi\/117335\/","title":{"rendered":"Hyllykallio sai vihdoin laavun \u2013 Yhden yksityiskohdan viimeistely oli pakko j\u00e4tt\u00e4\u00e4 ensi kes\u00e4\u00e4n"},"content":{"rendered":"<p>\n      Yli 9300 asukkaan Sein\u00e4joen Hyllykallio on ollut pitk\u00e4\u00e4n ilman laavua.\n    <\/p>\n<p>\n      Vastik\u00e4\u00e4n valmistunut uusi laavu sis\u00e4ltyy vuosien 2023\u20132024 asukasbudjettiin, jonka avulla rakennettiin laavu Karhuvuoren asuinalueen ja Karvajalanpuiston l\u00e4heisyyteen.\n    <\/p>\n<p class=\"article__paragraph\">\n      Tarkemmin sanottuna laavu sijoitettiin Karvajalanpuiston l\u00e4heisen kalliorinteen reunalle. Laavun tekemisen kustannusarvio reitteineen ja raivaust\u00f6ineen on noin 15 000 euroa.\n    <\/p>\n<p>    <img decoding=\"async\" class=\"responsive-image article__image-image lozad\"   src=\"https:\/\/www.europesays.com\/fi\/wp-content\/uploads\/2025\/12\/H7LXzQflYpq9h-5OjFRpYQbQ6Ht1fIK9C1GCPS7kDUmsP7UPPcLQK8INge155MEC5Mny690AdWadI2kHYnicIyMg7lAr6Ivq7x71.jpeg\" alt=\"Uusi laavu komeilee valaistun kuntoradan vieress\u00e4 l\u00e4hell\u00e4 Karhuvuoren asuinaluetta.\"\/><\/p>\n<p>\n                Uusi laavu komeilee valaistun kuntoradan vieress\u00e4 l\u00e4hell\u00e4 Karhuvuoren asuinaluetta.\n              <\/p>\n<p>\n                Kuva: Heikki Peltokangas\n              <\/p>\n<p class=\"article__paragraph\">\n      \u2013\u202fSain viime viikon perjantaina tiedon, ett\u00e4 laavu on valmis. P\u00e4\u00e4simme hieman budjetin alle. Laavun rakentamisurakasta vastasi Lakeuden El\u00e4mysliikunta ry, Sein\u00e4joen kaupungin liikuntapaikkap\u00e4\u00e4llikk\u00f6 Tuomas Viitasaari kertoo.\n    <\/p>\n<p class=\"article__paragraph\">\n      Yhdistys laittaa laavun katolle ensi kes\u00e4n\u00e4 viel\u00e4 huopakatteen, sill\u00e4 t\u00e4ll\u00e4 kelill\u00e4 sit\u00e4 ei ole hyv\u00e4 asentaa. Hirsirunkoisen laavun sis\u00e4puolella on jykev\u00e4t penkit joka sein\u00e4ll\u00e4.\n    <\/p>\n<p class=\"article__paragraph\">\n      Viitasaaren mukaan laavun edustalla oleva py\u00f6re\u00e4 tulisija on tehty kuorma-auton vanteesta. Vanteen ymp\u00e4rille on asennettu kivi\u00e4 ja metalliverkko.\n    <\/p>\n<p class=\"article__paragraph\">\n      Viitasaari haluaa muistuttaa laavulla vierailijoita t\u00e4rke\u00e4st\u00e4 yksityiskohdasta. Jokaisen on varattava tulisteluun omat puut mukaan. Silloin t\u00e4ll\u00f6in tulee ilmi, ett\u00e4 puut on viety.\n    <\/p>\n<p>    <img decoding=\"async\" class=\"responsive-image article__image-image lozad\"   src=\"https:\/\/www.europesays.com\/fi\/wp-content\/uploads\/2025\/12\/67ph7Ol7WqUb3U-u1stOvNzZsqdF1PH6_llq-QyxRV8fqCoEWn6bbYuWD-JceXZ-WJ_3l7Hi9Vt8Yu9nERlSWqOXGBxa4rGBc7eo.jpeg\" alt=\"Laavun arinan yll\u00e4 leijailee komea metallinen, kotkaa muistuttava lintu.\"\/><\/p>\n<p>\n                Laavun arinan yll\u00e4 leijailee komea metallinen, kotkaa muistuttava lintu.\n              <\/p>\n<p>\n                Kuva: Heikki Peltokangas\n              <\/p>\n<p>      Makkaraa paistamassa<\/p>\n<p class=\"article__paragraph\">\n      Mikko Niemel\u00e4 on saapunut Sein\u00e4joelle jo aamusta Alavuden Sapsalammelta.\n    <\/p>\n<p class=\"article__paragraph\">\n      \u2013\u202fOn hienoa, ett\u00e4 t\u00e4llaisia laavuja tehd\u00e4\u00e4n. T\u00e4ss\u00e4 on ehtinyt joku pit\u00e4\u00e4 jo aiemminkin tulta, Niemel\u00e4 kertoo.\n    <\/p>\n<p class=\"article__paragraph\">\n      \u2013\u202fNyt m\u00e4 olen viel\u00e4 kolme, mutta pian nelj\u00e4, n\u00e4ytt\u00e4\u00e4 ik\u00e4\u00e4 sormillaan tomerasti Juuse Salo-Tuisku, joka on tullut papan ja mummun kanssa laavulle makkaraa paistamaan.\n    <\/p>\n<p class=\"article__paragraph\">\n      Makkara maistuu hyv\u00e4lt\u00e4.\n    <\/p>\n<p class=\"article__paragraph\">\n      \u2013\u202fHaluan viel\u00e4 toisen makkaran. On niin paljon ollut lunta, Juuse Salo-Tuisku kertoo p\u00e4iv\u00e4n iloisesta pulkkailuretkest\u00e4 laavulle.\n    <\/p>\n<p class=\"article__paragraph\">\n      Kuvagallerian kuvat avautuvat painamalla hiirell\u00e4 kuvaa.\n    <\/p>\n<p>    <img decoding=\"async\" class=\"responsive-image article__image-image lozad\"   src=\"https:\/\/www.europesays.com\/fi\/wp-content\/uploads\/2025\/12\/E3zxEcvpCPSx054tf_rUkKI7GCBL_S7Jyx4xkfweffGHu3wQr6CZ_uL0uqtAjCDPGhJ8YQll4_JpNKsbCG3Bo5-1Fta5cBDtiWrx.jpeg\" alt=\"Laavu n\u00e4kyy hyvin kuntoradalle.\"\/><\/p>\n<p>\n                Laavu n\u00e4kyy hyvin kuntoradalle.\n              <\/p>\n<p>\n                Kuva: Heikki Peltokangas\n              <\/p>\n<p>    <img decoding=\"async\" class=\"responsive-image article__image-image lozad\"   src=\"https:\/\/www.europesays.com\/fi\/wp-content\/uploads\/2025\/12\/SdyL4kX3o-yPK4hEJ8UhYLbkC4QCEgpv5z1ryWMjSH22UL6k6wzbSGNbOyxds2ufmB_ebDYkyeJ0Z0_31gs5ddiJQknmT0A3FFjI.jpeg\" alt=\"Hirsirunkoisen laavun sis\u00e4puolella on jykev\u00e4t penkit joka sein\u00e4ll\u00e4.\"\/><\/p>\n<p>\n                Hirsirunkoisen laavun sis\u00e4puolella on jykev\u00e4t penkit joka sein\u00e4ll\u00e4.\n              <\/p>\n<p>\n                Kuva: Heikki Peltokangas\n              <\/p>\n<p>    <img decoding=\"async\" class=\"responsive-image article__image-image lozad\"   src=\"https:\/\/www.europesays.com\/fi\/wp-content\/uploads\/2025\/12\/6njVhECLjGtLwo-jG3-TMzTJJeMm66cKzL5QKqk1pYmKY3QfFUkL3A4VdVKNAskr60HITUY6zNS3nThjoWBrRnGBvqjyR3c3ZG73.jpeg\" alt=\"Laavun runko on jykev\u00e4\u00e4 hirtt\u00e4.\"\/><\/p>\n<p>\n                Laavun runko on jykev\u00e4\u00e4 hirtt\u00e4.\n              <\/p>\n<p>\n                Kuva: Heikki Peltokangas\n              <\/p>\n","protected":false},"excerpt":{"rendered":"Yli 9300 asukkaan Sein\u00e4joen Hyllykallio on ollut pitk\u00e4\u00e4n ilman laavua. Vastik\u00e4\u00e4n valmistunut uusi laavu sis\u00e4ltyy vuosien 2023\u20132024 asukasbudjettiin,&hellip;\n","protected":false},"author":2,"featured_media":117336,"comment_status":"","ping_status":"","sticky":false,"template":"","format":"standard","meta":{"footnotes":""},"categories":[76],"tags":[79,77,33,31,30,32,78],"class_list":{"0":"post-117335","1":"post","2":"type-post","3":"status-publish","4":"format-standard","5":"has-post-thumbnail","7":"category-talous","8":"tag-business","9":"tag-economy","10":"tag-fi","11":"tag-finland","12":"tag-finnish","13":"tag-suomi","14":"tag-talous"},"share_on_mastodon":{"url":"https:\/\/pubeurope.com\/@fi\/115725789623955430","error":""},"_links":{"self":[{"href":"https:\/\/www.europesays.com\/fi\/wp-json\/wp\/v2\/posts\/117335","targetHints":{"allow":["GET"]}}],"collection":[{"href":"https:\/\/www.europesays.com\/fi\/wp-json\/wp\/v2\/posts"}],"about":[{"href":"https:\/\/www.europesays.com\/fi\/wp-json\/wp\/v2\/types\/post"}],"author":[{"embeddable":true,"href":"https:\/\/www.europesays.com\/fi\/wp-json\/wp\/v2\/users\/2"}],"replies":[{"embeddable":true,"href":"https:\/\/www.europesays.com\/fi\/wp-json\/wp\/v2\/comments?post=117335"}],"version-history":[{"count":0,"href":"https:\/\/www.europesays.com\/fi\/wp-json\/wp\/v2\/posts\/117335\/revisions"}],"wp:featuredmedia":[{"embeddable":true,"href":"https:\/\/www.europesays.com\/fi\/wp-json\/wp\/v2\/media\/117336"}],"wp:attachment":[{"href":"https:\/\/www.europesays.com\/fi\/wp-json\/wp\/v2\/media?parent=117335"}],"wp:term":[{"taxonomy":"category","embeddable":true,"href":"https:\/\/www.europesays.com\/fi\/wp-json\/wp\/v2\/categories?post=117335"},{"taxonomy":"post_tag","embeddable":true,"href":"https:\/\/www.europesays.com\/fi\/wp-json\/wp\/v2\/tags?post=117335"}],"curies":[{"name":"wp","href":"https:\/\/api.w.org\/{rel}","templated":true}]}}