{"id":117349,"date":"2025-12-15T22:10:09","date_gmt":"2025-12-15T22:10:09","guid":{"rendered":"https:\/\/www.europesays.com\/fi\/117349\/"},"modified":"2025-12-15T22:10:09","modified_gmt":"2025-12-15T22:10:09","slug":"ruotsalaishyokkaaja-ei-saapunut-palaveriin-nhlssa-valmentaja-hyllytti-urheilua-lyhyesti","status":"publish","type":"post","link":"https:\/\/www.europesays.com\/fi\/117349\/","title":{"rendered":"Ruotsalaishy\u00f6kk\u00e4\u00e4j\u00e4 ei saapunut palaveriin NHL:ss\u00e4 \u2013 valmentaja hyllytti | Urheilua lyhyesti"},"content":{"rendered":"<p class=\"aw-1gybjub aw-5vja16 kEtdKx kmuxyA yle__article__paragraph\">Mika Zibanejad ei pelaa tiistain vastaisena y\u00f6n\u00e4 Anaheimia vastaan. P\u00e4\u00e4valmentajan mukaan ruotsalainen rikkoi joukkueen s\u00e4\u00e4nt\u00f6j\u00e4.<\/p>\n<p><img decoding=\"async\" alt=\"Mika Zibanejad nostaa k\u00e4det ilmaan ja juhlii joukkueen voitettua Montrealin 13. joulukuuta.\" src=\"https:\/\/www.europesays.com\/fi\/wp-content\/uploads\/2025\/12\/39-1570391694071e245f28.jpeg\" class=\"aw-1l9m598 hKVVvP\"\/><\/p>\n<p>Avaa kuvien katselu<\/p>\n<p>Mika Zibanejad on ollut vahvassa vireess\u00e4 alkukaudella. Kuva: Wendell Cruz-Imagn Images<\/p>\n<p class=\"aw-1gybjub aw-1p7kakr kEtdKx cEmitX yle__article__paragraph\">New York Rangersin ruotsalaishy\u00f6kk\u00e4\u00e4j\u00e4 <strong class=\"aw-ak79eh KyCXm yle__article__strong\">Mika Zibanejad<\/strong> on poissa kurinpidollisista syist\u00e4 ensi y\u00f6n NHL-ottelusta Anaheim Ducksia vastaan.<\/p>\n<p class=\"aw-1gybjub aw-1p7kakr kEtdKx cEmitX yle__article__paragraph\">Syyn\u00e4 on se, ettei Zibanejad osallistunut aiemmin maanantaina joukkueen palaveriin.<\/p>\n<p class=\"aw-1gybjub aw-1p7kakr kEtdKx cEmitX yle__article__paragraph\">Rangersin p\u00e4\u00e4valmentaja <strong class=\"aw-ak79eh KyCXm yle__article__strong\">Mike Sullivan<\/strong> sanoo ruotsalaisen rikkoneen joukkueen s\u00e4\u00e4nt\u00f6j\u00e4.<\/p>\n<p class=\"aw-1gybjub aw-1p7kakr kEtdKx cEmitX yle__article__paragraph\">\u2013 Mika ja min\u00e4 k\u00e4vimme keskustelun asiasta. Aina joskus tulee logistisia ongelmia. Mika ymm\u00e4rt\u00e4\u00e4 kuitenkin s\u00e4\u00e4nn\u00f6t ja sen, mit\u00e4 kultakin t\u00e4ss\u00e4 organisaatiossa odotetaan. H\u00e4n on hyvin pahoillaan tapahtuneesta. H\u00e4n on rehellinen kaveri, hieno tyyppi ja yksi t\u00e4m\u00e4n joukkueen johtajista. H\u00e4n ottaa vastuun, Sullivan t\u00e4hdensi <a class=\"aw-iao6s4 iHOxEa yle__article__link\" href=\"https:\/\/www.nhl.com\/fi\/news\/zibanejad-sivussa-rangersin-kokoonpanosta\" role=\"link\" rel=\"nofollow noopener\" target=\"_blank\">NHL:n verkkosivujen<\/a> mukaan.<\/p>\n<p class=\"aw-1gybjub aw-1p7kakr kEtdKx cEmitX yle__article__paragraph\">P\u00e4\u00e4valmentajan mukaan Zibanejad on kokoonpanossa mukana seuraavan kerran Anaheimi-ottelun j\u00e4lkeen.<\/p>\n<p class=\"aw-1gybjub aw-1p7kakr kEtdKx cEmitX yle__article__paragraph\">\u2013 Emme halua t\u00e4llaista tapahtuvan, mutta toisaalta meill\u00e4 on vahva usko laatimaamme prosessiin. Kukaan ei ole t\u00e4ydellinen, kaikki tekev\u00e4t joskus virheit\u00e4, Sullivan totesi.<\/p>\n<p class=\"aw-1gybjub aw-1p7kakr kEtdKx cEmitX yle__article__paragraph\">Ruotsalaishy\u00f6kk\u00e4\u00e4j\u00e4 on ollut viime aikoina vahvassa vireess\u00e4 ja h\u00e4n on kuulunut jo pitk\u00e4\u00e4n New Yorks Rangersin t\u00e4rkeimpiin pelaajiin.<\/p>\n<p class=\"aw-1gybjub aw-1p7kakr kEtdKx cEmitX yle__article__paragraph\">Zibanejad on tehnyt t\u00e4ll\u00e4 kaudella 25 pistett\u00e4 33 ottelussa.<\/p>\n<p class=\"aw-1gybjub aw-1p7kakr kEtdKx cEmitX yle__article__paragraph\">New York Rangers pelaa Anaheimia vastaan tiistaina vastaisena y\u00f6n\u00e4. Tulokset n\u00e4ht\u00e4viss\u00e4<a class=\"aw-iao6s4 iHOxEa yle__article__link\" href=\"https:\/\/yle.fi\/aihe\/tekstitv?P=235\" role=\"link\" rel=\"nofollow noopener\" target=\"_blank\"> teksti-tv:ss\u00e4.<\/a><\/p>\n","protected":false},"excerpt":{"rendered":"Mika Zibanejad ei pelaa tiistain vastaisena y\u00f6n\u00e4 Anaheimia vastaan. P\u00e4\u00e4valmentajan mukaan ruotsalainen rikkoi joukkueen s\u00e4\u00e4nt\u00f6j\u00e4. Avaa kuvien katselu&hellip;\n","protected":false},"author":2,"featured_media":117350,"comment_status":"","ping_status":"","sticky":false,"template":"","format":"standard","meta":{"footnotes":""},"categories":[158],"tags":[33,31,30,1143,21368,21369,19236,1697,159,32,160],"class_list":{"0":"post-117349","1":"post","2":"type-post","3":"status-publish","4":"format-standard","5":"has-post-thumbnail","7":"category-urheilu","8":"tag-fi","9":"tag-finland","10":"tag-finnish","11":"tag-jaakiekko","12":"tag-mika-zibanejad","13":"tag-mike-sullivan","14":"tag-new-york-rangers","15":"tag-nhl","16":"tag-sports","17":"tag-suomi","18":"tag-urheilu"},"share_on_mastodon":{"url":"https:\/\/pubeurope.com\/@fi\/115725875875204579","error":""},"_links":{"self":[{"href":"https:\/\/www.europesays.com\/fi\/wp-json\/wp\/v2\/posts\/117349","targetHints":{"allow":["GET"]}}],"collection":[{"href":"https:\/\/www.europesays.com\/fi\/wp-json\/wp\/v2\/posts"}],"about":[{"href":"https:\/\/www.europesays.com\/fi\/wp-json\/wp\/v2\/types\/post"}],"author":[{"embeddable":true,"href":"https:\/\/www.europesays.com\/fi\/wp-json\/wp\/v2\/users\/2"}],"replies":[{"embeddable":true,"href":"https:\/\/www.europesays.com\/fi\/wp-json\/wp\/v2\/comments?post=117349"}],"version-history":[{"count":0,"href":"https:\/\/www.europesays.com\/fi\/wp-json\/wp\/v2\/posts\/117349\/revisions"}],"wp:featuredmedia":[{"embeddable":true,"href":"https:\/\/www.europesays.com\/fi\/wp-json\/wp\/v2\/media\/117350"}],"wp:attachment":[{"href":"https:\/\/www.europesays.com\/fi\/wp-json\/wp\/v2\/media?parent=117349"}],"wp:term":[{"taxonomy":"category","embeddable":true,"href":"https:\/\/www.europesays.com\/fi\/wp-json\/wp\/v2\/categories?post=117349"},{"taxonomy":"post_tag","embeddable":true,"href":"https:\/\/www.europesays.com\/fi\/wp-json\/wp\/v2\/tags?post=117349"}],"curies":[{"name":"wp","href":"https:\/\/api.w.org\/{rel}","templated":true}]}}