{"id":117371,"date":"2025-12-15T22:43:08","date_gmt":"2025-12-15T22:43:08","guid":{"rendered":"https:\/\/www.europesays.com\/fi\/117371\/"},"modified":"2025-12-15T22:43:08","modified_gmt":"2025-12-15T22:43:08","slug":"is-opettaja-kuoli-koulun-pihalla-helsingissa-uutissuomalainen","status":"publish","type":"post","link":"https:\/\/www.europesays.com\/fi\/117371\/","title":{"rendered":"IS: Opettaja kuoli koulun pihalla Helsingiss\u00e4 | Uutissuomalainen"},"content":{"rendered":"<p>Opettaja kuoli Palohein\u00e4n ala-asteen koulun pihalla maanantaiaamuna Helsingiss\u00e4, uutisoi <a href=\"https:\/\/www.is.fi\/kotimaa\/art-2000011693769.html\" rel=\"nofollow noopener\" target=\"_blank\">Ilta-Sanomat<\/a>. Tiedon vahvistaa koulun rehtori <strong>Satu Arokari<\/strong>.<\/p>\n<p>Arokarin mukaan opettaja kuoli sairauskohtaukseen ennen oppilaiden saapumista kouluun. Oppilaat ohjattiin kouluun eri puolelta rakennusta siihen asti, ett\u00e4 pelastushenkil\u00f6kunta poistui paikalta.<\/p>\n<p>\u2013\u2009Ty\u00f6yhteis\u00f6 on saanut keskusteluapua. Koulup\u00e4iv\u00e4 keskeytettiin kello 12, Arokari sanoo IS:lle.<\/p>\n<p>Tiistaina kouluty\u00f6n on m\u00e4\u00e4r\u00e4 jatkua normaalisti.<\/p>\n","protected":false},"excerpt":{"rendered":"Opettaja kuoli Palohein\u00e4n ala-asteen koulun pihalla maanantaiaamuna Helsingiss\u00e4, uutisoi Ilta-Sanomat. Tiedon vahvistaa koulun rehtori Satu Arokari. Arokarin mukaan&hellip;\n","protected":false},"author":2,"featured_media":117372,"comment_status":"","ping_status":"","sticky":false,"template":"","format":"standard","meta":{"footnotes":""},"categories":[5],"tags":[22,23,26,27,33,31,30,17,104,615,96,757,24,25,28,29,15,5443,617,18,21,103,32,19,20,16],"class_list":{"0":"post-117371","1":"post","2":"type-post","3":"status-publish","4":"format-standard","5":"has-post-thumbnail","7":"category-otsikot","8":"tag-breaking-news","9":"tag-breakingnews","10":"tag-featured-news","11":"tag-featurednews","12":"tag-fi","13":"tag-finland","14":"tag-finnish","15":"tag-headlines","16":"tag-helsinki","17":"tag-koulut","18":"tag-koulutus","19":"tag-koulutus-ja-kasvatus","20":"tag-latest-news","21":"tag-latestnews","22":"tag-main-news","23":"tag-mainnews","24":"tag-news","25":"tag-opiskeleminen","26":"tag-opiskelijat-ja-oppilaat","27":"tag-otsikot","28":"tag-paauutiset","29":"tag-sosiaalikysymykset","30":"tag-suomi","31":"tag-top-stories","32":"tag-topstories","33":"tag-uutiset"},"share_on_mastodon":{"url":"https:\/\/pubeurope.com\/@fi\/115726005238051360","error":""},"_links":{"self":[{"href":"https:\/\/www.europesays.com\/fi\/wp-json\/wp\/v2\/posts\/117371","targetHints":{"allow":["GET"]}}],"collection":[{"href":"https:\/\/www.europesays.com\/fi\/wp-json\/wp\/v2\/posts"}],"about":[{"href":"https:\/\/www.europesays.com\/fi\/wp-json\/wp\/v2\/types\/post"}],"author":[{"embeddable":true,"href":"https:\/\/www.europesays.com\/fi\/wp-json\/wp\/v2\/users\/2"}],"replies":[{"embeddable":true,"href":"https:\/\/www.europesays.com\/fi\/wp-json\/wp\/v2\/comments?post=117371"}],"version-history":[{"count":0,"href":"https:\/\/www.europesays.com\/fi\/wp-json\/wp\/v2\/posts\/117371\/revisions"}],"wp:featuredmedia":[{"embeddable":true,"href":"https:\/\/www.europesays.com\/fi\/wp-json\/wp\/v2\/media\/117372"}],"wp:attachment":[{"href":"https:\/\/www.europesays.com\/fi\/wp-json\/wp\/v2\/media?parent=117371"}],"wp:term":[{"taxonomy":"category","embeddable":true,"href":"https:\/\/www.europesays.com\/fi\/wp-json\/wp\/v2\/categories?post=117371"},{"taxonomy":"post_tag","embeddable":true,"href":"https:\/\/www.europesays.com\/fi\/wp-json\/wp\/v2\/tags?post=117371"}],"curies":[{"name":"wp","href":"https:\/\/api.w.org\/{rel}","templated":true}]}}