{"id":117380,"date":"2025-12-15T23:03:08","date_gmt":"2025-12-15T23:03:08","guid":{"rendered":"https:\/\/www.europesays.com\/fi\/117380\/"},"modified":"2025-12-15T23:03:08","modified_gmt":"2025-12-15T23:03:08","slug":"monika-fagerholm-ei-halunnut-myontaa-olevansa-rakastunut","status":"publish","type":"post","link":"https:\/\/www.europesays.com\/fi\/117380\/","title":{"rendered":"Monika Fagerholm ei halunnut my\u00f6nt\u00e4\u00e4 olevansa rakastunut"},"content":{"rendered":"<p>Kun <strong>Monika Fagerholm<\/strong> tapasi puolisonsa <strong>Hilding Nylundin<\/strong>, oli Monika miltei nelikymppinen ja Hilding viisikymppinen. Hilding oli my\u00f6s ehtinyt k\u00e4yd\u00e4 l\u00e4pi avioeron ja h\u00e4nell\u00e4 oli kolme lasta.<\/p>\n<p>Monika paljastaa Kotiliedess\u00e4 ajatelleensa, ett\u00e4 he tulivat t\u00e4ysin eri maailmoista: toinen oli kansakoulupohjainen ty\u00f6l\u00e4inen, toinen tuli Helsingin akateemisista kirjallisuuspiireist\u00e4.<\/p>\n<p>Vaikka kummankaan ty\u00f6st\u00e4 ei puhuttu \u2013 ei kirjallisuudesta eik\u00e4 rakentamisesta \u2013 juttua riitti.<\/p>\n<p>\u201dOikeastaan meit\u00e4 yhdisti se, ettei meill\u00e4 ole mit\u00e4\u00e4n yhteist\u00e4. Niinp\u00e4 kiinnostuimme uusista asioista, ja molempien el\u00e4m\u00e4npiiri laajeni melkoisesti\u201d, Monika muistelee Kotiliedess\u00e4.<\/p>\n<p>Sittenkin vain kavereita?<\/p>\n<p>Tutustumisen j\u00e4lkeen parin yhdess\u00e4olo oli pitk\u00e4\u00e4n vain kaveruutta. Seurustelu alkoi runsaan vuoden kuluttua tapaamisesta.<\/p>\n<p>\u201dEi ollut helppoa my\u00f6nt\u00e4\u00e4 itselle eik\u00e4 toiselle, ett\u00e4 taidanpa olla rakastunut. Pelotti, saanko vastarakkautta. Merkitt\u00e4v\u00e4 juttu oli, kun tytt\u00e4reni sai lapsen ja minusta tuli isois\u00e4. Monika toi minulle silloin kolmetoista ruusua. Ajattelin, ett\u00e4 taitaa se tyk\u00e4t\u00e4 minusta\u201d, Hilding kertoo Kotiliedess\u00e4.<\/p>\n<p>Samana syksyn\u00e4 Monika l\u00e4hti ty\u00f6matkalle Islantiin. Siell\u00e4 h\u00e4n tajusi ik\u00e4v\u00f6iv\u00e4ns\u00e4 Hildingi\u00e4 ja olevansa rakastunut.<\/p>\n<p>Matkan j\u00e4lkeen rakastumisesta tuli t\u00e4ytt\u00e4 totta. Pariskunta muistelee huvittuneena koko el\u00e4m\u00e4n olleen seuraavina kuukausina sekaisin.<\/p>\n<p>\u201dSe oli kuin psykoosi, en saanut tehty\u00e4 t\u00f6it\u00e4, en osannut nukkua. Keskityimme vain toisiimme ja koko maailma oli mullin mallin.\u201d<\/p>\n<p>Molemmat ajattelevat, ett\u00e4 oli kaikin puolin hyv\u00e4, kun huuma laantui ja el\u00e4m\u00e4 palautui viimein normaaliksi. Hurmiorakastuminen antoi kuitenkin vahvuutta ja luottamusta tulevaan.<\/p>\n<p>\u201dRakkautta tuli kertaheitolla niin, ett\u00e4 sit\u00e4 riitt\u00e4\u00e4 koko loppuel\u00e4m\u00e4ksi\u201d, Hilding sanoo.<\/p>\n<p>Monika Fagerholm uppoutuu kirjoitusty\u00f6h\u00f6n<\/p>\n<p>Pariskunta meni naimisiin vuonna 2008, ja nyky\u00e4\u00e4n he asuvat Hildingin rakentamassa talossa. Parasta el\u00e4m\u00e4ss\u00e4 on Monikan mukaan hyv\u00e4 arki.<\/p>\n<p>Yhteisi\u00e4 lapsia ei ole, sill\u00e4 Monika ei koskaan ole haaveillut j\u00e4lkikasvusta.<\/p>\n<p>\u201dOlen silti iloinen, ett\u00e4 Hildingin kautta saan nauttia t\u00e4st\u00e4kin puolesta perhe-el\u00e4m\u00e4\u00e4. Ihailen sit\u00e4, kuinka lapsirakas h\u00e4n on.\u201d<\/p>\n<p>Monika Fagerholm sai <a href=\"https:\/\/kirjasaatio.fi\/finlandia\/kaunokirjallisuuden-finlandia\" rel=\"nofollow noopener\" target=\"_blank\">kaunokirjallisuuden Finlandia-pal<\/a><a href=\"https:\/\/kirjasaatio.fi\/finlandia\/kaunokirjallisuuden-finlandia\" target=\"_blank\" rel=\"noreferrer noopener nofollow\">k<\/a><a href=\"https:\/\/kirjasaatio.fi\/finlandia\/kaunokirjallisuuden-finlandia\" rel=\"nofollow noopener\" target=\"_blank\">innon<\/a> vuonna 2025. Sit\u00e4 ennen h\u00e4n on ollut Finlandia-ehdokkaana jo kahdesti. Ty\u00f6 kirjailijana ty\u00f6 ei aina ole helppoa, ja etenkin teoksen viimeistely vaatii veronsa my\u00f6s kotona.<\/p>\n<p>\u201dKirjan loppurutistus oli t\u00e4ll\u00e4kin kertaa melkoinen, joten nautiskelemme palaamisesta hyv\u00e4\u00e4n arkeen\u201d, Monika summaa Kotiliedess\u00e4.<\/p>\n<p>My\u00f6s Hilding on iloinen siit\u00e4, ett\u00e4 on saanut vaimonsa takaisin.<\/p>\n<p>\u201dKun Monika viimeistelee kirjaansa, h\u00e4n on kuin eri ihminen. Onneksi olemme olleet niin pitk\u00e4\u00e4n yhdess\u00e4, ett\u00e4 tied\u00e4n, ett\u00e4 se vaihe menee ohitse. Rakastan h\u00e4nt\u00e4 niin paljon, ett\u00e4 kest\u00e4n rasittavankin puolen. Luotan, ett\u00e4 h\u00e4n palaa aina takaisin ihanaksi itsekseen.\u201d<\/p>\n<p><a href=\"https:\/\/seura.fi\/ilmiot\/tarinat\/kirjailija-monika-fagerholm-tutustui-itseensa-uudestaan-juomisen-lopettamisen-jalkeen\/\" rel=\"nofollow noopener\" target=\"_blank\">Lue my\u00f6s: Kirjailija Monika Fagerholm oli mestari salaamaan juomistaan ennen kuin raitistui: \u201dSain el\u00e4m\u00e4ni takaisin \u2013 itseeni tutustuminen on ollut mielenkiintoinen matka\u201d<\/a><\/p>\n","protected":false},"excerpt":{"rendered":"Kun Monika Fagerholm tapasi puolisonsa Hilding Nylundin, oli Monika miltei nelikymppinen ja Hilding viisikymppinen. Hilding oli my\u00f6s ehtinyt&hellip;\n","protected":false},"author":2,"featured_media":117381,"comment_status":"","ping_status":"","sticky":false,"template":"","format":"standard","meta":{"footnotes":""},"categories":[130],"tags":[137,33,31,30,2001,3085,1496,3077,7678,32,109],"class_list":{"0":"post-117380","1":"post","2":"type-post","3":"status-publish","4":"format-standard","5":"has-post-thumbnail","7":"category-viihde","8":"tag-entertainment","9":"tag-fi","10":"tag-finland","11":"tag-finnish","12":"tag-kirjailijat","13":"tag-kotiliesi","14":"tag-parisuhde","15":"tag-raitistuminen","16":"tag-rakastuminen","17":"tag-suomi","18":"tag-viihde"},"share_on_mastodon":{"url":"https:\/\/pubeurope.com\/@fi\/115726083857904398","error":""},"_links":{"self":[{"href":"https:\/\/www.europesays.com\/fi\/wp-json\/wp\/v2\/posts\/117380","targetHints":{"allow":["GET"]}}],"collection":[{"href":"https:\/\/www.europesays.com\/fi\/wp-json\/wp\/v2\/posts"}],"about":[{"href":"https:\/\/www.europesays.com\/fi\/wp-json\/wp\/v2\/types\/post"}],"author":[{"embeddable":true,"href":"https:\/\/www.europesays.com\/fi\/wp-json\/wp\/v2\/users\/2"}],"replies":[{"embeddable":true,"href":"https:\/\/www.europesays.com\/fi\/wp-json\/wp\/v2\/comments?post=117380"}],"version-history":[{"count":0,"href":"https:\/\/www.europesays.com\/fi\/wp-json\/wp\/v2\/posts\/117380\/revisions"}],"wp:featuredmedia":[{"embeddable":true,"href":"https:\/\/www.europesays.com\/fi\/wp-json\/wp\/v2\/media\/117381"}],"wp:attachment":[{"href":"https:\/\/www.europesays.com\/fi\/wp-json\/wp\/v2\/media?parent=117380"}],"wp:term":[{"taxonomy":"category","embeddable":true,"href":"https:\/\/www.europesays.com\/fi\/wp-json\/wp\/v2\/categories?post=117380"},{"taxonomy":"post_tag","embeddable":true,"href":"https:\/\/www.europesays.com\/fi\/wp-json\/wp\/v2\/tags?post=117380"}],"curies":[{"name":"wp","href":"https:\/\/api.w.org\/{rel}","templated":true}]}}